{"id":1041,"date":"2023-02-22T07:16:09","date_gmt":"2023-02-22T07:16:09","guid":{"rendered":"https:\/\/aquileingiro.net\/?p=1041"},"modified":"2026-03-10T18:32:08","modified_gmt":"2026-03-10T17:32:08","slug":"a-social-brekken","status":"publish","type":"post","link":"https:\/\/aquileingiro.net\/?p=1041","title":{"rendered":"A-social Brekken: cronaca di un\u2019evasione su strade bianche. Anche."},"content":{"rendered":"\n<p>Febbraio 2025<\/p>\n\n\n\n<p><br>Finalmente il cielo svela  un po&#8217; di sole come promesso dalle previsioni meteo.<\/p>\n\n\n\n<p><br>La sera precedente avevo fiduciosamente abbozzato tre idee diverse per un possibile giro. <br>Punti cardinali totalmente diversi. Quando si hanno le idee chiare..<br><strong>Abbiamo tutti un milione di cose da fare, da sistemare. Nuove, accumulate, arretrate, fossilizzate<\/strong>.<br>Nella vita e a 360 gradi.<br>Il tempo corre. Il &#8220;collega&#8221; di uscite in moto &#8220;ad cazzum&#8221; oggi \u00e8 al lavoro. Mia moglie ko.<\/p>\n\n\n\n<figure class=\"wp-block-pullquote has-source-serif-pro-font-family advgb-dyn-12f4e4f7\" style=\"padding-top:var(--wp--preset--spacing--30);padding-bottom:var(--wp--preset--spacing--30);font-style:italic;font-weight:500\"><blockquote><p><\/p><cite><em>Ho sempre pi\u00f9 la certezza che ci stiamo fottendo il tempo.<br>E uscire in moto \u00e8 ancora uno dei migliori modi per vivere una giornata.<\/em><\/cite><\/blockquote><\/figure>\n\n\n\n<p>Fa freddo. Attendo che l&#8217;aria scaldi un po&#8217; per partire. <br><br>Scendo nel box e sono talmente in &#8220;sforma&#8221; che impreco nell&#8217; infilare la spalla destra nel giubbotto. E siccome mi riesce bene ,vedo di dimenticarmi il paraschiena per ripetere il tutto con letizia fino ad arrivare a strizzare gli occhi dal dolore. Cosa mi dice il medico ? non lo so..rimandato ancora&#8230;.<\/p>\n\n\n\n<p><\/p>\n\n\n\n<p><br>Quando la mano finalmente sbuca vittoriosa dalla manica e la spalla trova il riparo della protezione sagomata del giubbotto, tiro un sospiro di sollievo e sono soddisfatto della gloriosa operazione ginnica.. <strong>mi sento lo Yuri Chechi del Box<\/strong>. Ola del cane che abbaia..festeggia e si congratula.<br><br><strong>Soddisfazione che dura giusto 5 secondi<\/strong>. Il trapuntino interno \u00e8 rimasto appoggiato sulla sella della moto. Ripeto &#8220;gaio&#8221; il togli e metti per apporre suddetta imbottitura e il buon senso vorrebbe che l&#8217;articolazione si muovesse finalmente un po&#8217; meglio e invece \u00e8 ancora peggio. <\/p>\n\n\n\n<div style=\"height:33px\" aria-hidden=\"true\" class=\"wp-block-spacer\"><\/div>\n\n\n\n<p>Concludo la vestizione da cavaliere errante con l&#8217;inserimento degli occhiali da vista , ulteriore ammenicolo fastidioso , sotto al casco, e poi i guantini. Leggeri. Perch\u00e8 &#8220;<strong>NOI abbiamo paramani e le manopole riscaldate&#8230;<\/strong>&#8221; (prendere nota&#8230;paramani)<\/p>\n\n\n\n<blockquote class=\"wp-block-quote is-layout-flow wp-block-quote-is-layout-flow\">\n<p><\/p>\n<\/blockquote>\n\n\n\n<p>Al terzo &#8220;tempo&#8221; anche la mia cagnolina mi manda a quel paese e sale le scale e cos\u00ec scende mia moglie a vedere che non sia svenuto e capisco dallo sguardo compassionevole quanto ancora mi vuole bene..e lo sguardo sapete tutti che parla.. (tradotto in &#8220;<strong>poraccio&#8230;.ma dove vuole andare ? mah&#8230;contento lui..vai vai&#8230;pure<\/strong>&#8220;)<\/p>\n\n\n\n<p><br>Bascula aperta non senza soffrire nuovamente, accendo finalmente il guzzino, richiudo il box e parto lemme lemme dopo avere impostato la traccia per arrivare in provincia di Lodi al primo <a href=\"https:\/\/www.facebook.com\/groups\/229652837447312\/posts\/2026605684418676\/\" title=\"\">&#8220;treffen sul fiume Po&#8221;<\/a>. E dannazione non c&#8217;\u00e8 una volta che non mi <a href=\"https:\/\/www.youtube.com\/watch?v=VlgRiXHQ6B8\" title=\"\">venga in mente sta oscenit\u00e0&#8230;<\/a><\/p>\n\n\n\n<p><br><\/p>\n\n\n\n<h2 class=\"wp-block-heading\">Pernottamento si o no ?<\/h2>\n\n\n\n<p><\/p>\n\n\n\n<div style=\"height:49px\" aria-hidden=\"true\" class=\"wp-block-spacer\"><\/div>\n\n\n\n<p>Non ho alcuna intenzione di fermami a dormire e quindi non ho caricato tenda etc.. Con gli acciacchi attuali anche volendo non ce la farei.. e poi non \u00e8 esattamente la <strong>tipologia di &#8220;incontro&#8221;<\/strong> a me affine.<br>Mi chiedo se in realt\u00e0 ne esista uno. <strong>Praticamente dovrebbe essere un &#8220;monoraduno&#8221;. il mio..<\/strong><br><br>Nei &#8220;treffen&#8221; in particolare \u00e8 davvero bello il clima di convivialit\u00e0, la sera che scende , i fal\u00f2, i racconti dei viaggiatori.<br><br><em>Poich\u00e8 in Italia <strong>non siamo per nulla<\/strong> , ma proprio per nulla <strong>esterofil<\/strong><\/em><strong>i<\/strong>, abbiamo assunto ad uso comune il termine &#8220;<strong>treffen<\/strong>&#8221; per definire qualunque sorta di assembramento su ruote che abbia luogo in <strong>inverno<\/strong>, possibilmente in luoghi freddi meglio ancora se innevati. <mark style=\"background-color:#8ed1fc\" class=\"has-inline-color\"><strong>Treffen = Incontro<\/strong>. Punto<\/mark>.Ed \u00e8 noto il motivo. Il riferimento ad uno dei raduni invernali pi\u00f9 celebri in assoluto che si svolge in Germania vedi Elefanten Treffen.<br>Alcuni (pochi per fortuna) tra coloro che usano il termine treffen &#8220;sui social&#8221; non riescono nemmeno con l&#8217;ausilio degli strumenti moderni a scrivere la coniugazione presente del verbo avere . Sciorinano per\u00f2 orgogliosi termini esteri che sei tu quello che NON SA. Ovvero se non lo sai , &#8220;SALLO&#8230;&#8221;<br><br><strong>Rispetto i partecipanti di questi gelidi ed arditi eventi<\/strong>. Ma li lascio in versione integrale agli altri. <br>E&#8217; quasi sempre estremamente e molto ma davvero <strong>moltissimissimo meno bello<\/strong> per ME il <strong>momento &#8220;igienico&#8221; nelle toilettes<\/strong>. O nella toilette. Una e una sola in questo caso e per fortuna fisica e non chimica. <br>Visto il numero di presenti il bisognino frontale viene evaso educatamente nella campagna in passeggiata&#8230;da me come da altri.<\/p>\n\n\n\n<div style=\"height:58px\" aria-hidden=\"true\" class=\"wp-block-spacer\"><\/div>\n\n\n\n<figure class=\"wp-block-image size-large\"><img loading=\"lazy\" decoding=\"async\" width=\"1024\" height=\"541\" src=\"https:\/\/aquileingiro.net\/wp-content\/uploads\/2023\/02\/wcchimico-1024x541.jpg\" alt=\"\" class=\"wp-image-5503\" srcset=\"https:\/\/aquileingiro.net\/wp-content\/uploads\/2023\/02\/wcchimico-1024x541.jpg 1024w, https:\/\/aquileingiro.net\/wp-content\/uploads\/2023\/02\/wcchimico-300x158.jpg 300w, https:\/\/aquileingiro.net\/wp-content\/uploads\/2023\/02\/wcchimico-768x406.jpg 768w, https:\/\/aquileingiro.net\/wp-content\/uploads\/2023\/02\/wcchimico.jpg 1424w\" sizes=\"auto, (max-width: 1024px) 100vw, 1024px\" \/><\/figure>\n\n\n\n<p><br><\/p>\n\n\n\n<div style=\"height:58px\" aria-hidden=\"true\" class=\"wp-block-spacer\"><\/div>\n\n\n\n<p><br>WC: questo \u00e8 decisamente il principale essenziale fondamentale e decisivo motivo per il quale <strong>non pernotto..in &#8220;<em>latrina mode<\/em>&#8220;.<\/strong><\/p>\n\n\n\n<p>La tenda che ho usato e <strong>continuo ad usare girando in Europa <\/strong>non \u00e8 l&#8217;ostacolo. <br>Il fatto di entrare in una maleodorante e zozza cabina di plastica, venduta come wc chimico&#8230;SI.<br>Definiti i <strong>miei e solo miei limiti&#8230;<\/strong>di cui sopra, con la scusa dell&#8217;evento a fine benefico seguo quindi la traccia sul navigatore e sono presto lontano dal traffico in direzione Corno Giovine. Luogo a me totalmente sconosciuto.<br><\/p>\n\n\n\n<hr class=\"wp-block-separator has-alpha-channel-opacity\"\/>\n\n\n\n<p><br><\/p>\n\n\n\n<p><\/p>\n\n\n\n<h2 class=\"wp-block-heading\">Oltre il bitume: quando la Moto Guzzi incontra la terra<\/h2>\n\n\n\n<div style=\"height:52px\" aria-hidden=\"true\" class=\"wp-block-spacer\"><\/div>\n\n\n\n<p>Ecco , quando dico che parto a fare un giro e avviso che percorro stradine , molti mi dicono &#8220;eh si anche io!&#8221;<br>Nella stragrande maggioranza dei casi non lo \u00e8. <br>Esperienza mi dice ci sono diverse grosse tipologie di &#8220;compagni&#8221;.<\/p>\n\n\n\n<p><br>&#8211; Coloro che si stufano, perch\u00e8 vogliono &#8220;andare&#8221; su asfalto e ad allegre andature.<\/p>\n\n\n\n<p>&#8211; Coloro che pensavano di fare un rally insieme a Cerrutti e Botturi .<br>&#8211; Coloro che &#8220;sporco e rovino la moto&#8221;. A prescindere dal valore e dal mezzo.<br>&#8211; Coloro che devono tornare entro le&#8230;e che non possono partire prima delle..<br><br><\/p>\n\n\n\n<div style=\"height:37px\" aria-hidden=\"true\" class=\"wp-block-spacer\"><\/div>\n\n\n\n<figure class=\"wp-block-image size-large\"><img loading=\"lazy\" decoding=\"async\" width=\"1024\" height=\"541\" src=\"http:\/\/aquileingiro.net\/wp-content\/uploads\/2023\/02\/4tipologie-1024x541.jpg\" alt=\"Vignetta comics ironica stile Tintin su 4 tipologie di motociclisti Moto Guzzi A-social Brekken.\" class=\"wp-image-5486\" srcset=\"https:\/\/aquileingiro.net\/wp-content\/uploads\/2023\/02\/4tipologie-1024x541.jpg 1024w, https:\/\/aquileingiro.net\/wp-content\/uploads\/2023\/02\/4tipologie-300x158.jpg 300w, https:\/\/aquileingiro.net\/wp-content\/uploads\/2023\/02\/4tipologie-768x406.jpg 768w, https:\/\/aquileingiro.net\/wp-content\/uploads\/2023\/02\/4tipologie.jpg 1424w\" sizes=\"auto, (max-width: 1024px) 100vw, 1024px\" \/><\/figure>\n\n\n\n<div style=\"height:46px\" aria-hidden=\"true\" class=\"wp-block-spacer\"><\/div>\n\n\n\n<p>In comune comunque tutte le <strong>categorie assimilabili <\/strong>a quelle sopra indicate, mi mandano a quel paese e poi buon per loro e anche per me ognuno prosegue per conto proprio. Dopo aver riempito zaini interi di epiteti in anni, a parte qualche sciagurato come me, non avviso pi\u00f9 il gruppo ne il motoclub. Mi epiteto abbastanza da solo.<\/p>\n\n\n\n<p><br>Caratteristiche ulteriori che disincentivano: <br>Nei giri <strong><mark style=\"background-color:#FCC263\" class=\"has-inline-color\">&#8220;<em>brekkenstrasse<\/em>&#8220;<\/mark><\/strong> (in onore ironicamente al gergo teutonico e mix dialettale)<\/p>\n\n\n\n<p><\/p>\n\n\n\n<ul class=\"wp-block-list\">\n<li>non ci sono piazzali in cui fermarsi e mostrare la moto<\/li>\n\n\n\n<li>gallerie in cui enfatizzare il rombo di uno scarico senza dbkiller facendo a gara del truzzo pi\u00f9 rumoroso<\/li>\n\n\n\n<li>bar affollati in cui bere un caff\u00e8 e raccontare a voce alta le imprese dell&#8217;ultima curva in piega..che confronto a loro quelli della motogp sono veri dilettanti..<\/li>\n\n\n\n<li>pausa &#8220;siga&#8221;<\/li>\n\n\n\n<li>pasti al ristorante<\/li>\n\n\n\n<li>pausa benzina (sto cazzo parti al mattino fallo subito il pieno!)<\/li>\n\n\n\n<li>kit faretti anteriori da millemila Watts rigorosamente da accendere perch\u00e8 mi vedono meglio.. (no sperimentato&#8230;le nutrie le incuriosisci e cercano il contatto con la gomma anteriore..sotto) <\/li>\n<\/ul>\n\n\n\n<div style=\"height:59px\" aria-hidden=\"true\" class=\"wp-block-spacer\"><\/div>\n\n\n\n<figure class=\"wp-block-image size-large\"><img loading=\"lazy\" decoding=\"async\" width=\"1024\" height=\"541\" src=\"http:\/\/aquileingiro.net\/wp-content\/uploads\/2023\/02\/cosalioattende-1024x541.jpg\" alt=\"Vignetta comics ironica stile Tintin su 4 'anti-luoghi' del motociclista Adventure Moto Guzzi.\" class=\"wp-image-5487\" srcset=\"https:\/\/aquileingiro.net\/wp-content\/uploads\/2023\/02\/cosalioattende-1024x541.jpg 1024w, https:\/\/aquileingiro.net\/wp-content\/uploads\/2023\/02\/cosalioattende-300x158.jpg 300w, https:\/\/aquileingiro.net\/wp-content\/uploads\/2023\/02\/cosalioattende-768x406.jpg 768w, https:\/\/aquileingiro.net\/wp-content\/uploads\/2023\/02\/cosalioattende.jpg 1424w\" sizes=\"auto, (max-width: 1024px) 100vw, 1024px\" \/><\/figure>\n\n\n\n<p><br>Alla fine nei giri &#8220;brekkenStrasse&#8221;  sei tu (io) , la moto e la quiete. <\/p>\n\n\n\n<p><br>Amo i percorsi come questo (anche). Un misto di<strong> stradine e tratti non asfaltati nelle provincie italiane , paesini e contrade<\/strong>. Li ho sempre amati. Da quando sono salito in moto, mi sono sempre infilato lungo stradine in campagne e montagna. E a volte non ne sono nemmeno uscito da tali &#8220;infilate&#8221; se non con l&#8217;aiuto di qualcuno.<\/p>\n\n\n\n<div style=\"height:55px\" aria-hidden=\"true\" class=\"wp-block-spacer\"><\/div>\n\n\n\n<p><br>Ora<strong> imperversano divieti un po&#8217; ovunque<\/strong>. Triste. Come al solito il comportamento di pochi danneggia una categoria intera. Ma ci sono luoghi che \u00e8 bello siano ancora percorribili. E ancora mi ci infilo. E non ho imparato tantissimo. A volte , ma pi\u00f9 raramente ancora mi trovo nei pasticci&#8230;e come dice il Ciaccia <strong>si zampetta<\/strong>!<br>Peccato per\u00f2 avere una gamba senza legamenti&#8230;praticamente si..sono un bel rottame.<\/p>\n\n\n\n<p>Ci aggiungi un fisico da peso massimo e <strong>le prestazioni mie in sella sono divertenti<\/strong>. <strong>Per chi guarda si intende<\/strong>&#8230;che si diverte proprio!<br><br><\/p>\n\n\n\n<h2 class=\"wp-block-heading\">A-social Brekken: Il lato &#8220;Unpaved&#8221; della Moto Guzzi<\/h2>\n\n\n\n<div style=\"height:45px\" aria-hidden=\"true\" class=\"wp-block-spacer\"><\/div>\n\n\n\n<p><br>Solito <strong>pianificare sulle mappe online<\/strong> nuovi itinerari , va da s\u00e8 che non conosci i luoghi e solo ed inesorabilmente quando arrivi sulla &#8220;stradina&#8221; bianca con le ruote la scopri realmente com&#8217;\u00e8.<br>&#8220;Oh&#8230;..Bellissima! &#8221; Pensi si avere fatto centro.<br>Essa ti ammalia..prosegui trotterellando godendoti la stradella nel suo dipanarsi nella oggi placida pianura. Poi dispettosa si svela in tutta la sua reale &#8220;magnificenza..&#8221; di <strong>viscida ed indisiosa argilla&#8230;marrone<\/strong>!<br><\/p>\n\n\n\n<p><br><\/p>\n\n\n\n<figure class=\"wp-block-image size-large has-custom-border is-style-rounded\"><img loading=\"lazy\" decoding=\"async\" width=\"1024\" height=\"763\" src=\"http:\/\/aquileingiro.net\/wp-content\/uploads\/2025\/02\/IMG_20250215_113424_MP-1024x763.jpg\" alt=\"\" class=\"wp-image-1059\" style=\"border-radius:22px\" srcset=\"https:\/\/aquileingiro.net\/wp-content\/uploads\/2025\/02\/IMG_20250215_113424_MP-1024x763.jpg 1024w, https:\/\/aquileingiro.net\/wp-content\/uploads\/2025\/02\/IMG_20250215_113424_MP-300x224.jpg 300w, https:\/\/aquileingiro.net\/wp-content\/uploads\/2025\/02\/IMG_20250215_113424_MP-768x572.jpg 768w, https:\/\/aquileingiro.net\/wp-content\/uploads\/2025\/02\/IMG_20250215_113424_MP.jpg 1280w\" sizes=\"auto, (max-width: 1024px) 100vw, 1024px\" \/><\/figure>\n\n\n\n<p><\/p>\n\n\n\n<div style=\"height:75px\" aria-hidden=\"true\" class=\"wp-block-spacer\"><\/div>\n\n\n\n<p>Sei da solo,hai una spalla ko e l&#8217;altra quasi. <strong>Ti sei gi\u00e0 infangato una volta..<\/strong>.solo 10 minuti prima.<br>Cerchi l&#8217;alternativa meno impegnativa ma sempre<strong> <em>brekkenstrasse-Mode<\/em><\/strong>&#8230;<em>navigando a vista.<\/em><br><strong>Quella che si ha&#8230;di vista<\/strong>. Un po&#8217; scarsa&#8230;per cui &#8230;si va dove si va..<\/p>\n\n\n\n<p><\/p>\n\n\n\n<p><br><\/p>\n\n\n\n<p>Il GPS nel frattempo vorrebbe che tu svoltassi ora a destra attraversando un fosso&#8230;ora a sinistra abbattendo una sbarra metallica..per passare in un campo coltivato ed \u00e8 allora che il tuo senso di orientamento ti riporta con grandi colpi di culo ma non sempre.. a sterrati percorribili.<\/p>\n\n\n\n<div style=\"height:22px\" aria-hidden=\"true\" class=\"wp-block-spacer\"><\/div>\n\n\n\n<p class=\"has-source-serif-pro-font-family has-large-font-size\"><em>Non solo il mio GPS \u00e8 dotato di intelligenza artificiale..ma \u00e8 stato dotato anche di uno spiccato senso dell&#8217;umorismo.<\/em><br><\/p>\n\n\n\n<div style=\"height:30px\" aria-hidden=\"true\" class=\"wp-block-spacer\"><\/div>\n\n\n\n<blockquote class=\"wp-block-quote is-layout-flow wp-block-quote-is-layout-flow\"><\/blockquote>\n\n\n\n<p>Frattanto quelli che dovevano essere pochi km sono triplicati e le pedaline sembrano essere simili ai vasi di argilla del film Ghost<a href=\"https:\/\/www.youtube.com\/watch?v=IYj2hex99gY\" title=\"\">..e scatta il motivetto in testa..<\/a><\/p>\n\n\n\n<div style=\"height:38px\" aria-hidden=\"true\" class=\"wp-block-spacer\"><\/div>\n\n\n\n<figure class=\"wp-block-image size-large\"><img loading=\"lazy\" decoding=\"async\" width=\"990\" height=\"557\" src=\"https:\/\/aquileingiro.net\/wp-content\/uploads\/2025\/02\/image.jpeg\" alt=\"\" class=\"wp-image-1151\" srcset=\"https:\/\/aquileingiro.net\/wp-content\/uploads\/2025\/02\/image.jpeg 990w, https:\/\/aquileingiro.net\/wp-content\/uploads\/2025\/02\/image-300x169.jpeg 300w, https:\/\/aquileingiro.net\/wp-content\/uploads\/2025\/02\/image-768x432.jpeg 768w\" sizes=\"auto, (max-width: 990px) 100vw, 990px\" \/><\/figure>\n\n\n\n<p><\/p>\n\n\n\n<div style=\"height:51px\" aria-hidden=\"true\" class=\"wp-block-spacer\"><\/div>\n\n\n\n<p><\/p>\n\n\n\n<p>Ma si va&#8230;e si procede, e<strong> il tempo in sella \u00e8 comunque di qualit\u00e0<\/strong>. PER ME.<br>Il &#8220;Leitmotiv&#8221; che mi gira in testa dopo \u00e8 un verso di <a href=\"https:\/\/www.angolotesti.it\/L\/testi_canzoni_ligabue_1027\/testo_canzone_seduto_in_riva_al_fosso_32073.html\" title=\"\">una canzone di Luciano Ligabue<\/a>&#8230;che poi piano piano mi ricostruisco interamente o almeno cos\u00ec credo strada facendo, buca dopo buca, pozzanghera dopo pozzanghera..stradine in cui la costante \u00e8 avere sempre almeno un fosso a lato se non due&#8230;<\/p>\n\n\n\n<div style=\"height:46px\" aria-hidden=\"true\" class=\"wp-block-spacer\"><\/div>\n\n\n\n<p><\/p>\n\n\n\n<p><\/p>\n\n\n\n<figure class=\"wp-block-image aligncenter size-full has-custom-border is-style-rounded\"><img loading=\"lazy\" decoding=\"async\" width=\"711\" height=\"954\" src=\"http:\/\/aquileingiro.net\/wp-content\/uploads\/2025\/02\/po2.jpg\" alt=\"\" class=\"wp-image-1046\" style=\"border-radius:3px\" srcset=\"https:\/\/aquileingiro.net\/wp-content\/uploads\/2025\/02\/po2.jpg 711w, https:\/\/aquileingiro.net\/wp-content\/uploads\/2025\/02\/po2-224x300.jpg 224w\" sizes=\"auto, (max-width: 711px) 100vw, 711px\" \/><figcaption class=\"wp-element-caption\"><em>Una delle soste  su strada bianca nelle campagne padane<\/em>.<\/figcaption><\/figure>\n\n\n\n<p><br>E&#8217; incredibile. Nel pieno del nord italia, in pianura, <strong>trovarsi nel silenzio assoluto tanto da sentire il rumore dell&#8217;acqua nel fosso<\/strong>.<\/p>\n\n\n\n<p><\/p>\n\n\n\n<div style=\"height:60px\" aria-hidden=\"true\" class=\"wp-block-spacer\"><\/div>\n\n\n\n<p><\/p>\n\n\n\n<div class=\"wp-block-media-text is-stacked-on-mobile\" style=\"padding-top:0;padding-bottom:0;grid-template-columns:55% auto\"><figure class=\"wp-block-media-text__media\"><img loading=\"lazy\" decoding=\"async\" width=\"1024\" height=\"763\" src=\"http:\/\/aquileingiro.net\/wp-content\/uploads\/2025\/02\/po8-1024x763.jpg\" alt=\"\" class=\"wp-image-1100 size-full\" srcset=\"https:\/\/aquileingiro.net\/wp-content\/uploads\/2025\/02\/po8-1024x763.jpg 1024w, https:\/\/aquileingiro.net\/wp-content\/uploads\/2025\/02\/po8-300x224.jpg 300w, https:\/\/aquileingiro.net\/wp-content\/uploads\/2025\/02\/po8-768x572.jpg 768w, https:\/\/aquileingiro.net\/wp-content\/uploads\/2025\/02\/po8.jpg 1280w\" sizes=\"auto, (max-width: 1024px) 100vw, 1024px\" \/><\/figure><div class=\"wp-block-media-text__content\">\n<p class=\"has-vivid-cyan-blue-color has-text-color has-link-color wp-elements-093db7ef31e2f0b357ca72ee6ea108f4\" style=\"font-size:14px\"><em>Ho parcheggiato e camminato non so quanto e non so dove sono, qua<br>ma so soltanto che si sente un buon profumo, un bel silenzio e l&#8217;acqua che va<br>lontano da me, lontano da noi, lontano dalla giostra che non si ferma mai<br>e c&#8217;ho il biglietto s\u00ec ma questa corsa la vorrei lasciare fare a voi<br>solo a voi, la lascio fare a voi,<br>che io sto bene qui, seduto in riva al fosso<br>io sto bene qui, seduto in riva al fosso.<\/em><\/p>\n<\/div><\/div>\n\n\n\n<p><\/p>\n\n\n\n<p><\/p>\n\n\n\n<p>Il mio girovagare in sella \u00e8 oramai consapevolmente particolare e con il passare del tempo mi sono reso conto che molto di quello che piace a me non piace affatto agli altri. Luoghi, tempi soste,ritmi, cambi di programma. <br><br>Percorrer\u00f2 cos\u00ec all&#8217;andata come al ritorno 150km e poich\u00e8 l&#8217;itinerario \u00e8 &#8220;cucito&#8221; anzi <strong>&#8220;scucito&#8221; a mano da me stesso<\/strong>, non incontro una moto che sia una in tutto il tragitto.<\/p>\n\n\n\n<p><br>Qualche trattore, molti volatili meravigliosi a cui purtroppo  non so associare un nome,(mi ci vorrebbe un ornitologo dietro mannaggia ) e tante antiche cascine diroccate . <\/p>\n\n\n\n<div style=\"height:47px\" aria-hidden=\"true\" class=\"wp-block-spacer\"><\/div>\n\n\n\n<p>Esse evocano in me lontanissimi <strong>ricordi di infanzia<\/strong> ,quando in visita da alcuni zii nella bassa bresciana <strong>le nebbie erano autentici muri e il freddo era veramente quello sotto zero<\/strong>. <br>Gente sostanzialmente di umili origini. Onesta. Gente che ha sempre lavorato duramente per vivere. O sopravvivere. Campi e stalla. Altri tempi.<br>Quando avere qualche &#8220;bestia&#8221; nella stalla era comunque tanta &#8220;roba&#8221;.<br><strong>Quando nel fosso con le sorgive in certe zone c&#8217;erano i pesci.<\/strong><\/p>\n\n\n\n<p><br>Poi vennero i capannoni , le industrie. Tra di esse una per la lavorazione dei freni. <strong>L&#8217;amianto. Sparirono campi e bestie.Morirono i pesci.<\/strong><br>Poi sparirono <strong>anche gli operai <\/strong>che vi avevano lavorato. Tutti. Con mali terribili.<br>Scomparve tra atroci dolori anche il mio caro zio. Meccanico. Che ricordo come un figo, con i suoi capelli folti e a spazzola gi\u00e0 bianchi da giovane, con la sua Mini rossa 1300. Una cosa simile:<br><br><\/p>\n\n\n\n<figure class=\"wp-block-image aligncenter size-full has-custom-border is-style-default\"><img loading=\"lazy\" decoding=\"async\" width=\"349\" height=\"466\" src=\"https:\/\/aquileingiro.net\/wp-content\/uploads\/2025\/02\/mini.avif\" alt=\"\" class=\"wp-image-1076\" style=\"border-radius:37px\" srcset=\"https:\/\/aquileingiro.net\/wp-content\/uploads\/2025\/02\/mini.avif 349w, https:\/\/aquileingiro.net\/wp-content\/uploads\/2025\/02\/mini-225x300.avif 225w\" sizes=\"auto, (max-width: 349px) 100vw, 349px\" \/><\/figure>\n\n\n\n<p><br><br>Caro zio sempre di poche parole, eri troppo avanti. Oggi io e mio amato Cuginone e tutta la sua famiglia , nessuno escluso guida una moto. E stiamo bene insieme ogni volta che ci troviamo.<\/p>\n\n\n\n<div style=\"height:42px\" aria-hidden=\"true\" class=\"wp-block-spacer\"><\/div>\n\n\n\n<p>Nel procedere come dicevo sono tantissime le fatiscenti cascine di mattoni in disfacimento, raramente sostituite da ultramoderni stabili con tetti fotovoltaici , dove moderni impianti automatizzati distribuiscono negli allevamenti le razioni.<br><\/p>\n\n\n\n<div style=\"height:31px\" aria-hidden=\"true\" class=\"wp-block-spacer\"><\/div>\n\n\n\n<p>Vorrei avvicinami ad alcun mucche , mi piacciono gli animali in genere,ma cartelli ovunque intimano di stare lontani . <br>Su Netflix prossimamente &#8220;La mucca assassina padana&#8221; ?<\/p>\n\n\n\n<div style=\"height:19px\" aria-hidden=\"true\" class=\"wp-block-spacer\"><\/div>\n\n\n\n<p>Tra soste e cazzeggi proseguo.<\/p>\n\n\n\n<p><br><strong>Qualche &#8220;leggero&#8221; ripensamento tra me e me si fa strada<\/strong>,riguardo questo &#8220;ameno&#8221; tragitto; perch\u00e8 se dal punto di vista paesaggistico \u00e8 PER ME bellissimo,fisicamente ho la sensazione di sentirmi come uno di quegli inutili e sottodimensionati deumidificatori posto in luoghi fradici..e io non potevo certamente fare di meglio per i miei acciacchi che passare tra le anse di <strong>Oglio, Adda e Po<\/strong> e nel migliore dei casi dei fossi.<br>Per farla completa, <strong>i giorni precedenti aveva anche piovuto<\/strong>. <br>Dovrei avere oltre all&#8217;ornitologo anche un paggio al seguito.<br>Si. Un paggio ornitologo. Che quando faccio sosta per scendere, celere mi aiuti ad aprire il ginocchio che rimane spesso in posizione &#8220;locked&#8221;. E quando sono a terra mi dica quello \u00e8 un airone piuttosto di un ibis.<\/p>\n\n\n\n<p class=\"has-text-align-center\" style=\"font-size:clamp(14px, 0.875rem + ((1vw - 3.2px) * 0.455), 18px);\"><br><br><br><em>Che poi magari sembrano tutte uguali ste stradine. E quindi ?<\/em> <\/p>\n\n\n\n<figure class=\"wp-block-image aligncenter size-full has-custom-border is-style-rounded\"><img loading=\"lazy\" decoding=\"async\" width=\"711\" height=\"954\" src=\"http:\/\/aquileingiro.net\/wp-content\/uploads\/2025\/02\/ogli.jpg\" alt=\"\" class=\"wp-image-1045\" style=\"border-radius:21px\" srcset=\"https:\/\/aquileingiro.net\/wp-content\/uploads\/2025\/02\/ogli.jpg 711w, https:\/\/aquileingiro.net\/wp-content\/uploads\/2025\/02\/ogli-224x300.jpg 224w\" sizes=\"auto, (max-width: 711px) 100vw, 711px\" \/><\/figure>\n\n\n\n<div style=\"height:70px\" aria-hidden=\"true\" class=\"wp-block-spacer\"><\/div>\n\n\n\n<p><br><\/p>\n\n\n\n<figure class=\"wp-block-image size-large has-custom-border\"><img loading=\"lazy\" decoding=\"async\" width=\"1024\" height=\"763\" src=\"http:\/\/aquileingiro.net\/wp-content\/uploads\/2025\/02\/oglio-1024x763.jpg\" alt=\"\" class=\"wp-image-1042\" style=\"border-radius:25px\" srcset=\"https:\/\/aquileingiro.net\/wp-content\/uploads\/2025\/02\/oglio-1024x763.jpg 1024w, https:\/\/aquileingiro.net\/wp-content\/uploads\/2025\/02\/oglio-300x224.jpg 300w, https:\/\/aquileingiro.net\/wp-content\/uploads\/2025\/02\/oglio-768x572.jpg 768w, https:\/\/aquileingiro.net\/wp-content\/uploads\/2025\/02\/oglio.jpg 1280w\" sizes=\"auto, (max-width: 1024px) 100vw, 1024px\" \/><\/figure>\n\n\n\n<p style=\"font-size:14px\"><em>Campagne nel pressi dell&#8217;Oglio<\/em><\/p>\n\n\n\n<p><\/p>\n\n\n\n<p><\/p>\n\n\n\n<p><\/p>\n\n\n\n<p>Arrivo nel primo pomeriggio con una piacevole temperatura al raduno, lascio qualcosa per beneficienza senza sottoscrivere alcuna iscrizione. Mi godo la bellissima vista in questa ansa del PO , mentre consumo felicemente il modesto pasto caldo.<\/p>\n\n\n\n<div style=\"height:55px\" aria-hidden=\"true\" class=\"wp-block-spacer\"><\/div>\n\n\n\n<figure class=\"wp-block-image aligncenter size-full has-custom-border\"><img loading=\"lazy\" decoding=\"async\" width=\"711\" height=\"954\" src=\"http:\/\/aquileingiro.net\/wp-content\/uploads\/2025\/02\/po5.jpg\" alt=\"\" class=\"wp-image-1044\" style=\"border-radius:24px\" srcset=\"https:\/\/aquileingiro.net\/wp-content\/uploads\/2025\/02\/po5.jpg 711w, https:\/\/aquileingiro.net\/wp-content\/uploads\/2025\/02\/po5-224x300.jpg 224w\" sizes=\"auto, (max-width: 711px) 100vw, 711px\" \/><\/figure>\n\n\n\n<div style=\"height:57px\" aria-hidden=\"true\" class=\"wp-block-spacer\"><\/div>\n\n\n\n<p><br>Nel contempo un via vai di motociclisti con gilet smanicati carichi di toppe &#8220;al valore&#8221; dei viaggi e dei raduni sfilavano tra tavoli e tende, con diversi scontati clich\u00e8 e stereotipi e che alla fine vanno bene cos\u00ec, fanno giustamente parte del gioco. <br>Un mondo quello della moto in cui ognuno di noi trova il proprio modo di viaggiare , conoscere ed evadere e stare bene. Di aggregarsi. O di restare in disparte.<br><\/p>\n\n\n\n<p>Tutto normale. Molto bello. Ma ..<br>NON MI SONO TOLTO IL GIUBBOTTO&#8230; e poi come sono arrivato , me ne sono tornato a casa con altre variazioni stradali campagnole con<strong> qualche dolore articolare in pi\u00f9 e qualche pensiero pesante in meno<\/strong> e la moto pi\u00f9 zozza di prima.<br><br><\/p>\n\n\n\n<p>Come sar\u00e0 capitato ad alcui di voi su internet a fonte di un giro pubblicato arrivano richieste:<br><br>&#8211; Posizione ? <br>&#8211; Mandami la traccia GPX .<br><br>A parte mancare la modalit\u00e0&#8230; &#8220;per cortesia&#8221; &#8220;potresti&#8230;&#8221;  che non esiste oramai.<\/p>\n\n\n\n<p>&#8220;-No&#8221;<br>E ok, passer\u00f2 per <strong>A-social<\/strong>. Vedi titolo.<br>Che sembra una contraddizione vista questa pagina online.<br><\/p>\n\n\n\n<div style=\"height:52px\" aria-hidden=\"true\" class=\"wp-block-spacer\"><\/div>\n\n\n\n<h2 class=\"wp-block-heading\">Riflessioni a fine corsa: cos&#8217;\u00e8 davvero l&#8217;A-social Brekken<\/h2>\n\n\n\n<p><br><strong>Tra il punto A e il punto B viaggiando in moto c&#8217;\u00e8 sempre un mondo da scoprire. <br>Ognuno dovrebbe avere il proprio secondo una personale modalit\u00e0.<\/strong><\/p>\n\n\n\n<p style=\"font-size:clamp(14px, 0.875rem + ((1vw - 3.2px) * 0.341), 17px);\">Per mille ovvi motivi.<br><br>Buona strada.<br><br><br><em>Nota ..sui paramani!<br>A chi ha disegnato , ma ancora di pi\u00f9 avvallato questa prima versione di  paramani belli quanto inefficienti (che coprono la met\u00e0 dell&#8217;arto )  un sentito &#8220;ringraziamento&#8230;&#8221;<\/em><br><br><em><strong>brekkenStrasse<\/strong><\/em><br>brekken &#8211; <em>Dal veneto brechene&#8230; &#8221; sperdute terre spesso incolte di sterpaglie tra desolate campagne&#8221;<br><\/em><br><\/p>\n\n\n\n<p><a href=\"https:\/\/www.google.com\/url?sa=t&amp;rct=j&amp;q=&amp;esrc=s&amp;source=web&amp;cd=&amp;cad=rja&amp;uact=8&amp;ved=2ahUKEwij2pmIsq6MAxUxywIHHYcdOM0Q78AJegQIDBAB&amp;url=https%3A%2F%2Fwww.youtube.com%2Fwatch%3Fv%3D-TpYjd12eWE&amp;usg=AOvVaw3bdpjyOJgTignhzFgAK7li&amp;opi=89978449\" title=\"\">musica<\/a><\/p>\n\n\n\n<div style=\"height:100px\" aria-hidden=\"true\" class=\"wp-block-spacer\"><\/div>\n\n\n\n<p><\/p>\n\n\n\n<p><a href=\"\/\" title=\"\">Torna<\/a><\/p>\n","protected":false},"excerpt":{"rendered":"<p>Febbraio 2025 Finalmente il cielo svela un po&#8217; di sole come promesso dalle previsioni meteo. La sera precedente avevo fiduciosamente abbozzato tre idee diverse per un possibile giro. Punti cardinali [&hellip;]<\/p>\n","protected":false},"author":1,"featured_media":5459,"comment_status":"open","ping_status":"open","sticky":false,"template":"","format":"standard","meta":{"_eb_attr":"","advgb_blocks_editor_width":"","advgb_blocks_columns_visual_guide":"","_monsterinsights_skip_tracking":false,"_monsterinsights_sitenote_active":false,"_monsterinsights_sitenote_note":"","_monsterinsights_sitenote_category":0,"_uf_show_specific_survey":0,"_uf_disable_surveys":false,"_EventAllDay":false,"_EventTimezone":"","_EventStartDate":"","_EventEndDate":"","_EventStartDateUTC":"","_EventEndDateUTC":"","_EventShowMap":false,"_EventShowMapLink":false,"_EventURL":"","_EventCost":"","_EventCostDescription":"","_EventCurrencySymbol":"","_EventCurrencyCode":"","_EventCurrencyPosition":"","_EventDateTimeSeparator":"","_EventTimeRangeSeparator":"","_EventOrganizerID":[],"_EventVenueID":[],"_OrganizerEmail":"","_OrganizerPhone":"","_OrganizerWebsite":"","_VenueAddress":"","_VenueCity":"","_VenueCountry":"","_VenueProvince":"","_VenueState":"","_VenueZip":"","_VenuePhone":"","_VenueURL":"","_VenueStateProvince":"","_VenueLat":"","_VenueLng":"","_VenueShowMap":false,"_VenueShowMapLink":false,"footnotes":""},"categories":[1],"tags":[108,112,107,110,111,109,113],"class_list":["post-1041","post","type-post","status-publish","format-standard","has-post-thumbnail","hentry","category-blog","tag-aquileingiro","tag-guzzisti","tag-motoguzzi","tag-motoguzzipride","tag-spiritofmandello","tag-stelviov100","tag-visitveneto"],"aioseo_notices":[],"author_meta":{"display_name":"aquileingiro.net","author_link":"https:\/\/aquileingiro.net\/?author=1"},"featured_img":"https:\/\/aquileingiro.net\/wp-content\/uploads\/2023\/02\/asocialbrekken-300x158.png","coauthors":[],"tax_additional":{"categories":{"linked":["<a href=\"https:\/\/aquileingiro.net\/?cat=1\" class=\"advgb-post-tax-term\">Blog<\/a>"],"unlinked":["<span class=\"advgb-post-tax-term\">Blog<\/span>"]},"tags":{"linked":["<a href=\"https:\/\/aquileingiro.net\/?cat=1\" class=\"advgb-post-tax-term\">AquileInGiro<\/a>","<a href=\"https:\/\/aquileingiro.net\/?cat=1\" class=\"advgb-post-tax-term\">Guzzisti<\/a>","<a href=\"https:\/\/aquileingiro.net\/?cat=1\" class=\"advgb-post-tax-term\">MotoGuzzi<\/a>","<a href=\"https:\/\/aquileingiro.net\/?cat=1\" class=\"advgb-post-tax-term\">MotoGuzziPride<\/a>","<a href=\"https:\/\/aquileingiro.net\/?cat=1\" class=\"advgb-post-tax-term\">SpiritOfMandello<\/a>","<a href=\"https:\/\/aquileingiro.net\/?cat=1\" class=\"advgb-post-tax-term\">StelvioV100<\/a>","<a href=\"https:\/\/aquileingiro.net\/?cat=1\" class=\"advgb-post-tax-term\">VisitVeneto<\/a>"],"unlinked":["<span class=\"advgb-post-tax-term\">AquileInGiro<\/span>","<span class=\"advgb-post-tax-term\">Guzzisti<\/span>","<span class=\"advgb-post-tax-term\">MotoGuzzi<\/span>","<span class=\"advgb-post-tax-term\">MotoGuzziPride<\/span>","<span class=\"advgb-post-tax-term\">SpiritOfMandello<\/span>","<span class=\"advgb-post-tax-term\">StelvioV100<\/span>","<span class=\"advgb-post-tax-term\">VisitVeneto<\/span>"]}},"comment_count":"0","relative_dates":{"created":"Pubblicato 3 anni fa","modified":"Aggiornato 2 mesi fa"},"absolute_dates":{"created":"Pubblicato il 22\/02\/2023","modified":"Aggiornato il 10\/03\/2026"},"absolute_dates_time":{"created":"Pubblicato il 22\/02\/2023 07:16","modified":"Aggiornato il 10\/03\/2026 18:32"},"featured_img_caption":"","series_order":"","_links":{"self":[{"href":"https:\/\/aquileingiro.net\/index.php?rest_route=\/wp\/v2\/posts\/1041","targetHints":{"allow":["GET"]}}],"collection":[{"href":"https:\/\/aquileingiro.net\/index.php?rest_route=\/wp\/v2\/posts"}],"about":[{"href":"https:\/\/aquileingiro.net\/index.php?rest_route=\/wp\/v2\/types\/post"}],"author":[{"embeddable":true,"href":"https:\/\/aquileingiro.net\/index.php?rest_route=\/wp\/v2\/users\/1"}],"replies":[{"embeddable":true,"href":"https:\/\/aquileingiro.net\/index.php?rest_route=%2Fwp%2Fv2%2Fcomments&post=1041"}],"version-history":[{"count":141,"href":"https:\/\/aquileingiro.net\/index.php?rest_route=\/wp\/v2\/posts\/1041\/revisions"}],"predecessor-version":[{"id":5527,"href":"https:\/\/aquileingiro.net\/index.php?rest_route=\/wp\/v2\/posts\/1041\/revisions\/5527"}],"wp:featuredmedia":[{"embeddable":true,"href":"https:\/\/aquileingiro.net\/index.php?rest_route=\/wp\/v2\/media\/5459"}],"wp:attachment":[{"href":"https:\/\/aquileingiro.net\/index.php?rest_route=%2Fwp%2Fv2%2Fmedia&parent=1041"}],"wp:term":[{"taxonomy":"category","embeddable":true,"href":"https:\/\/aquileingiro.net\/index.php?rest_route=%2Fwp%2Fv2%2Fcategories&post=1041"},{"taxonomy":"post_tag","embeddable":true,"href":"https:\/\/aquileingiro.net\/index.php?rest_route=%2Fwp%2Fv2%2Ftags&post=1041"}],"curies":[{"name":"wp","href":"https:\/\/api.w.org\/{rel}","templated":true}]}}