{"id":1164,"date":"2023-03-29T06:03:40","date_gmt":"2023-03-29T05:03:40","guid":{"rendered":"https:\/\/aquileingiro.net\/?p=1164"},"modified":"2026-03-11T07:55:09","modified_gmt":"2026-03-11T06:55:09","slug":"the-other-side-of-the-dark","status":"publish","type":"post","link":"https:\/\/aquileingiro.net\/?p=1164","title":{"rendered":"The Other Side Of The Dark | Riflessioni e Memoria &#8211; AquileinGiro"},"content":{"rendered":"\n<p><\/p>\n\n\n\n<div style=\"max-width: 800px; margin: 30px auto; padding: 20px 40px; border-left: 3px solid #666; font-family: 'Georgia', serif; background-color: #fafafa;\">\n    <p style=\"font-size: 1.15em; line-height: 1.7; color: #444; font-style: italic; margin: 0;\">\n        &#8220;Questo racconto nasce dal bisogno di ricordare e di dare voce a un silenzio che troppo spesso accompagna la depressione. Se oggi senti che il peso del viaggio \u00e8 troppo grande da portare da solo, o se vedi un amico in difficolt\u00e0, non esitare a chiedere aiuto. Parlarne \u00e8 il primo passo verso <strong>l&#8217;altro lato del buio<\/strong>.&#8221;\n    <\/p>\n<\/div>\n\n\n\n<p><\/p>\n\n\n\n<div style=\"height:60px\" aria-hidden=\"true\" class=\"wp-block-spacer\"><\/div>\n\n\n\n<p><\/p>\n\n\n\n<p>Ci sono viaggi che non si misurano in chilometri, ma in respiri trattenuti. Quello che sto per raccontarvi non \u00e8 l&#8217;itinerario di un weekend tra i tornanti, ma il resoconto di una sosta forzata che dura da otto anni. Otto anni da quando un amico ha deciso di parcheggiare la sua vita, lasciando noi a chiederci come si faccia a guidare quando la nebbia non \u00e8 sull&#8217;asfalto, ma dentro l&#8217;anima.<\/p>\n\n\n\n<p>Oggi la mia Moto Guzzi \u00e8 ferma sul ciglio di una strada qualunque, nel silenzio della pianura, perch\u00e9 per guardare avanti, a volte, bisogna avere il coraggio di guardare dentro quel buio. E provare a capire cosa ci sia dall&#8217;altra parte.<\/p>\n\n\n\n<p><\/p>\n\n\n\n<div style=\"height:74px\" aria-hidden=\"true\" class=\"wp-block-spacer\"><\/div>\n\n\n\n<p>Sono trascorsi 7 anni. Sembra ieri.<\/p>\n\n\n\n<p>Dicono che il tempo aggiusti ogni cosa. Non \u00e8 vero. Quando riemerge ,il male lo sappiamo \u00e8 sempre attualissimo e vivo.<\/p>\n\n\n\n<p>L&#8217; incredulit\u00e0 non passa. <\/p>\n\n\n\n<p>Il dolore e lo sgomento nemmeno. Avrei potuto fare qualcosa ? <\/p>\n\n\n\n<p>Come ? <\/p>\n\n\n\n<p>Eh&#8230; ma non te lo posso chiedere.<\/p>\n\n\n\n<p>Scivolato in quello che chiamano abisso dell&#8217;anima. Luogo senza ritorno. <\/p>\n\n\n\n<p>C&#8217;\u00e8 stato un tempo in cui ridevamo. Insieme. <\/p>\n\n\n\n<p>Viaggiavamo. Insieme. <br>In moto.<br>Davvero non c&#8217;era pi\u00f9 nulla che contasse ? Che ne valesse la pena ?<\/p>\n\n\n\n<p>Manchi. Il tuo sguardo a volte di sufficienza come se io non avessi capito ancora tante cose, cos\u00ec come un fratello maggiore a volte guarda quello minore.<\/p>\n\n\n\n<p>Fa male e piango.<br>Nonostante una spalla distrutta, salgo e parto. <\/p>\n\n\n\n<p>In moto. Con mia moglie che con me condivide lo stesso dolore. <br>Siamo in viaggio ma oggi , ancora siamo senza parole. <\/p>\n\n\n\n<p>Non ce ne sono. Non ne abbiamo trovate nemmeno a  distanza di tempo.<\/p>\n\n\n\n<p>Spiegazioni ? Nessuna.<\/p>\n\n\n\n<p>Penso alla tua Yamaha , sempre in ordine.<br>Perfetta. Come nuova.<\/p>\n\n\n\n<p>A quella volta che mi chiedesti di tenere la catena sotto al mio bauletto.<br>Tu tutto perfetto.<br>Noi no. Mai.<br>La mia moto con i segni di un uso gi\u00e0 pesante nonostante pi\u00f9 fresca.<br>Rimergono nitide alcune immagine dei nostri viaggi in Umbria e delle vacanze in Sardegna. <\/p>\n\n\n\n<p>In moto.<br>Penso a quella volta a porto Venere.<\/p>\n\n\n\n<p>In moto.  Leggeri nell&#8217;anima.<br>Davanti al tramonto meraviglioso di una domenica sera  quando ci rendevamo conto che il luned\u00ec sarebbe stata durissima.. ma il momento era da vivere.<\/p>\n\n\n\n<p>Sono anni di domande senza risposte. Ipotesi. Un loop mentale. Un corto circuito.<\/p>\n\n\n\n<p>Una volta imboccai  il sottopasso chiuso e tu avevi le lacrime per le risate fragorose e riecheggia la tua voce.<br>Che non sentiamo pi\u00f9. <br>Noi continuammo a viaggiare. <br>In moto. Spiantati, ingenui e per certi versi inconscienti.<\/p>\n\n\n\n<p>Tu realizzasti una &#8220;posizione&#8221;. <br>La moto non la usasti pi\u00f9.<\/p>\n\n\n\n<p>Ci trovammo di colpo distanti. E non capimmo.<br>Stiamo male a pensare che non ci sei. Che hai voluto non esserci pi\u00f9.<br>E la spalla bloccata  in questo viaggio non conta pi\u00f9 nulla.<\/p>\n\n\n\n<p>Non fa male quanto lo fa l&#8217;immagine del tuo viso che riappare nei ricordi sorridente e poi svanisce.<br>Forse noi quattro seduti nel prato ai piedi di girasoli con le moto a fianco, \u00e8 stato davvero un attimo di pura  felicit\u00e0. <br>Mentre oggi ritorniamo verso casa scende  una leggera e sottilissima pioggia.<\/p>\n\n\n\n<p>Visiera aperta ed aghi sul viso.<br>La mano di mia moglie \u00e8 sulla mia spalla destra mentre  la mia di mano non riesce a tenere  bene il manubrio. <\/p>\n\n\n\n<p>Cerca di alleviare il male.  Ma &#8230;quale veramente  e come quando non si pu\u00f2 ?<br>Il vero dolore. Il tuo era uno di quelli dal quale sembra non se ne esca.<br>Non era cos\u00ec che doveva finire. E ogni anno caro amico in questi giorni \u00e8 dura. <br>Tra tristezza e rabbia. <\/p>\n\n\n\n<p>Con la moto e in moto per ricordare i nostri momenti migliori.<\/p>\n\n\n\n<p>Sempre alla ricerca di un prato con i fiori.<\/p>\n\n\n\n<p><br><\/p>\n\n\n\n<div style=\"height:30px\" aria-hidden=\"true\" class=\"wp-block-spacer\"><\/div>\n\n\n\n<figure class=\"wp-block-image size-large has-custom-border\"><img loading=\"lazy\" decoding=\"async\" width=\"763\" height=\"1024\" src=\"http:\/\/aquileingiro.net\/wp-content\/uploads\/2025\/03\/IMG_20250327_124837_MP-1-763x1024.jpg\" alt=\"\" class=\"wp-image-1175\" style=\"border-radius:14px\" srcset=\"https:\/\/aquileingiro.net\/wp-content\/uploads\/2025\/03\/IMG_20250327_124837_MP-1-763x1024.jpg 763w, https:\/\/aquileingiro.net\/wp-content\/uploads\/2025\/03\/IMG_20250327_124837_MP-1-224x300.jpg 224w, https:\/\/aquileingiro.net\/wp-content\/uploads\/2025\/03\/IMG_20250327_124837_MP-1-768x1031.jpg 768w, https:\/\/aquileingiro.net\/wp-content\/uploads\/2025\/03\/IMG_20250327_124837_MP-1.jpg 1024w\" sizes=\"auto, (max-width: 763px) 100vw, 763px\" \/><\/figure>\n\n\n\n<div style=\"height:41px\" aria-hidden=\"true\" class=\"wp-block-spacer\"><\/div>\n\n\n\n<p><\/p>\n\n\n\n<div style=\"background-color: #f9f9f9; border-left: 5px solid #333; padding: 25px; margin: 40px 0; font-family: sans-serif; border-radius: 4px; line-height: 1.6;\">\n    <h3 style=\"margin-top: 0; color: #222; font-size: 1.2em; text-transform: uppercase; letter-spacing: 1px;\">\n        Oltre il buio, insieme.\n    <\/h3>\n    <p style=\"color: #444; font-style: italic; margin-bottom: 20px;\">\n        Questo racconto nasce dal bisogno di ricordare e di dare voce a un silenzio che troppo spesso accompagna la depressione. Se oggi senti che il peso del viaggio \u00e8 troppo grande da portare da solo, o se vedi un amico in difficolt\u00e0, non esitare a chiedere aiuto. Parlarne \u00e8 il primo passo verso &#8220;l&#8217;altro lato del buio&#8221;.\n    <\/p>\n    \n    <div style=\"display: grid; gap: 10px; color: #333;\">\n        <p style=\"margin: 0;\"><strong>Telefono Amico Italia:<\/strong> chiama lo <a href=\"tel:0223272327\" style=\"color: #000; text-decoration: underline;\">02 2327 2327<\/a> (10:00 &#8211; 24:00)<\/p>\n        <p style=\"margin: 0;\"><strong>WhatsApp Amico:<\/strong> scrivi al <a href=\"https:\/\/wa.me\/393240117117\" style=\"color: #000; text-decoration: underline;\">324 011 7117<\/a><\/p>\n        <p style=\"margin: 0;\"><strong>Samaritans Onlus:<\/strong> chiama lo <a href=\"tel:0677208977\" style=\"color: #000; text-decoration: underline;\">06 77208977<\/a> (h24)<\/p>\n        <p style=\"margin: 20px 0 0 0; font-size: 0.9em; color: #777;\">In caso di emergenza immediata, contatta il <strong>112<\/strong>.<\/p>\n    <\/div>\n<\/div>\n\n\n\n\n<p><\/p>\n\n\n\n<p><br><a href=\"\/\" title=\"\">Torna<\/a><\/p>\n\n\n\n<p><\/p>\n","protected":false},"excerpt":{"rendered":"<p>&#8220;Questo racconto nasce dal bisogno di ricordare e di dare voce a un silenzio che troppo spesso accompagna la depressione. Se oggi senti che il peso del viaggio \u00e8 troppo [&hellip;]<\/p>\n","protected":false},"author":1,"featured_media":5529,"comment_status":"closed","ping_status":"closed","sticky":false,"template":"","format":"standard","meta":{"_eb_attr":"","advgb_blocks_editor_width":"","advgb_blocks_columns_visual_guide":"","_monsterinsights_skip_tracking":false,"_monsterinsights_sitenote_active":false,"_monsterinsights_sitenote_note":"","_monsterinsights_sitenote_category":0,"_uf_show_specific_survey":0,"_uf_disable_surveys":false,"_EventAllDay":false,"_EventTimezone":"","_EventStartDate":"","_EventEndDate":"","_EventStartDateUTC":"","_EventEndDateUTC":"","_EventShowMap":false,"_EventShowMapLink":false,"_EventURL":"","_EventCost":"","_EventCostDescription":"","_EventCurrencySymbol":"","_EventCurrencyCode":"","_EventCurrencyPosition":"","_EventDateTimeSeparator":"","_EventTimeRangeSeparator":"","_EventOrganizerID":[],"_EventVenueID":[],"_OrganizerEmail":"","_OrganizerPhone":"","_OrganizerWebsite":"","_VenueAddress":"","_VenueCity":"","_VenueCountry":"","_VenueProvince":"","_VenueState":"","_VenueZip":"","_VenuePhone":"","_VenueURL":"","_VenueStateProvince":"","_VenueLat":"","_VenueLng":"","_VenueShowMap":false,"_VenueShowMapLink":false,"footnotes":""},"categories":[1],"tags":[],"class_list":["post-1164","post","type-post","status-publish","format-standard","has-post-thumbnail","hentry","category-blog"],"aioseo_notices":[],"author_meta":{"display_name":"aquileingiro.net","author_link":"https:\/\/aquileingiro.net\/?author=1"},"featured_img":"https:\/\/aquileingiro.net\/wp-content\/uploads\/2023\/03\/thothersideofthedark-300x158.png","coauthors":[],"tax_additional":{"categories":{"linked":["<a href=\"https:\/\/aquileingiro.net\/?cat=1\" class=\"advgb-post-tax-term\">Blog<\/a>"],"unlinked":["<span class=\"advgb-post-tax-term\">Blog<\/span>"]}},"comment_count":"0","relative_dates":{"created":"Pubblicato 3 anni fa","modified":"Aggiornato 2 mesi fa"},"absolute_dates":{"created":"Pubblicato il 29\/03\/2023","modified":"Aggiornato il 11\/03\/2026"},"absolute_dates_time":{"created":"Pubblicato il 29\/03\/2023 06:03","modified":"Aggiornato il 11\/03\/2026 07:55"},"featured_img_caption":"","series_order":"","_links":{"self":[{"href":"https:\/\/aquileingiro.net\/index.php?rest_route=\/wp\/v2\/posts\/1164","targetHints":{"allow":["GET"]}}],"collection":[{"href":"https:\/\/aquileingiro.net\/index.php?rest_route=\/wp\/v2\/posts"}],"about":[{"href":"https:\/\/aquileingiro.net\/index.php?rest_route=\/wp\/v2\/types\/post"}],"author":[{"embeddable":true,"href":"https:\/\/aquileingiro.net\/index.php?rest_route=\/wp\/v2\/users\/1"}],"replies":[{"embeddable":true,"href":"https:\/\/aquileingiro.net\/index.php?rest_route=%2Fwp%2Fv2%2Fcomments&post=1164"}],"version-history":[{"count":13,"href":"https:\/\/aquileingiro.net\/index.php?rest_route=\/wp\/v2\/posts\/1164\/revisions"}],"predecessor-version":[{"id":5537,"href":"https:\/\/aquileingiro.net\/index.php?rest_route=\/wp\/v2\/posts\/1164\/revisions\/5537"}],"wp:featuredmedia":[{"embeddable":true,"href":"https:\/\/aquileingiro.net\/index.php?rest_route=\/wp\/v2\/media\/5529"}],"wp:attachment":[{"href":"https:\/\/aquileingiro.net\/index.php?rest_route=%2Fwp%2Fv2%2Fmedia&parent=1164"}],"wp:term":[{"taxonomy":"category","embeddable":true,"href":"https:\/\/aquileingiro.net\/index.php?rest_route=%2Fwp%2Fv2%2Fcategories&post=1164"},{"taxonomy":"post_tag","embeddable":true,"href":"https:\/\/aquileingiro.net\/index.php?rest_route=%2Fwp%2Fv2%2Ftags&post=1164"}],"curies":[{"name":"wp","href":"https:\/\/api.w.org\/{rel}","templated":true}]}}