{"id":1184,"date":"2023-10-23T18:40:45","date_gmt":"2023-10-23T17:40:45","guid":{"rendered":"https:\/\/aquileingiro.net\/?p=1184"},"modified":"2026-03-11T08:24:24","modified_gmt":"2026-03-11T07:24:24","slug":"adagio-alla-foce-delladige","status":"publish","type":"post","link":"https:\/\/aquileingiro.net\/?p=1184","title":{"rendered":"Adagio alla foce dell&#8217;Adige: Viaggio lento in Moto Guzzi | AquileinGiro"},"content":{"rendered":"\n<p style=\"font-style:italic;font-weight:400\">&#8220;Quando adagio \u00e8 un sostantivo, indica un&nbsp;<strong>movimento musicale molto calmo, intermedio tra l&#8217;andante e il largo<\/strong>, e anche il pezzo che va eseguito in questo modo&#8221;<\/p>\n\n\n\n<p><\/p>\n\n\n\n<div style=\"height:51px\" aria-hidden=\"true\" class=\"wp-block-spacer\"><\/div>\n\n\n\n<p>Ogni motociclista ha la propria indole. Tendenzialmente<strong> la mia \u00e8 quella di andare Adagio<\/strong>. Gi\u00e0 detto ? Si.<br>Ma non solo. Quando gli altri motociclisti in massa migrano verso i noti punti di ritrovo , cos\u00ec come fanno gli uccelli migratori che si ritrovano in un campo a centinaia prima di una partenza, alcuni di noi sentono di non doverlo fare&#8230;siamo quelli spennacchiati e solitari che restano appollaiati sul cavo del traliccio elettrico.<br>Una volta partito lo stormo ,prendono e volano nel verso opposto ad esso.<br><br><br>Tra la speranza e una preghiera in questi pochi chilometri di non essere centrato dal marquez &#8220;de noialtri&#8221; dello &#8220;stormo&#8221; che sale in direzione opposta, <strong>dalla montagna oggi raggiungo la pianura<\/strong> , punto di partenza del mini tour.<br>Oggi \u00e8 deciso :<strong> foce del fiume Adige<\/strong>. Un&#8217;itinerario <strong>per lunghissimo tempo rimandato<\/strong> essendo considerato vicino. <br>Nel frattempo sono passati anni che poi sono diventati diversi decenni in cui nel frattempo hai cambiato morose, case,lavori, moto, fisionomia,peso e chi ne ha pi\u00f9 ne metta ma non l&#8217;hai mai fatto &#8220;<strong>perch\u00e8 tanto \u00e8 qui vicino<\/strong>&#8220;.<\/p>\n\n\n\n<div style=\"height:42px\" aria-hidden=\"true\" class=\"wp-block-spacer\"><\/div>\n\n\n\n<p>Ma se il concetto &#8220;tanto \u00e8 qui vicino&#8221; mentalmente \u00e8 rimasto inalterato nella percezione della distanza,<strong> oggi come oggi fisicamente assume ben altra consistenza.<\/strong><br>V85TT nella configurazione standard con rigoroso kit di valigie da viaggio, perch\u00e8 si spera che si possa stare via pi\u00f9 del previsto (magari) , passaggio di rigore alla bottega\/panificio e scorta viveri di focaccia simil pizza appena sfornata. <strong>Una cosa che adoro di questa moto \u00e8 l&#8217;autonomia ed i consumi<\/strong>. Ho ancora un bel po&#8217; di carburante dall&#8217;ultima uscita.<\/p>\n\n\n\n<p><br>Il navigatore processa la traccia e propone un tempo di percorrenza di 3hr e 09 minuti per l&#8217;esagerata <strong>distanza di 140km<\/strong>. Solo due anni fa non sarei nemmeno uscito per una &#8220;uscita&#8221; breve di questa portata. Ma<strong> i tempi cambiano. Io anche<\/strong>. Mi sento abbastanza rottame. E poi 3hr andata e altrettanto ritorno sono 6 abbondanti. <br>L&#8217;inizio dell&#8217;affiancamento al fiume sulla strada avviene in prossimit\u00e0 di Zevio non a caso nel &#8220;Quartiere <strong>Adige<\/strong>&#8220;. La fantasia veronese \u00e8 illimitata. Ronco all&#8217;Adige e poi Albaredo d&#8217;Adige. Proseguiamo lungo la strada adiacente al fiume.<\/p>\n\n\n\n<div style=\"height:48px\" aria-hidden=\"true\" class=\"wp-block-spacer\"><\/div>\n\n\n\n<p><br>Per il viaggiatore distratto ,sia mai che si possa dimenticare che siamo in veneto, passiamo <strong>Veronella <\/strong>e pure Cologna <strong>Veneta<\/strong>.<br>Siccome i veneti amavano disboscare allegramente ed incoscientemente gi\u00e0 dal medioevo, ad oggi nella zona Roveredo di Gu\u00e0 , di Rovere (albero da cui appunto deriva il nome) non esiste pi\u00f9 alcun rappresentante di tale specie. Anzi credo di alcuna specie di albero.<br>Si dissero.. e ora che facciamo ? Rimboschiamo ? No!<br>Non esistendo pi\u00f9 alcun &#8220;Roveredo&#8221;&#8230;appiccichiamo il nome del piccolo fiume Gu\u00e0&#8230; almeno fino a quando il piccolo rivolo scorrer\u00e0&#8230; Poi ci penseremo. Ci penseranno. <br>&#8220;E che se ciava anche i neodi&#8230;intanto tajemo i albari!&#8221;.<\/p>\n\n\n\n<div style=\"height:45px\" aria-hidden=\"true\" class=\"wp-block-spacer\"><\/div>\n\n\n\n<p><br>I motoviaggiatori lo sanno: <strong>la pianura padana<\/strong> per quanto riguarda la temperatura da maggio ad ottobre <strong>nelle giornate di sole fa passare la voglia di essere motociclista.<\/strong><br>Non esiste abbigliamento traforato o ventilato che tenga. <br>Se dice il contrario mente. <br>Se lo ha vissuto lo sa. <br>Chi ha attraversato le statali padane in estate ha rimpianto di non essere in costume con le infradito sul bordo di una piscina comunale..o gi\u00e0 su un passo dolomitico o appenninico . <strong>Qualsiasi altro luogo<\/strong> . Ha rimpianto persino di avere declinato l&#8217;invito al matrimonio del cugino della compagna, pentitissimo nel madido di sudore dell&#8217;abbigliamento tecnico. Sarebbe stato prima in qualche chiesa al fresco nelle retrovie e poi in un qualsiasi ristorante con il condizionatore&#8230;e prosecco ghiacciato in mano.<\/p>\n\n\n\n<p><\/p>\n\n\n\n<p><br><\/p>\n\n\n\n<h2 class=\"wp-block-heading\">Il periodo &#8220;boom edile&#8221;<\/h2>\n\n\n\n<p><\/p>\n\n\n\n<div style=\"height:61px\" aria-hidden=\"true\" class=\"wp-block-spacer\"><\/div>\n\n\n\n<p>Peraltro aree come queste, <strong>se passi sulla statale da punto A a punto B diciamocelo, non sempre donano piacevoli panorami<\/strong>.<strong>Anzi tutt&#8217;altro.<\/strong><br>Sovente disomogenee e scialbe scatole commerciali competono in bruttezza con lunghe file di squallide case,spesso non tinteggiate, che non hanno alcun senso di continuit\u00e0 , di stile , di epoca, di colore, di utilizzo. Se si aggiungono esercizi commerciali chiusi ed abbandonati a favore di grandi ipermercati la tristezza aumenta.<\/p>\n\n\n\n<div style=\"height:50px\" aria-hidden=\"true\" class=\"wp-block-spacer\"><\/div>\n\n\n\n<p><br>Immagino che ci debba essere stato un <strong>periodo<\/strong>,non lungo, ma lunghissimo evidentemente <strong>in cui si poteva presentare qualsivoglia progetto edile. <\/strong><br>Per forza di cose deduco che fossero realizzati sulle carte dei salumi tra amici alticci e barcollanti occupando un tavolo di formica in uno dei tanti piccoli bar. <br>Essi poi venivano allegramente accettati dall&#8217;ente preposto locale. Perch\u00e8 &#8220;semo amici&#8230;o mezi parenti..&#8221;<br>Lavorava l&#8217;impresetta edile familiare locale, che si vedeva magicamente passare il terreno da agricolo ad edificabile, e muoveva l&#8217;artigiano locale che fosse capace o meno , la banchetta con il direttorino e via dicendo. <br><strong>Non credo abbia altra spiegazione uno sviluppo urbanistico tanto disordinato quanto disarmonico<\/strong>. Alcool , improvvisazione e &#8220;va ben tuto&#8221;. Ma ci sono anche fior fior di ville.<br>Qua e l\u00e0. Come piovute dal cielo. E roba da &#8220;DALLAS&#8221; mica la casetta contestuale..al territorio.Leoni di pietra, colonne da templi, cancelloni che tu normale umano dalle entrate limitate ti ci compri l&#8217;auto usata per la famiglia da tenere 20 anni.Sono misteri. Padani.<br><strong>Se cos\u00ec \u00e8 vista, questa pianura \u00e8 francamente una autentica, bruttina e noiosa <\/strong>rottura di coglioni. Mio opinabile parere ovviamente. <br><br>E&#8217; <strong>uscendo<\/strong>,come quasi sempre accade, <strong>dal tragitto delle strade &#8220;normalizzate&#8221;<\/strong> che si scoprono fortunatamente anche in queste localit\u00e0 particolarit\u00e0, paesaggi e bellezza. <br>Sono le zone rimaste rurali.<strong> E allora ti rincuori.<\/strong> Sfuggite persino ai piani di insediamento di zone artigianali\/industriali.<br>Solo dopo avere messo un bel po&#8217; di belle vedute negli occhi \u00e8 il tempo della sosta, tra prati in fiore.<br>La focaccia acquistata al panificio alla partenza sembra, se possibile, ancora pi\u00f9 buona.<\/p>\n\n\n\n<div style=\"height:51px\" aria-hidden=\"true\" class=\"wp-block-spacer\"><\/div>\n\n\n\n<figure class=\"wp-block-image size-large has-custom-border is-style-rounded\"><img loading=\"lazy\" decoding=\"async\" width=\"1024\" height=\"763\" src=\"https:\/\/aquileingiro.net\/wp-content\/uploads\/2025\/04\/IMG_20250412_131400_MP-1024x763.jpg\" alt=\"\" class=\"wp-image-1196\" style=\"border-radius:10px\" srcset=\"https:\/\/aquileingiro.net\/wp-content\/uploads\/2025\/04\/IMG_20250412_131400_MP-1024x763.jpg 1024w, https:\/\/aquileingiro.net\/wp-content\/uploads\/2025\/04\/IMG_20250412_131400_MP-300x224.jpg 300w, https:\/\/aquileingiro.net\/wp-content\/uploads\/2025\/04\/IMG_20250412_131400_MP-768x572.jpg 768w, https:\/\/aquileingiro.net\/wp-content\/uploads\/2025\/04\/IMG_20250412_131400_MP-1536x1145.jpg 1536w, https:\/\/aquileingiro.net\/wp-content\/uploads\/2025\/04\/IMG_20250412_131400_MP-2048x1527.jpg 2048w\" sizes=\"auto, (max-width: 1024px) 100vw, 1024px\" \/><\/figure>\n\n\n\n<div style=\"height:51px\" aria-hidden=\"true\" class=\"wp-block-spacer\"><\/div>\n\n\n\n<p><\/p>\n\n\n\n<p><\/p>\n\n\n\n<p>Il meteo \u00e8 clemente e 17 gradi sono l&#8217;ideale per poter girare queste zone. La pianificazione del tragitto mi fa evitare le strade trafficate. Seguo il Gu\u00e0 lungo il suo percorso e giunti a Borgo Frassine lo stesso corso d&#8217;acqua diventa Frassine. <br>Come?  Non capisco. Prima del ponte a ovest si chiama Gu\u00e0 dopo il ponte sulla SP19 a est si chiama Frassine. E quando parte si chiama Agno. Come se io avessi cambiato 3 nomi sulla carta di identit\u00e0 nei tratti attraversati. Ad ogni modo,l&#8217;ignoranza e la pigrizia vincono sulla curiosit\u00e0 e non voglio approfondire.<\/p>\n\n\n\n<p>Lentamente scivola sotto le ruote la strada che costeggia il Frassine, e fino ai colli Euganei meridionali  il traffico \u00e8 scarsissimo. <\/p>\n\n\n\n<p>Non mi inoltro sulla strada bianca proposta dalla traccia in quanto non sembra promettere affatto nulla di buono per la mia spalla dolorante. Il solo pensiero di mettermi in piedi sulle pedane e mettere in estensione il braccio mi fa rimpiangere il divano. <br>Monselice \u00e8 l&#8217;unico tratto trafficato ma nulla di particolaramente fastidioso. Quando sei abituato a fare tanti chilometri senza alcun mezzo anche 10 all&#8217;incrocio diventano tanti.<br><\/p>\n\n\n\n<p><\/p>\n\n\n\n<p><\/p>\n\n\n\n<p>Nei pressi di Anguillara Veneta (ti pareva&#8230;) si torna ad essere l&#8217;unica moto sul tragitto.<\/p>\n\n\n\n<p>Sulla destra l&#8217;Adige scorre ed il suo imponente argine resta alto rispetto al casco, mentre a sinistra la campagna pianeggiante \u00e8 a perdita d&#8217;occhio.<br>Sono tantissimi i casolari abbandonati , come lungo il  Po , e sulle loro mura o quel che resta di pergolati e terrazzi non manca mai un glicine.<\/p>\n\n\n\n<p>Oggi sono tutti fioriti , profumatissimi ed inebriano. <br>Piacevoli i chilometri in sella e nei campi a lato e l\u00e0 dove le macchine non possono o ancora non convengono, ci sono braccianti.<\/p>\n\n\n\n<p>Qualcosa nella catena dei prodotti non mi torna. Eticamente in primis.<br>Sul ciglio della strada insegne improvvisate realizzate con cartoni propongono invitanti cestini di fragole nostrane a 50 centesimi al cestino ed asparagi freschi a 3.5 euro al kg.<br>Vorrei un  bauletto frigo ma non ce l&#8217;ho e tiro dritto senza cedere alla tentazione .  L&#8217;immagine di trasformare le fragole e gli asparagi in calda marmellata rosso verde all&#8217;interno del Kappa posteriore mi fa subito desistere.<\/p>\n\n\n\n<div style=\"height:51px\" aria-hidden=\"true\" class=\"wp-block-spacer\"><\/div>\n\n\n\n<p><\/p>\n\n\n\n<figure class=\"wp-block-image size-large has-custom-border is-style-rounded\"><img loading=\"lazy\" decoding=\"async\" width=\"1024\" height=\"763\" src=\"https:\/\/aquileingiro.net\/wp-content\/uploads\/2025\/04\/foceadige2-1024x763.jpg\" alt=\"\" class=\"wp-image-1198\" style=\"border-radius:10px\" srcset=\"https:\/\/aquileingiro.net\/wp-content\/uploads\/2025\/04\/foceadige2-1024x763.jpg 1024w, https:\/\/aquileingiro.net\/wp-content\/uploads\/2025\/04\/foceadige2-300x224.jpg 300w, https:\/\/aquileingiro.net\/wp-content\/uploads\/2025\/04\/foceadige2-768x572.jpg 768w, https:\/\/aquileingiro.net\/wp-content\/uploads\/2025\/04\/foceadige2.jpg 1198w\" sizes=\"auto, (max-width: 1024px) 100vw, 1024px\" \/><\/figure>\n\n\n\n<div style=\"height:51px\" aria-hidden=\"true\" class=\"wp-block-spacer\"><\/div>\n\n\n\n<p>La vista di uomini affaticati nei campi stride con quella di un enorme drone che solo  qualche  decina di km prima  sorvolava un campo e  trattava le piccole piante appena germogliate. Mi chiedo cosa faranno queste persone quando anche in questo settore la tecnologia avr\u00e0 soppiantato la manodopera.<\/p>\n\n\n\n<p><\/p>\n\n\n\n<p><\/p>\n\n\n\n<p><\/p>\n\n\n\n<p>Sono presto alla foce sul lato sinistro del fiume, e il campeggio all&#8217;Adige sembra un deposito di containers spiaggiati e naufragati da una nave mentre un leggero via vai di persone muove le piccole barche nel molo sottostante. Poca gente ma gi\u00e0 troppa .<br><\/p>\n\n\n\n<div style=\"height:51px\" aria-hidden=\"true\" class=\"wp-block-spacer\"><\/div>\n\n\n\n<figure class=\"wp-block-gallery has-nested-images columns-default is-cropped wp-block-gallery-1 is-layout-flex wp-block-gallery-is-layout-flex\">\n<figure class=\"wp-block-image size-large has-custom-border is-style-rounded\"><img loading=\"lazy\" decoding=\"async\" width=\"1024\" height=\"763\" data-id=\"1204\" src=\"https:\/\/aquileingiro.net\/wp-content\/uploads\/2025\/04\/IMG_20250412_141110_MP.jpg\" alt=\"\" class=\"wp-image-1204\" style=\"border-radius:10px\" srcset=\"https:\/\/aquileingiro.net\/wp-content\/uploads\/2025\/04\/IMG_20250412_141110_MP.jpg 1024w, https:\/\/aquileingiro.net\/wp-content\/uploads\/2025\/04\/IMG_20250412_141110_MP-300x224.jpg 300w, https:\/\/aquileingiro.net\/wp-content\/uploads\/2025\/04\/IMG_20250412_141110_MP-768x572.jpg 768w\" sizes=\"auto, (max-width: 1024px) 100vw, 1024px\" \/><\/figure>\n<\/figure>\n\n\n\n<div style=\"height:50px\" aria-hidden=\"true\" class=\"wp-block-spacer\"><\/div>\n\n\n\n<p>In sella e quindi ad ovest per poi arrivare tramite la stretta strada dell&#8217;argine destro ancora verso est alla torre panoramica. Nel parcheggio poco distante da essa c&#8217;\u00e8 qualche altra moto. <br>Quattro passi e finalmente il mare e la sabbia sotto alle suole, il suono delle onde sulla battigia. Quello che volevo.<\/p>\n\n\n\n<p><\/p>\n\n\n\n<p>La natura \u00e8 sempre pura magia. <br>Davanti al mare spengo i pensieri. <\/p>\n\n\n\n<p>Pensieri di questo periodo di un mondo che non va per nulla per bene.<br>Nessuna conversazione,nessuna voce.<br>Il profumo salmastro e l&#8217;ipnotico infrangersi delle onde mi riportano ad uno stato di quiete piacevole. Giungo  ad assopirmi al tiepido sole con la schiena appoggiata ad un grande masso. Sembra trovare sollievo persino la mia spalla. <br>Un cane appare in lontananza, scondinzola e svanisce. E&#8217; ora di tornare.<br><\/p>\n\n\n\n<div style=\"height:51px\" aria-hidden=\"true\" class=\"wp-block-spacer\"><\/div>\n\n\n\n<figure class=\"wp-block-image size-large has-custom-border\"><img decoding=\"async\" src=\"https:\/\/aquileingiro.net\/wp-content\/uploads\/2025\/04\/mare-1024x593.png\" alt=\"\" class=\"wp-image-1201\" style=\"border-radius:17px\"\/><\/figure>\n\n\n\n<div style=\"height:52px\" aria-hidden=\"true\" class=\"wp-block-spacer\"><\/div>\n\n\n\n<p>Il ritorno a casa \u00e8 sostanzialmente il percorso dell&#8217;andata a ritroso ,  sempre in base al fatto che il traffico \u00e8 davvero scarso. Il cielo non \u00e8 bellissimo ed  il grigio evolve in  nere nuvole che promettono pioggia e l&#8217;odore di essa nell&#8217;aria cambia il mio ritmo di viaggio che da Adagio diventa <em>Adagietto<\/em>&nbsp;e poi <em>Andante moderato<\/em>.<br><\/p>\n\n\n\n<p>Arrivo nel box e spengo la moto, che meriterebbe poveretta una lavatina. <\/p>\n\n\n\n<p><br>Soddisfatto di averlo fatto questo giro, pur breve.<br>Ne valeva la pena? Si.<\/p>\n\n\n\n<p>Un tragitto semplice semplice ma  lontano dal traffico e centri abitati caotici.<br><br>Quando domani la spalla sar\u00e0 dolorante i ricordi e le sensazioni di questa bella uscita saranno per me  il miglior anestetico possibile. Per la spalla ma non solo.<\/p>\n\n\n\n<div style=\"height:51px\" aria-hidden=\"true\" class=\"wp-block-spacer\"><\/div>\n\n\n\n<p><\/p>\n\n\n\n<figure class=\"wp-block-image size-full has-custom-border\"><img loading=\"lazy\" decoding=\"async\" width=\"1024\" height=\"763\" src=\"https:\/\/aquileingiro.net\/wp-content\/uploads\/2025\/04\/foce2.jpg\" alt=\"\" class=\"wp-image-1208\" style=\"border-radius:10px\" srcset=\"https:\/\/aquileingiro.net\/wp-content\/uploads\/2025\/04\/foce2.jpg 1024w, https:\/\/aquileingiro.net\/wp-content\/uploads\/2025\/04\/foce2-300x224.jpg 300w, https:\/\/aquileingiro.net\/wp-content\/uploads\/2025\/04\/foce2-768x572.jpg 768w\" sizes=\"auto, (max-width: 1024px) 100vw, 1024px\" \/><\/figure>\n\n\n\n<p><br><\/p>\n\n\n\n<p><em><a href=\"https:\/\/www.youtube.com\/watch?v=QcnoXUmCksw\" title=\"\">Musica<\/a><\/em><\/p>\n\n\n\n<p><\/p>\n","protected":false},"excerpt":{"rendered":"<p>&#8220;Quando adagio \u00e8 un sostantivo, indica un&nbsp;movimento musicale molto calmo, intermedio tra l&#8217;andante e il largo, e anche il pezzo che va eseguito in questo modo&#8221; Ogni motociclista ha la [&hellip;]<\/p>\n","protected":false},"author":1,"featured_media":5540,"comment_status":"closed","ping_status":"open","sticky":false,"template":"","format":"standard","meta":{"_eb_attr":"","advgb_blocks_editor_width":"","advgb_blocks_columns_visual_guide":"","_monsterinsights_skip_tracking":false,"_monsterinsights_sitenote_active":false,"_monsterinsights_sitenote_note":"","_monsterinsights_sitenote_category":0,"_uf_show_specific_survey":0,"_uf_disable_surveys":false,"_EventAllDay":false,"_EventTimezone":"","_EventStartDate":"","_EventEndDate":"","_EventStartDateUTC":"","_EventEndDateUTC":"","_EventShowMap":false,"_EventShowMapLink":false,"_EventURL":"","_EventCost":"","_EventCostDescription":"","_EventCurrencySymbol":"","_EventCurrencyCode":"","_EventCurrencyPosition":"","_EventDateTimeSeparator":"","_EventTimeRangeSeparator":"","_EventOrganizerID":[],"_EventVenueID":[],"_OrganizerEmail":"","_OrganizerPhone":"","_OrganizerWebsite":"","_VenueAddress":"","_VenueCity":"","_VenueCountry":"","_VenueProvince":"","_VenueState":"","_VenueZip":"","_VenuePhone":"","_VenueURL":"","_VenueStateProvince":"","_VenueLat":"","_VenueLng":"","_VenueShowMap":false,"_VenueShowMapLink":false,"footnotes":""},"categories":[1],"tags":[20],"class_list":["post-1184","post","type-post","status-publish","format-standard","has-post-thumbnail","hentry","category-blog","tag-foce-delladige"],"aioseo_notices":[],"author_meta":{"display_name":"aquileingiro.net","author_link":"https:\/\/aquileingiro.net\/?author=1"},"featured_img":"https:\/\/aquileingiro.net\/wp-content\/uploads\/2023\/10\/adagio-300x158.png","coauthors":[],"tax_additional":{"categories":{"linked":["<a href=\"https:\/\/aquileingiro.net\/?cat=1\" class=\"advgb-post-tax-term\">Blog<\/a>"],"unlinked":["<span class=\"advgb-post-tax-term\">Blog<\/span>"]},"tags":{"linked":["<a href=\"https:\/\/aquileingiro.net\/?cat=1\" class=\"advgb-post-tax-term\">foce dell&#039;Adige<\/a>"],"unlinked":["<span class=\"advgb-post-tax-term\">foce dell&#039;Adige<\/span>"]}},"comment_count":"0","relative_dates":{"created":"Pubblicato 3 anni fa","modified":"Aggiornato 2 mesi fa"},"absolute_dates":{"created":"Pubblicato il 23\/10\/2023","modified":"Aggiornato il 11\/03\/2026"},"absolute_dates_time":{"created":"Pubblicato il 23\/10\/2023 18:40","modified":"Aggiornato il 11\/03\/2026 08:24"},"featured_img_caption":"","series_order":"","_links":{"self":[{"href":"https:\/\/aquileingiro.net\/index.php?rest_route=\/wp\/v2\/posts\/1184","targetHints":{"allow":["GET"]}}],"collection":[{"href":"https:\/\/aquileingiro.net\/index.php?rest_route=\/wp\/v2\/posts"}],"about":[{"href":"https:\/\/aquileingiro.net\/index.php?rest_route=\/wp\/v2\/types\/post"}],"author":[{"embeddable":true,"href":"https:\/\/aquileingiro.net\/index.php?rest_route=\/wp\/v2\/users\/1"}],"replies":[{"embeddable":true,"href":"https:\/\/aquileingiro.net\/index.php?rest_route=%2Fwp%2Fv2%2Fcomments&post=1184"}],"version-history":[{"count":46,"href":"https:\/\/aquileingiro.net\/index.php?rest_route=\/wp\/v2\/posts\/1184\/revisions"}],"predecessor-version":[{"id":5547,"href":"https:\/\/aquileingiro.net\/index.php?rest_route=\/wp\/v2\/posts\/1184\/revisions\/5547"}],"wp:featuredmedia":[{"embeddable":true,"href":"https:\/\/aquileingiro.net\/index.php?rest_route=\/wp\/v2\/media\/5540"}],"wp:attachment":[{"href":"https:\/\/aquileingiro.net\/index.php?rest_route=%2Fwp%2Fv2%2Fmedia&parent=1184"}],"wp:term":[{"taxonomy":"category","embeddable":true,"href":"https:\/\/aquileingiro.net\/index.php?rest_route=%2Fwp%2Fv2%2Fcategories&post=1184"},{"taxonomy":"post_tag","embeddable":true,"href":"https:\/\/aquileingiro.net\/index.php?rest_route=%2Fwp%2Fv2%2Ftags&post=1184"}],"curies":[{"name":"wp","href":"https:\/\/api.w.org\/{rel}","templated":true}]}}