{"id":2402,"date":"2025-10-14T08:48:53","date_gmt":"2025-10-14T07:48:53","guid":{"rendered":"https:\/\/aquileingiro.net\/?p=2402"},"modified":"2025-11-18T07:31:40","modified_gmt":"2025-11-18T07:31:40","slug":"la-piu-bellabruttabella-breve-vacanza","status":"publish","type":"post","link":"https:\/\/aquileingiro.net\/?p=2402","title":{"rendered":"Ottobre 2025<br>Breve vacanza e pippone lungo."},"content":{"rendered":"\n<p><\/p>\n\n\n\n<p><\/p>\n\n\n\n<p><\/p>\n\n\n\n<h3 class=\"wp-block-heading\">Prestart<\/h3>\n\n\n\n<hr class=\"wp-block-separator has-alpha-channel-opacity is-style-wide\"\/>\n\n\n\n<div style=\"height:26px\" aria-hidden=\"true\" class=\"wp-block-spacer\"><\/div>\n\n\n\n<p><\/p>\n\n\n\n<p class=\"has-normal-font-size\">Sei giorni di ferie all&#8217;anno.<\/p>\n\n\n\n<p class=\"has-normal-font-size\">Dopo anni di caldo, patiti persino a settembre e in quota, decidiamo di giocarci il Jolly per provare a farle in ottobre in moto ,si intende.<\/p>\n\n\n\n<p class=\"has-normal-font-size\">A dire la &#8220;vera verit\u00e0&#8221;, i giorni, considerando anche il venerd\u00ec , diventerebbero ben 7. Un <strong>L<\/strong>ussone. Ma il venerd\u00ec era gi\u00e0 stato destinato al cambio gomma.<\/p>\n\n\n\n<p class=\"has-normal-font-size\"><br>Pap\u00e0 anziano invece al gioved\u00ec vede bene di dare i numeri e allora prendo altra giornata (non retribuita). Ol\u00e8. <\/p>\n\n\n\n<p class=\"has-normal-font-size\">Sistemata, o meglio dire tamponata la &#8220;situazione&#8221; geriatrica chiamo il gommista e decido la sostituzione anticipata del pneumatico posteriore. Ci si combina.<br>Vado, pit stop, pago e torno a casa.<\/p>\n\n\n\n<p class=\"has-normal-font-size\">Mentre sposto la moto a mano nel box sento un rumore strano. Moto sul cavalletto , giro la ruota a mano ..gnieeeeeek gnieeeeeek&#8230;<\/p>\n\n\n\n<p class=\"has-normal-font-size\">Due opzioni. <br>La prima: tornare dal gommista e questionare sul discorso. Utile ? no.<\/p>\n\n\n\n<p class=\"has-normal-font-size\">La seconda : mettermi nelle mani del fido <a href=\"https:\/\/vallisarimoto.it\/\" title=\"\">Vallisari <\/a>presso il quale faccio la manutenzione dei mezzi del gruppo Piaggio.<\/p>\n\n\n\n<p class=\"has-normal-font-size\">Sono le 16 passate..<\/p>\n\n\n\n<div style=\"height:32px\" aria-hidden=\"true\" class=\"wp-block-spacer\"><\/div>\n\n\n\n<p class=\"has-normal-font-size\">Mando messaggio whatsapp e nel frattempo mi metto in marcia per l&#8217; officina.<\/p>\n\n\n\n<p class=\"has-normal-font-size\">Mi richiamano  e rispondo comodamente tramite Mia dal casco&#8230;  <br><\/p>\n\n\n\n<div style=\"height:32px\" aria-hidden=\"true\" class=\"wp-block-spacer\"><\/div>\n\n\n\n<p>&#8211; V: &#8220;dovrei vederla e sentirla.&#8221;<br>&#8211; Io &#8220;sto gi\u00e0 arrivando&#8221;.<br><\/p>\n\n\n\n<div style=\"height:51px\" aria-hidden=\"true\" class=\"wp-block-spacer\"><\/div>\n\n\n\n<p class=\"has-normal-font-size\">Officina e TAAAC smonta la posteriore e i cuscinetti sono andati.<\/p>\n\n\n\n<p class=\"has-normal-font-size\">Si fa tardi. Il padre ed il figlio a fatica con estrattore e pistola termica smanettano sul cerchio e alla fine vincono loro. <br>Se tanto mi d\u00e0 tanto..chiedo di cambiare anche quello anteriore. <br>La cui gomma \u00e8 stata cambiata due settimane prima.<br>Messo discretamente dai. Ma non benissimo. Allora visto che siamo in ballo cambiamo pure quello. 42.800 km .<br><strong>Alcune volte accaduto su altre prima , altre dopo, altre mai. Non c&#8217;\u00e8 una linearit\u00e0 nei guasti come nella vita.<\/strong><\/p>\n\n\n\n<p class=\"has-normal-font-size\">E sarebbe tutto bene quel finisce bene tutto sommato. <\/p>\n\n\n\n<div style=\"height:64px\" aria-hidden=\"true\" class=\"wp-block-spacer\"><\/div>\n\n\n\n<p class=\"has-normal-font-size\">Il buon <strong>Gianluigi <\/strong>ex pilota prima, collaudatore e sviluppatore su pista e strada di moto poi, <strong>prima di rinconsegnarle le moto le prova<\/strong>. Sempre. E&#8217; stanco, \u00e8 tardi ma la prova.<\/p>\n\n\n\n<p class=\"has-normal-font-size\">La sorella arriva e dice:<\/p>\n\n\n\n<div style=\"height:29px\" aria-hidden=\"true\" class=\"wp-block-spacer\"><\/div>\n\n\n\n<p><em>&#8220;a g\u00f2 visto la s\u00f2 faccia drio strada e secondo mi gh\u00e8 se kalkossa che no v\u00e0&#8230;&#8221;<\/em><\/p>\n\n\n\n<div style=\"height:38px\" aria-hidden=\"true\" class=\"wp-block-spacer\"><\/div>\n\n\n\n<p class=\"has-normal-font-size\">Aveva ragione la sister.., rientra &#8220;ai box&#8221; e moto sul sollevatore.<\/p>\n\n\n\n<p class=\"has-normal-font-size\">Tocca appena una brugola del sensore abs e rimane sulla chiave la testa.<\/p>\n\n\n\n<p class=\"has-normal-font-size\">Sono li&#8230;in diretta&#8230;ma come casso ha fatto a sentirlo ??<br>Comunque &#8220;Nammo bene&#8221;! Vite spezzata.<br>Si decide saggiamente di rimandare tutto a domani.<br>Nel frattempo \u00e8 sera tarda, sono lontano da casa ,avviso consorte e prendo un letto nel vicino alberghetto modello gioia di vivere nel nord est delle concerie aromatiche.<\/p>\n\n\n\n<div style=\"height:32px\" aria-hidden=\"true\" class=\"wp-block-spacer\"><\/div>\n\n\n\n<p class=\"has-normal-font-size\">L&#8217;indomani il padre (santo OMO) arrivato anzitempo in officina vince la battaglia con la vite spezzata e :<\/p>\n\n\n\n<div style=\"height:31px\" aria-hidden=\"true\" class=\"wp-block-spacer\"><\/div>\n\n\n\n<p> V &#8211;<em>&#8220;stamattina presto ho subito pensato a come fare&#8230;&#8221;<\/em><\/p>\n\n\n\n<p class=\"has-normal-font-size\"> IO <em> &#8220;mi dispiace sia stato il suo primo pensiero&#8221; <\/em><\/p>\n\n\n\n<div style=\"height:34px\" aria-hidden=\"true\" class=\"wp-block-spacer\"><\/div>\n\n\n\n<p class=\"has-normal-font-size\">In realt\u00e0 sono estremamente <strong>lieto di tanta seria e rarissima abnegazione<\/strong>.<br>Rimettono in strada la moto, Gianluigi fa ancora alcune prove di frenata.<\/p>\n\n\n\n<p class=\"has-normal-font-size\">Solo a vederlo mi contraggo talmente che dovrei andare dall&#8217;osteopata per quanto tiro i muscoli della schiena e farmi mettere delle otturazioni nuove da quanto stringo i denti.<br>Lui no ovviamente in relax&#8230;.e poi dice<\/p>\n\n\n\n<div style=\"height:31px\" aria-hidden=\"true\" class=\"wp-block-spacer\"><\/div>\n\n\n\n<ul class=\"wp-block-list\">\n<li><em>&#8220;A g\u00f2 s\u00e8ntio na legerissima vibrasion quando k\u00e8 g\u00f2 fren\u00e0 en curva&#8230;ma na olta sola&#8221;<\/em><\/li>\n<\/ul>\n\n\n\n<div style=\"height:31px\" aria-hidden=\"true\" class=\"wp-block-spacer\"><\/div>\n\n\n\n<p class=\"has-normal-font-size\">Se io mai dovessi frenare cos\u00ec sarei gi\u00e0 morto&#8230;di infarto, o contro l&#8217;ostacolo. <br>Rispurga, ricontrolla , riprova.<br>Sorride e allora si capisce che \u00e8 GO.<\/p>\n\n\n\n<div style=\"height:45px\" aria-hidden=\"true\" class=\"wp-block-spacer\"><\/div>\n\n\n\n<p class=\"has-normal-font-size\">Arriva un signore con v85tt nuovo modello rosso fuji che penso l&#8217;abbia appena ritirata o giro di prova?<br>Dal vivo il bianco \u00e8 un madreperla strabello.<\/p>\n\n\n\n<p class=\"has-normal-font-size\">Invece il felice neopensionato ci ha gi\u00e0 fatto 6000 km. Nemmeno se mi mettessi un mese a lavarla mi avvicinerei a cotanto splendore e scintillio.<br><\/p>\n\n\n\n<p class=\"has-normal-font-size\">Colgo l&#8217;occasione per verificare se le valigie urban montino effettivamente anche sul nuovo modello. <br>Perch\u00e8 io mi fido del prossimo&#8230;ma quando sento un condizionale che riguarda il mio conto corrente so che poi \u00e8 una inesorabile fregatura. Visto il candore del suo mezzo&#8230;l&#8217;operazione la lascio fare al proprietario.<\/p>\n\n\n\n<p class=\"has-normal-font-size\">Ebbene..<strong>le Urban 2022 vanno sul 2025<\/strong>&#8230;nel caso di cambio al nuovo modello..<\/p>\n\n\n\n<p><\/p>\n\n\n\n<div style=\"height:56px\" aria-hidden=\"true\" class=\"wp-block-spacer\"><\/div>\n\n\n\n<figure class=\"wp-block-image aligncenter size-full\"><img loading=\"lazy\" decoding=\"async\" width=\"400\" height=\"400\" src=\"https:\/\/aquileingiro.net\/wp-content\/uploads\/2025\/10\/bingo.jpg\" alt=\"\" class=\"wp-image-2429\" srcset=\"https:\/\/aquileingiro.net\/wp-content\/uploads\/2025\/10\/bingo.jpg 400w, https:\/\/aquileingiro.net\/wp-content\/uploads\/2025\/10\/bingo-300x300.jpg 300w, https:\/\/aquileingiro.net\/wp-content\/uploads\/2025\/10\/bingo-150x150.jpg 150w\" sizes=\"auto, (max-width: 400px) 100vw, 400px\" \/><\/figure>\n\n\n\n<div style=\"height:56px\" aria-hidden=\"true\" class=\"wp-block-spacer\"><\/div>\n\n\n\n<p><\/p>\n\n\n\n<p class=\"has-normal-font-size\"><strong>In internet sono sempre tutti pi\u00f9 furbi di te.<\/strong><br>Quando tizio vende la sua moto usata a xxx euro \u00e8 ladro perch\u00e8 la stessa moto c&#8217;\u00e8 a vattelapesca a ben xxx-y nuova. Full optionals e pronta consegna. <br>Dal cugino di mastrogeppettodellaminkia. Io curioso chiedo un preventivo per il nuovo modello.<br>Ebbene tutti i conce del nordest interpellati con quella cifra (xxx-y ) ti danno la moto come la mia. USATA si intende. E pure messe peggio. Magari nemmeno tagliandate ufficialmente.<\/p>\n\n\n\n<div style=\"height:36px\" aria-hidden=\"true\" class=\"wp-block-spacer\"><\/div>\n\n\n\n<p><\/p>\n\n\n\n<p class=\"has-normal-font-size\">Pago e <strong>ringrazio infinitamente per il servizio e tutto il lavoro svolto dalla famiglia<\/strong>.<\/p>\n\n\n\n<p class=\"has-normal-font-size\"><\/p>\n\n\n\n<p class=\"has-normal-font-size\">Mi dice che dovrei tenerla un po&#8217; pulita. Sfoglio il mio vocabolario mentale&#8230;ma non trovo corrispondenza all&#8217;associazione &#8220;pulizia \/ moto&#8221;. Non in questi anni perlomeno. Ma mi riprometto di farlo. Ha ragione.<\/p>\n\n\n\n<p class=\"has-normal-font-size\"><\/p>\n\n\n\n<p class=\"has-normal-font-size\">Lo so..state pensando :&#8221;eh <strong>col tempo che impieghi a scrivere&#8230;<\/strong>&#8221; e invece no ciccibelli&#8230;<br><strong>scrivo quando sto controllando il papy<\/strong> che non si prepari un panino con la scatola di legno ed il telecomando&#8230;come avvenuto 15 giorni fa. Purtroppo.<\/p>\n\n\n\n<p class=\"has-normal-font-size\">Non scherzo..davvero. Mai su questo. Chi purtroppo  \u00e8 passato da questo dramma familire devastante delle malattie AlzahimerParkinsonDemenza lo sa.<\/p>\n\n\n\n<div style=\"height:37px\" aria-hidden=\"true\" class=\"wp-block-spacer\"><\/div>\n\n\n\n<p class=\"has-normal-font-size\">Comunque sia,  a casa noi, io e mia Moglie, siamo sempre organizzatissimi e infatti dobbiamo ancora preparare tutto.<\/p>\n\n\n\n<div style=\"height:50px\" aria-hidden=\"true\" class=\"wp-block-spacer\"><\/div>\n\n\n\n<p class=\"has-normal-font-size\">Dividendoci tra una casa in stato di cantiere edile da anni, assistenza ai genitori vari ed assortiti sparsi in angoli della provincia ne consegue che abbiamo a livello vestiario tutto e nulla ovunque.<br>Il paradiso delle calze spaiate lo abbiamo in gran parte alimentato noi. <\/p>\n\n\n\n<p class=\"has-normal-font-size\">A nulla \u00e8 valso l&#8217;acquisto di grandi set di paia uguali. La nostra cockerina ha poi provveduto a nascondere sottoterra le poche rimaste appaiate.<br>Siamo anche i principi del fuori stagione e delle collezioni estate\/inverno  sfasate ovviamente..<\/p>\n\n\n\n<p class=\"has-normal-font-size\">Ci aggiungiamo al kaos , il trasloco del figlio ed il rischio che infilassimo un costume di arlecchino taglia 6 anni tra i bagagli in luogo della termica \u00e8 stato realmente concreto. <br>Scampato il &#8220;pericolo&#8221; minore in qualche modo recuperiamo lo stretto necessario , fracchiamo tutto dentro le valigie interne e ci saltiamo sopra per comprimerle&#8230;in modalit\u00e0 Jumbolo.<\/p>\n\n\n\n<p class=\"has-normal-font-size\">Se non conoscete  <a href=\"https:\/\/youtu.be\/gSiWOhSbNX0\" title=\"\">SuperGulp <\/a> e affini peggio per voi.<\/p>\n\n\n\n<div style=\"height:65px\" aria-hidden=\"true\" class=\"wp-block-spacer\"><\/div>\n\n\n\n<figure class=\"wp-block-image aligncenter size-full\"><a href=\"https:\/\/aquileingiro.net\/wp-content\/uploads\/2025\/10\/R.jpg\"><img loading=\"lazy\" decoding=\"async\" width=\"235\" height=\"183\" src=\"https:\/\/aquileingiro.net\/wp-content\/uploads\/2025\/10\/R.jpg\" alt=\"\" class=\"wp-image-2427\"\/><\/a><\/figure>\n\n\n\n<div style=\"height:65px\" aria-hidden=\"true\" class=\"wp-block-spacer\"><\/div>\n\n\n\n<p><\/p>\n\n\n\n<p class=\"has-normal-font-size\">Le carichiamo dentro <strong>le rigide urban<\/strong> compatibili..trans-Annabili, partenza via e ci dirigiamo verso il nostro primo pernottamente in provincia di Cuneo.<\/p>\n\n\n\n<p class=\"has-normal-font-size\"><\/p>\n\n\n\n<p class=\"has-normal-font-size\">Siccome siamo anche seri&#8230;e parliamo anche di moto, le valigie interne sono queste&#8230;diverse per i due volumi dx e sx.<\/p>\n\n\n\n<div style=\"height:65px\" aria-hidden=\"true\" class=\"wp-block-spacer\"><\/div>\n\n\n\n<figure class=\"wp-block-image aligncenter size-large\"><img loading=\"lazy\" decoding=\"async\" width=\"1024\" height=\"763\" src=\"https:\/\/aquileingiro.net\/wp-content\/uploads\/2025\/10\/IMG_20251007_075454-1024x763.jpg\" alt=\"\" class=\"wp-image-2440\" srcset=\"https:\/\/aquileingiro.net\/wp-content\/uploads\/2025\/10\/IMG_20251007_075454-1024x763.jpg 1024w, https:\/\/aquileingiro.net\/wp-content\/uploads\/2025\/10\/IMG_20251007_075454-300x224.jpg 300w, https:\/\/aquileingiro.net\/wp-content\/uploads\/2025\/10\/IMG_20251007_075454-768x572.jpg 768w, https:\/\/aquileingiro.net\/wp-content\/uploads\/2025\/10\/IMG_20251007_075454-1536x1145.jpg 1536w, https:\/\/aquileingiro.net\/wp-content\/uploads\/2025\/10\/IMG_20251007_075454-2048x1526.jpg 2048w\" sizes=\"auto, (max-width: 1024px) 100vw, 1024px\" \/><\/figure>\n\n\n\n<div style=\"height:225px\" aria-hidden=\"true\" class=\"wp-block-spacer\"><\/div>\n\n\n\n<h3 class=\"wp-block-heading\">Start<\/h3>\n\n\n\n<hr class=\"wp-block-separator has-alpha-channel-opacity is-style-wide\"\/>\n\n\n\n<div style=\"height:65px\" aria-hidden=\"true\" class=\"wp-block-spacer\"><\/div>\n\n\n\n<p class=\"has-normal-font-size\">Nonostante tutto partenza venerd\u00ec tardo pomeriggio.<br>La meta era stata cambiata il giorno prima in quanto in centro italia mettevano pioggia a g\u00f2g\u00f2 e fare pochi giorni in moto sotto l&#8217;acqua se possiamo &#8230;no.<\/p>\n\n\n\n<p class=\"has-normal-font-size\"><strong>Quindi: tabella di marcia non rispettata ed improvvisazione. <\/strong><br>Sia mai diversamente negli ultimi anni. <br>Presumo di arrivare con le ore disponibili pi\u00f9 o meno in zona Cuneo all&#8217;ora giusta. <strong>Presunzione <\/strong>del cazzo.<\/p>\n\n\n\n<p class=\"has-normal-font-size\"><strong>Venerd\u00ec<\/strong> : traffico isterico, telefonini all&#8217;orecchio di <strong>automobilisti <\/strong>dopati, indi per cui pigliamo per le meno battute campagne padane.<\/p>\n\n\n\n<p class=\"has-normal-font-size\">Ts\u00e8! Fino al bresciano godiamo della simpatica compagnia dei fumosissimi <strong>trattori <\/strong>della vendemmia Euro-12.Amen.<\/p>\n\n\n\n<div style=\"height:53px\" aria-hidden=\"true\" class=\"wp-block-spacer\"><\/div>\n\n\n\n<p class=\"has-vivid-purple-color has-white-background-color has-text-color has-background has-link-color has-normal-font-size wp-elements-f5533b6a043754ec39c25ec81ee5e39b\">Firuli firul\u00e0 fino a <strong>Pralboino<\/strong>.<\/p>\n\n\n\n<p class=\"has-normal-font-size\">Ci fermiamo un po&#8217; ad osservare il <a href=\"https:\/\/fondoambiente.it\/luoghi\/castello-morelli?ldc\" title=\"\">bel <strong>castello <\/strong><\/a>che per\u00f2 non si pu\u00f2 raggiungere in quanto una serie di divieti di propriet\u00e0 privata indicano il limite oltre il quale intimano di non andare&#8230;pena castrazione. Peccato.<\/p>\n\n\n\n<p class=\"has-normal-font-size\">Salutiamo harry potter che sporge dalla torre merlata e noi babbani risaliamo in sella.<\/p>\n\n\n\n<div style=\"height:49px\" aria-hidden=\"true\" class=\"wp-block-spacer\"><\/div>\n\n\n\n<p class=\"has-normal-font-size\"><\/p>\n\n\n\n<figure class=\"wp-block-image aligncenter size-full\"><img loading=\"lazy\" decoding=\"async\" width=\"600\" height=\"400\" src=\"https:\/\/aquileingiro.net\/wp-content\/uploads\/2025\/10\/castelllopraaboino.jpg\" alt=\"\" class=\"wp-image-2421\" srcset=\"https:\/\/aquileingiro.net\/wp-content\/uploads\/2025\/10\/castelllopraaboino.jpg 600w, https:\/\/aquileingiro.net\/wp-content\/uploads\/2025\/10\/castelllopraaboino-300x200.jpg 300w\" sizes=\"auto, (max-width: 600px) 100vw, 600px\" \/><\/figure>\n\n\n\n<div style=\"height:65px\" aria-hidden=\"true\" class=\"wp-block-spacer\"><\/div>\n\n\n\n<p class=\"has-normal-font-size\"><br>Si st\u00e0 facendo tardi.. Ma va ?!<br>Se mai un giorno vi venisse la malaugurata idea di associarvi ad un nostro giro sia chiaro:<\/p>\n\n\n\n<div style=\"height:65px\" aria-hidden=\"true\" class=\"wp-block-spacer\"><\/div>\n\n\n\n<p class=\"has-normal-font-size\"><strong>Non si sa bene quando si parte e non si sa bene quando ci si ferma. E dove si va.<\/strong><\/p>\n\n\n\n<p class=\"has-normal-font-size\"><strong>E vale anche per i giri in giornata!<\/strong><\/p>\n\n\n\n<div style=\"height:65px\" aria-hidden=\"true\" class=\"wp-block-spacer\"><\/div>\n\n\n\n<p class=\"has-vivid-purple-color has-white-background-color has-text-color has-background has-link-color has-normal-font-size wp-elements-e7f5dbc185f20694a37b5395b6832616\"><strong>Ma non \u00e8 sempre stato cos\u00ec<\/strong>. <\/p>\n\n\n\n<p class=\"has-normal-font-size\"><strong>C&#8217;\u00e8 stato un tempo in cui tutto andava meglio in questo senso. Normale.<\/strong><br>I tragitti erano chiari, le vacanze lunghe, gli orari rispettati, la moto sempre pulita, partenze di primo mattino. <br>Io pesavo addirittura 30 kg in meno. <strong>C&#8217;era<\/strong>. Oggi regna l&#8217;incertezza del lavoro e la certezza di un botto di problemi in ogni direzione. E la matassa invece di sbrogliarsi sembra aumentare di volume e nodi.<br>Ma ho ancora la moto.<\/p>\n\n\n\n<div style=\"height:65px\" aria-hidden=\"true\" class=\"wp-block-spacer\"><\/div>\n\n\n\n<p class=\"has-normal-font-size\">Alla fine ci immettiamo dopo Piacenza in autopalla e poi percorriamo il tratto sperimentale senza caselli. Poi finisce. Cos\u00ec per scherzo.<br>Le deviazioni , un po&#8217; inventate e messe a caso da qualche stradino rasta e fumato dello Zambia ci portano qu\u00e0 e l\u00e0&#8230;,ma poi siamo quasi a destinazione. Anche questa \u00e8 Italia.<br><strong>Ci siamo quasi<\/strong> .<\/p>\n\n\n\n<div style=\"height:43px\" aria-hidden=\"true\" class=\"wp-block-spacer\"><\/div>\n\n\n\n<p class=\"has-normal-font-size\">Chiamiamo al telefono il riferimento del B&amp;B e ci risponde la gentile SIURA che fornisce indicazioni utilissime se voleste come noi effettuare a notte fonda il periplo di tre comuni tra campi, freddo e campi.<\/p>\n\n\n\n<p class=\"has-normal-font-size\">In loco ,oltre alle industrie dolciarie , segnaliamo una efficiente fabbrica di umidit\u00e0.<\/p>\n\n\n\n<p class=\"has-normal-font-size\"><\/p>\n\n\n\n<p class=\"has-normal-font-size\">Viaggiamo tristemente rassegnati in orbita geostazionaria intorno a quattro cascine..e due fabbriche attendendo che uno sconosciuto astronomo noti la nostra strana bassa orbita..e segnali l&#8217;evento alle autorit\u00e0.<br>Al secondo riuscito tentativo di contatto con il pianeta terra.<\/p>\n\n\n\n<p class=\"has-vivid-purple-color has-white-background-color has-text-color has-background has-link-color has-normal-font-size wp-elements-6d92e88dd243297488c1f3acd6650668\">&#8220;IUSTONABBIAMOUNPROBLEMA&#8221;, base di atterraggio si offre di aiutarci. <\/p>\n\n\n\n<p class=\"has-normal-font-size\">&#8211; &#8220;Non so mandare la posizione ma vengo con il furgone bianco sulla statale.&#8221;<br>Praticamente uno shuttle.. che aggancia un satellite.<br>La statale. Non una strada di 500 metri.<br>Avantiiiiiiiii&#8230;.e poi tra una siepe spunta il muso bianco di tale furgone&#8230; smonta la simpatica canuta SIURA e ci dice di andare con lei.<\/p>\n\n\n\n<div style=\"height:24px\" aria-hidden=\"true\" class=\"wp-block-spacer\"><\/div>\n\n\n\n<p class=\"has-normal-font-size\"><br>Ha cos\u00ec ha inizio l&#8217;inseguimento.<\/p>\n\n\n\n<div style=\"height:24px\" aria-hidden=\"true\" class=\"wp-block-spacer\"><\/div>\n\n\n\n<figure class=\"wp-block-image size-full\"><img loading=\"lazy\" decoding=\"async\" width=\"655\" height=\"428\" src=\"https:\/\/aquileingiro.net\/wp-content\/uploads\/2025\/10\/inseguimento.png\" alt=\"\" class=\"wp-image-2406\" srcset=\"https:\/\/aquileingiro.net\/wp-content\/uploads\/2025\/10\/inseguimento.png 655w, https:\/\/aquileingiro.net\/wp-content\/uploads\/2025\/10\/inseguimento-300x196.png 300w\" sizes=\"auto, (max-width: 655px) 100vw, 655px\" \/><\/figure>\n\n\n\n<div style=\"height:65px\" aria-hidden=\"true\" class=\"wp-block-spacer\"><\/div>\n\n\n\n<p><\/p>\n\n\n\n<p class=\"has-normal-font-size\">Non so perch\u00e8 ci capitino queste cose e questi strani personaggi. <br><\/p>\n\n\n\n<p class=\"has-normal-font-size\">Fatto st\u00e0 che questa tizia parte ai 107 all&#8217;ora per una stradina di campagna larga un nano, Di notte. E noi dietro. <br>Dopo il &#8220;prologo&#8221; della parigi dakar arriviamo a 100 metri dalla nostra prima sosta.<br>Forse 80.<\/p>\n\n\n\n<p class=\"has-normal-font-size\"><\/p>\n\n\n\n<p class=\"has-normal-font-size\"><br>Sticazzi&#8230;ti avevamo detto cosa vedevamo&#8230; e la tua casa era li dietro a uno sputo.<br><strong>Tardi \u00e8 tardi<\/strong>, digiuno si digiuna&#8230;e non che dentro si senta caldissimo eh ?<br>Mentre timidamente accenni e fai notare che tra fuori e dentro ballano pochissimi gradi..e avevamo appena tutti concordato che facesse freddo, con un sorrisone ecologico malefico e compiaciuto esclama<\/p>\n\n\n\n<p class=\"has-normal-font-size\">&#8220;eh..in Piemonte mica si pu\u00f2 accendere prima del 15 ottobre neh ?!&#8221;<\/p>\n\n\n\n<p class=\"has-normal-font-size\">E &#8220;va che culo&#8221; non ce lo mettiamo ? <\/p>\n\n\n\n<p class=\"has-normal-font-size\"><\/p>\n\n\n\n<div style=\"height:56px\" aria-hidden=\"true\" class=\"wp-block-spacer\"><\/div>\n\n\n\n<p class=\"has-normal-font-size\">Guadagniamo ansimando il piano superiore con i bagagli e slittando sul ghiaccio..prima uno (io) e poi l&#8217;altra siamo sotto la doccia.<\/p>\n\n\n\n<p class=\"has-normal-font-size\">Almeno quella bella calda. Ma non prima di avere rischiato un pirlo perch\u00e8 la doccia \u00e8 dentro la vasca..alta. E tu sei quel che sei&#8230;<\/p>\n\n\n\n<p class=\"has-normal-font-size\"><strong>La cameretta<\/strong> \u00e8 quanto di pi\u00f9 sobrio ci si possa aspettare&#8230;..accendi le luci e ci va bene che non siano stroboscopiche e non parta automaticamente Fever Night dei Bee Gees.<br>La sedia verde invece che si intravede \u00e8 presumo ad uso esclusivo dei puffi. <br>E avr\u00e0 anche il suo perch\u00e8. Il mio \u00e8 : ma perch\u00e8 cazzo \u00e8 cos\u00ec bassa ? <br>La stanza ha un nome originale: ROSA. Non lo avreste mai detto eh ?<\/p>\n\n\n\n<figure class=\"wp-block-image size-large\"><img loading=\"lazy\" decoding=\"async\" width=\"763\" height=\"1024\" src=\"https:\/\/aquileingiro.net\/wp-content\/uploads\/2025\/10\/marylin-763x1024.png\" alt=\"\" class=\"wp-image-2411\" srcset=\"https:\/\/aquileingiro.net\/wp-content\/uploads\/2025\/10\/marylin-763x1024.png 763w, https:\/\/aquileingiro.net\/wp-content\/uploads\/2025\/10\/marylin-224x300.png 224w, https:\/\/aquileingiro.net\/wp-content\/uploads\/2025\/10\/marylin-768x1030.png 768w, https:\/\/aquileingiro.net\/wp-content\/uploads\/2025\/10\/marylin.png 800w\" sizes=\"auto, (max-width: 763px) 100vw, 763px\" \/><\/figure>\n\n\n\n<p><br><br><\/p>\n\n\n\n<p class=\"has-normal-font-size\">All&#8217;ora concordata al mattino usciamo dall&#8217;enorme marsh mellow, e durante la colazione ,che \u00e8 davvero ottima , possiamo apprezzare il B&amp;B, che poi \u00e8 <strong>veramente bello<\/strong>. Autentico restauro in gradevolissimo contesto rurale. <br>Saluti, ringraziamenti, e se ci vedremo tra qualche anno, a Dio piacendo, sar\u00e0 dopo il 15 ottobre.<\/p>\n\n\n\n<p class=\"has-normal-font-size\">Ultima chicca.. <\/p>\n\n\n\n<p class=\"has-normal-font-size\">&#8220;ah il pedaggio&#8230; si vi arriver\u00e0 il pedaggio maggiorato tramite raccomandata.&#8221; <br>Eh altre belle cose no ? Pedaggio si&#8230;ma maggiorazione perch\u00e8 non abbiamo il telepass senza  avviso all&#8217;ingresso?<br>Prima che apra bocca e ci appioppi una tassa locale inventata ad personam scappiamo.<br><\/p>\n\n\n\n<div style=\"margin-bottom:var(--wp--preset--spacing--40);height:34px\" aria-hidden=\"true\" class=\"wp-block-spacer\"><\/div>\n\n\n\n<hr class=\"wp-block-separator has-alpha-channel-opacity is-style-wide\"\/>\n\n\n\n<div style=\"margin-bottom:var(--wp--preset--spacing--40);height:39px\" aria-hidden=\"true\" class=\"wp-block-spacer\"><\/div>\n\n\n\n<p class=\"has-vivid-cyan-blue-color has-white-background-color has-text-color has-background has-link-color wp-elements-c30b251f96fb7d8e75edd5f619ef102c\"><strong>E&#8217; Sabato. S maiuscola da inizio ferie in moto!<br>Direzione Valle Grana.Eh.. che spettacolo! <\/strong><br><strong>Poi \u00e8 deserta. Le situazioni che pi\u00f9 amiamo. <\/strong><br>Sebbene in certi frangenti che seguiranno , la &#8220;desertitudine&#8221; non sar\u00e0 poi cos\u00ec idilliaca.<\/p>\n\n\n\n<div style=\"height:55px\" aria-hidden=\"true\" class=\"wp-block-spacer\"><\/div>\n\n\n\n<p class=\"has-normal-font-size\">Comunque sia ,  siamo qui e la giornata \u00e8 favolosa,un peletto freschetta .<\/p>\n\n\n\n<p class=\"has-normal-font-size\">Saliamo gai tra lussureggianti pascoli muccosi, sole ridente e <strong>borghetti occitani <\/strong>talmente <strong>belli<\/strong> da voler chiedere asilo e scomparire dal mondo.<\/p>\n\n\n\n<p class=\"has-normal-font-size\">Nella resiliente bottega del graziosisssimo <strong>Campomolino <\/strong>acquistiamo il tipico formaggio saporitissimo <strong>CastelMagno<\/strong> ignorando nuovamente le stelline delle analisi del sangue e consumandolo subito golosamente con il pane sulla panchina del borgo medesimo.<\/p>\n\n\n\n<div style=\"height:55px\" aria-hidden=\"true\" class=\"wp-block-spacer\"><\/div>\n\n\n\n<figure class=\"wp-block-image aligncenter size-large\"><img loading=\"lazy\" decoding=\"async\" width=\"1024\" height=\"576\" src=\"https:\/\/aquileingiro.net\/wp-content\/uploads\/2025\/10\/IMG-20251011-WA0024-1024x576.jpg\" alt=\"\" class=\"wp-image-2450\" srcset=\"https:\/\/aquileingiro.net\/wp-content\/uploads\/2025\/10\/IMG-20251011-WA0024-1024x576.jpg 1024w, https:\/\/aquileingiro.net\/wp-content\/uploads\/2025\/10\/IMG-20251011-WA0024-300x169.jpg 300w, https:\/\/aquileingiro.net\/wp-content\/uploads\/2025\/10\/IMG-20251011-WA0024-768x432.jpg 768w, https:\/\/aquileingiro.net\/wp-content\/uploads\/2025\/10\/IMG-20251011-WA0024-1536x864.jpg 1536w, https:\/\/aquileingiro.net\/wp-content\/uploads\/2025\/10\/IMG-20251011-WA0024.jpg 1600w\" sizes=\"auto, (max-width: 1024px) 100vw, 1024px\" \/><\/figure>\n\n\n\n<div style=\"height:55px\" aria-hidden=\"true\" class=\"wp-block-spacer\"><\/div>\n\n\n\n<p class=\"has-normal-font-size\">A fianco della bottega una <strong>cassetta della posta , strabiliante <\/strong>che potrebbe pesare come una moderna utilitaria.<\/p>\n\n\n\n<p class=\"has-normal-font-size\">O forse \u00e8 un forno crematorio a cui qualche simpatico occitano goliardicamente ci ha attaccato l&#8217;etichetta posta.<\/p>\n\n\n\n<div style=\"height:55px\" aria-hidden=\"true\" class=\"wp-block-spacer\"><\/div>\n\n\n\n<figure class=\"wp-block-image size-full\"><img loading=\"lazy\" decoding=\"async\" width=\"800\" height=\"596\" src=\"https:\/\/aquileingiro.net\/wp-content\/uploads\/2025\/10\/cassetta.jpg\" alt=\"\" class=\"wp-image-2465\" srcset=\"https:\/\/aquileingiro.net\/wp-content\/uploads\/2025\/10\/cassetta.jpg 800w, https:\/\/aquileingiro.net\/wp-content\/uploads\/2025\/10\/cassetta-300x224.jpg 300w, https:\/\/aquileingiro.net\/wp-content\/uploads\/2025\/10\/cassetta-768x572.jpg 768w\" sizes=\"auto, (max-width: 800px) 100vw, 800px\" \/><\/figure>\n\n\n\n<div style=\"height:125px\" aria-hidden=\"true\" class=\"wp-block-spacer\"><\/div>\n\n\n\n<p><\/p>\n\n\n\n<p class=\"has-normal-font-size\"><strong>Il borgo \u00e8 <\/strong>amabile e sicuramente lo sono tutti quelli a seguire. Purtroppo i giorni sono pochi.<br>E i borghi sono taaaaanti, milioni di milioniiiiiiiiiiii<br>Non cos\u00ec tanti ma ce ne sono.<br><\/p>\n\n\n\n<figure class=\"wp-block-image size-full\"><img loading=\"lazy\" decoding=\"async\" width=\"1024\" height=\"763\" src=\"https:\/\/aquileingiro.net\/wp-content\/uploads\/2025\/10\/campomolino1.png\" alt=\"\" class=\"wp-image-2410\" srcset=\"https:\/\/aquileingiro.net\/wp-content\/uploads\/2025\/10\/campomolino1.png 1024w, https:\/\/aquileingiro.net\/wp-content\/uploads\/2025\/10\/campomolino1-300x224.png 300w, https:\/\/aquileingiro.net\/wp-content\/uploads\/2025\/10\/campomolino1-768x572.png 768w\" sizes=\"auto, (max-width: 1024px) 100vw, 1024px\" \/><\/figure>\n\n\n\n<div style=\"height:60px\" aria-hidden=\"true\" class=\"wp-block-spacer\"><\/div>\n\n\n\n<p class=\"has-normal-font-size\">Due chiacchere e quattro curve ed arriviamo presso il celebre <strong><a href=\"https:\/\/www.visitcuneese.it\/dettaglio-punto-di-interesse\/-\/d\/santuario-di-san-magno-castelmagno\" title=\"\">Santuario di San Magno<\/a><\/strong>.<br>Qu\u00e0 \u00e8 tutto magno&#8230;<br>Le foto non rendono merito all&#8217;ampio panorama da cui si gode dalla struttura e nemmeno agli sgargianti colori della antica cappella situata dietro l&#8217;altare.<\/p>\n\n\n\n<div style=\"height:60px\" aria-hidden=\"true\" class=\"wp-block-spacer\"><\/div>\n\n\n\n<figure class=\"wp-block-image aligncenter size-large\"><img loading=\"lazy\" decoding=\"async\" width=\"1024\" height=\"576\" src=\"https:\/\/aquileingiro.net\/wp-content\/uploads\/2025\/10\/IMG-20251011-WA0030-1024x576.jpg\" alt=\"\" class=\"wp-image-2452\" srcset=\"https:\/\/aquileingiro.net\/wp-content\/uploads\/2025\/10\/IMG-20251011-WA0030-1024x576.jpg 1024w, https:\/\/aquileingiro.net\/wp-content\/uploads\/2025\/10\/IMG-20251011-WA0030-300x169.jpg 300w, https:\/\/aquileingiro.net\/wp-content\/uploads\/2025\/10\/IMG-20251011-WA0030-768x432.jpg 768w, https:\/\/aquileingiro.net\/wp-content\/uploads\/2025\/10\/IMG-20251011-WA0030-1536x864.jpg 1536w, https:\/\/aquileingiro.net\/wp-content\/uploads\/2025\/10\/IMG-20251011-WA0030.jpg 1600w\" sizes=\"auto, (max-width: 1024px) 100vw, 1024px\" \/><\/figure>\n\n\n\n<div style=\"height:65px\" aria-hidden=\"true\" class=\"wp-block-spacer\"><\/div>\n\n\n\n<figure class=\"wp-block-image aligncenter size-large\"><img loading=\"lazy\" decoding=\"async\" width=\"1024\" height=\"680\" src=\"https:\/\/aquileingiro.net\/wp-content\/uploads\/2025\/10\/IMG-20251011-WA0033-1024x680.jpg\" alt=\"\" class=\"wp-image-2453\" srcset=\"https:\/\/aquileingiro.net\/wp-content\/uploads\/2025\/10\/IMG-20251011-WA0033-1024x680.jpg 1024w, https:\/\/aquileingiro.net\/wp-content\/uploads\/2025\/10\/IMG-20251011-WA0033-300x199.jpg 300w, https:\/\/aquileingiro.net\/wp-content\/uploads\/2025\/10\/IMG-20251011-WA0033-768x510.jpg 768w, https:\/\/aquileingiro.net\/wp-content\/uploads\/2025\/10\/IMG-20251011-WA0033-1536x1020.jpg 1536w, https:\/\/aquileingiro.net\/wp-content\/uploads\/2025\/10\/IMG-20251011-WA0033.jpg 1600w\" sizes=\"auto, (max-width: 1024px) 100vw, 1024px\" \/><\/figure>\n\n\n\n<div style=\"height:65px\" aria-hidden=\"true\" class=\"wp-block-spacer\"><\/div>\n\n\n\n<figure class=\"wp-block-image aligncenter size-large\"><img loading=\"lazy\" decoding=\"async\" width=\"576\" height=\"1024\" src=\"https:\/\/aquileingiro.net\/wp-content\/uploads\/2025\/10\/IMG-20251011-WA0034-576x1024.jpg\" alt=\"\" class=\"wp-image-2454\" srcset=\"https:\/\/aquileingiro.net\/wp-content\/uploads\/2025\/10\/IMG-20251011-WA0034-576x1024.jpg 576w, https:\/\/aquileingiro.net\/wp-content\/uploads\/2025\/10\/IMG-20251011-WA0034-169x300.jpg 169w, https:\/\/aquileingiro.net\/wp-content\/uploads\/2025\/10\/IMG-20251011-WA0034-768x1365.jpg 768w, https:\/\/aquileingiro.net\/wp-content\/uploads\/2025\/10\/IMG-20251011-WA0034-864x1536.jpg 864w, https:\/\/aquileingiro.net\/wp-content\/uploads\/2025\/10\/IMG-20251011-WA0034.jpg 900w\" sizes=\"auto, (max-width: 576px) 100vw, 576px\" \/><\/figure>\n\n\n\n<div style=\"height:65px\" aria-hidden=\"true\" class=\"wp-block-spacer\"><\/div>\n\n\n\n<figure class=\"wp-block-image aligncenter size-large\"><img loading=\"lazy\" decoding=\"async\" width=\"576\" height=\"1024\" src=\"https:\/\/aquileingiro.net\/wp-content\/uploads\/2025\/10\/IMG-20251011-WA0035-576x1024.jpg\" alt=\"\" class=\"wp-image-2455\" srcset=\"https:\/\/aquileingiro.net\/wp-content\/uploads\/2025\/10\/IMG-20251011-WA0035-576x1024.jpg 576w, https:\/\/aquileingiro.net\/wp-content\/uploads\/2025\/10\/IMG-20251011-WA0035-169x300.jpg 169w, https:\/\/aquileingiro.net\/wp-content\/uploads\/2025\/10\/IMG-20251011-WA0035-768x1365.jpg 768w, https:\/\/aquileingiro.net\/wp-content\/uploads\/2025\/10\/IMG-20251011-WA0035-864x1536.jpg 864w, https:\/\/aquileingiro.net\/wp-content\/uploads\/2025\/10\/IMG-20251011-WA0035.jpg 900w\" sizes=\"auto, (max-width: 576px) 100vw, 576px\" \/><\/figure>\n\n\n\n<div style=\"height:100px\" aria-hidden=\"true\" class=\"wp-block-spacer\"><\/div>\n\n\n\n<p class=\"has-normal-font-size\">Un caff\u00e8 al bar del santuario stesso, e poi viaggiare circondati da questi scenari, per noi \u00e8 il massimo. <br><strong>4 vecchi <\/strong>(che avranno solo pochi anni pi\u00f9 di noi) scendendo dall&#8217;auto (vecchi) ci chiedono informazioni sulla strada. Rispondo.<br>Uno inizia con &#8220;Eh&#8230;&#8230;.io avevo la moto ma non quella che &#8230;&#8221; <strong>due mosse ninja<\/strong> e istantaneamente lo lasciamo al suo monologo sul posto e ci dileguiamo. Vecchi! <br>No dai..ma quasi.<br><br>Ci sentiamo <strong>avulsi dalla frenesia<\/strong> diffusa che vede motociclisti arrampicarsi come fossero in qualifica con quick shifter, action cam , droni , periscopi e canne da pesca alte 3 metri con webcampornomobile360gradi.<\/p>\n\n\n\n<p class=\"has-normal-font-size\">Oggi fermarsi \u00e8 sempre meno contemplato se non per commentare la piega o la performance. MA DE CHE ?<\/p>\n\n\n\n<p class=\"has-normal-font-size\"><strong>Siamo ad ottobre e di fenomeni cresciuti a MEDAROSSITUTTIINPIEDISULDIVANO nemmeno l&#8217;ombra<\/strong>. Qui.Ora.<\/p>\n\n\n\n<div style=\"height:77px\" aria-hidden=\"true\" class=\"wp-block-spacer\"><\/div>\n\n\n\n<figure class=\"wp-block-image size-large\"><img loading=\"lazy\" decoding=\"async\" width=\"1024\" height=\"576\" src=\"https:\/\/aquileingiro.net\/wp-content\/uploads\/2025\/10\/IMG-20251011-WA0054-1024x576.jpg\" alt=\"\" class=\"wp-image-2458\" srcset=\"https:\/\/aquileingiro.net\/wp-content\/uploads\/2025\/10\/IMG-20251011-WA0054-1024x576.jpg 1024w, https:\/\/aquileingiro.net\/wp-content\/uploads\/2025\/10\/IMG-20251011-WA0054-300x169.jpg 300w, https:\/\/aquileingiro.net\/wp-content\/uploads\/2025\/10\/IMG-20251011-WA0054-768x432.jpg 768w, https:\/\/aquileingiro.net\/wp-content\/uploads\/2025\/10\/IMG-20251011-WA0054-1536x864.jpg 1536w, https:\/\/aquileingiro.net\/wp-content\/uploads\/2025\/10\/IMG-20251011-WA0054.jpg 1600w\" sizes=\"auto, (max-width: 1024px) 100vw, 1024px\" \/><\/figure>\n\n\n\n<div style=\"height:77px\" aria-hidden=\"true\" class=\"wp-block-spacer\"><\/div>\n\n\n\n<figure class=\"wp-block-image size-large\"><img loading=\"lazy\" decoding=\"async\" width=\"1024\" height=\"576\" src=\"https:\/\/aquileingiro.net\/wp-content\/uploads\/2025\/10\/IMG-20251011-WA0062-1024x576.jpg\" alt=\"\" class=\"wp-image-2463\" srcset=\"https:\/\/aquileingiro.net\/wp-content\/uploads\/2025\/10\/IMG-20251011-WA0062-1024x576.jpg 1024w, https:\/\/aquileingiro.net\/wp-content\/uploads\/2025\/10\/IMG-20251011-WA0062-300x169.jpg 300w, https:\/\/aquileingiro.net\/wp-content\/uploads\/2025\/10\/IMG-20251011-WA0062-768x432.jpg 768w, https:\/\/aquileingiro.net\/wp-content\/uploads\/2025\/10\/IMG-20251011-WA0062-1536x864.jpg 1536w, https:\/\/aquileingiro.net\/wp-content\/uploads\/2025\/10\/IMG-20251011-WA0062.jpg 1600w\" sizes=\"auto, (max-width: 1024px) 100vw, 1024px\" \/><\/figure>\n\n\n\n<div style=\"height:71px\" aria-hidden=\"true\" class=\"wp-block-spacer\"><\/div>\n\n\n\n<p><\/p>\n\n\n\n<p class=\"has-normal-font-size\">Si prosegue a Nord direzione colle di <strong>Sampeyre <\/strong>in onore di <a href=\"https:\/\/it.wikipedia.org\/wiki\/Sampei\" title=\"\">Sampei<\/a>.. che \u00e8 noto pescasse a fondo valle nel torrente Varaita&#8230; E se non sapete chi fosse, non vi perdete niente.<\/p>\n\n\n\n<p class=\"has-normal-font-size\"><br>Giunti sul colle ,  fermarsi e sdraiarsi al sole con una vista simile \u00e8 bellissimo. <br>Cime meravigliose a tutto tondo.<\/p>\n\n\n\n<p class=\"has-normal-font-size\"><\/p>\n\n\n\n<p class=\"has-normal-font-size\">Poi languorino e in prossimit\u00e0 del bellissimo <a href=\"https:\/\/www.google.it\/maps\/place\/Borgata+San+Martino+di+Stroppo+Superiore\/@44.5064324,7.1108007,3a,75y,90t\/data=!3m8!1e2!3m6!1sAF1QipPHwYScSXLTF4PmQExFYGp8JqJAidHsE5Hbr6ev!2e10!3e12!6shttps:%2F%2Flh3.googleusercontent.com%2Fp%2FAF1QipPHwYScSXLTF4PmQExFYGp8JqJAidHsE5Hbr6ev%3Dw203-h152-k-no!7i4032!8i3024!4m7!3m6!1s0x12cd21fb474be58f:0x8c8e45b40fe219db!8m2!3d44.5063844!4d7.1109064!10e5!16s%2Fg%2F11fmvz84cd?entry=ttu&amp;g_ep=EgoyMDI1MTAwOC4wIKXMDSoASAFQAw%3D%3D\" title=\"\"><strong>Borgo di San Martino di Stroppo<\/strong><\/a> ci fermiamo. Quattro passi , panca e <strong>che mangiamo<\/strong> ? Toh&#8230;pane e Castelmagno.<\/p>\n\n\n\n<div style=\"height:71px\" aria-hidden=\"true\" class=\"wp-block-spacer\"><\/div>\n\n\n\n<figure class=\"wp-block-gallery has-nested-images columns-default is-cropped wp-block-gallery-1 is-layout-flex wp-block-gallery-is-layout-flex\">\n<figure class=\"wp-block-image size-large\"><img loading=\"lazy\" decoding=\"async\" width=\"763\" height=\"1024\" data-id=\"2481\" src=\"https:\/\/aquileingiro.net\/wp-content\/uploads\/2025\/10\/sm1-763x1024.jpg\" alt=\"\" class=\"wp-image-2481\" srcset=\"https:\/\/aquileingiro.net\/wp-content\/uploads\/2025\/10\/sm1-763x1024.jpg 763w, https:\/\/aquileingiro.net\/wp-content\/uploads\/2025\/10\/sm1-224x300.jpg 224w, https:\/\/aquileingiro.net\/wp-content\/uploads\/2025\/10\/sm1-768x1030.jpg 768w, https:\/\/aquileingiro.net\/wp-content\/uploads\/2025\/10\/sm1.jpg 800w\" sizes=\"auto, (max-width: 763px) 100vw, 763px\" \/><\/figure>\n\n\n\n<figure class=\"wp-block-image size-large\"><img loading=\"lazy\" decoding=\"async\" width=\"763\" height=\"1024\" data-id=\"2482\" src=\"https:\/\/aquileingiro.net\/wp-content\/uploads\/2025\/10\/sm2-763x1024.jpg\" alt=\"\" class=\"wp-image-2482\" srcset=\"https:\/\/aquileingiro.net\/wp-content\/uploads\/2025\/10\/sm2-763x1024.jpg 763w, https:\/\/aquileingiro.net\/wp-content\/uploads\/2025\/10\/sm2-224x300.jpg 224w, https:\/\/aquileingiro.net\/wp-content\/uploads\/2025\/10\/sm2-768x1030.jpg 768w, https:\/\/aquileingiro.net\/wp-content\/uploads\/2025\/10\/sm2.jpg 800w\" sizes=\"auto, (max-width: 763px) 100vw, 763px\" \/><\/figure>\n\n\n\n<figure class=\"wp-block-image size-large\"><img loading=\"lazy\" decoding=\"async\" width=\"763\" height=\"1024\" data-id=\"2483\" src=\"https:\/\/aquileingiro.net\/wp-content\/uploads\/2025\/10\/sm3-763x1024.jpg\" alt=\"\" class=\"wp-image-2483\" srcset=\"https:\/\/aquileingiro.net\/wp-content\/uploads\/2025\/10\/sm3-763x1024.jpg 763w, https:\/\/aquileingiro.net\/wp-content\/uploads\/2025\/10\/sm3-224x300.jpg 224w, https:\/\/aquileingiro.net\/wp-content\/uploads\/2025\/10\/sm3-768x1030.jpg 768w, https:\/\/aquileingiro.net\/wp-content\/uploads\/2025\/10\/sm3.jpg 800w\" sizes=\"auto, (max-width: 763px) 100vw, 763px\" \/><\/figure>\n<\/figure>\n\n\n\n<div style=\"height:128px\" aria-hidden=\"true\" class=\"wp-block-spacer\"><\/div>\n\n\n\n<p><\/p>\n\n\n\n<p class=\"has-small-font-size\">Magna che ti magna, <strong>arriva anche una simpatica famiglia<\/strong> con auto e roulotte.<\/p>\n\n\n\n<figure class=\"wp-block-image size-full\"><img loading=\"lazy\" decoding=\"async\" width=\"1024\" height=\"763\" src=\"https:\/\/aquileingiro.net\/wp-content\/uploads\/2025\/10\/sm5.jpg\" alt=\"\" class=\"wp-image-2486\" srcset=\"https:\/\/aquileingiro.net\/wp-content\/uploads\/2025\/10\/sm5.jpg 1024w, https:\/\/aquileingiro.net\/wp-content\/uploads\/2025\/10\/sm5-300x224.jpg 300w, https:\/\/aquileingiro.net\/wp-content\/uploads\/2025\/10\/sm5-768x572.jpg 768w\" sizes=\"auto, (max-width: 1024px) 100vw, 1024px\" \/><\/figure>\n\n\n\n<p class=\"has-small-font-size\">No dai&#8230;c&#8217;erano prima loro di noi.<\/p>\n\n\n\n<div style=\"height:100px\" aria-hidden=\"true\" class=\"wp-block-spacer\"><\/div>\n\n\n\n<p><\/p>\n\n\n\n<p class=\"has-normal-font-size\"><br>Da qui a Montoso (dove abbiamo prenotato stanzetta economica) percorrendo le stradine ci sono <strong>mille mila tonnellate di ricci di castagne<\/strong> per terra. Mai vista una cosa simile.<br>Noi in veneto avremmo sciaguratamente spianato le colline e costruito qualche decina di capannoni per fare Schei con i Marroni&#8230;. In 4 anni sarebbero rimasti 3 castagni e 100 capannoni. <strong>Bravi Piemontesi<\/strong>!<br><br>Per fare il checkin dobbiamo passare in un bar di un <strong>Bagnolo Piemonte<\/strong>. Nel messaggio di convalida, ci avvisano che ci offriranno un aperitivo. Che bello!<br>Ok siamo di strada. Arriviamo, ciao, apri ,chiudi, zip, documenti e ovviamente dell&#8217;aperitivo nessuna traccia. Manco acqua di rubinetto. Taccagni maledetti. Avevamo la gola secca.<br>La RAGASSA, ma di una volta , dietro al banco mi dice la via dove arrivare, ma vuoi che sono rintronato di mio , un po&#8217; il rumore di sottofondo o per il viaggio ed io mi metto a ridere&#8230;perch\u00e8 <strong>capisco esattamente<\/strong> &#8220;via RockerDuck&#8221; ..e penso &#8220;Ma questa ex giovane ci prende per il culo! oppure<strong> siamo arrivati a Paperopoli<\/strong>.&#8221;<\/p>\n\n\n\n<div style=\"height:50px\" aria-hidden=\"true\" class=\"wp-block-spacer\"><\/div>\n\n\n\n<figure class=\"wp-block-image size-full\"><img loading=\"lazy\" decoding=\"async\" width=\"474\" height=\"237\" src=\"https:\/\/aquileingiro.net\/wp-content\/uploads\/2025\/10\/rduck.webp\" alt=\"\" class=\"wp-image-2475\" srcset=\"https:\/\/aquileingiro.net\/wp-content\/uploads\/2025\/10\/rduck.webp 474w, https:\/\/aquileingiro.net\/wp-content\/uploads\/2025\/10\/rduck-300x150.webp 300w\" sizes=\"auto, (max-width: 474px) 100vw, 474px\" \/><\/figure>\n\n\n\n<div style=\"height:47px\" aria-hidden=\"true\" class=\"wp-block-spacer\"><\/div>\n\n\n\n<p><\/p>\n\n\n\n<p class=\"has-normal-font-size\">Dai <strong>non pu\u00f2 essere vero <\/strong>mi dico&#8230;allora chiedo gentilmente che me lo scriva.<\/p>\n\n\n\n<p class=\"has-normal-font-size\">&#8220;sa,,, la musica &#8230;(de merda..come in ogni bar d&#8217;altronde)&#8221;<br>Ecco il bigliettino : &#8220;Roc Del Duc.&#8221;<\/p>\n\n\n\n<p class=\"has-normal-font-size\">ahhhhhhhhhhh ! Per\u00f2 dai&#8230;non eravamo poi cos\u00ec lontani nel suono. Sono 11 km di distanza circa, molti dei quali su<strong> strada burrosamente gustosa e curvosamente libera<\/strong>.<\/p>\n\n\n\n<p class=\"has-normal-font-size\"><\/p>\n\n\n\n<p class=\"has-normal-font-size\">Peccato che saliti sulla cima, ad attenderci  il mini appartamento sia inserito in un triste contesto anni 70 che dire fuori luogo \u00e8 fare un complimentone.  E come potete vedere via ROCKERDUCK esiste&#8230;<\/p>\n\n\n\n<div style=\"height:64px\" aria-hidden=\"true\" class=\"wp-block-spacer\"><\/div>\n\n\n\n<figure class=\"wp-block-image size-large\"><img loading=\"lazy\" decoding=\"async\" width=\"1024\" height=\"504\" src=\"https:\/\/aquileingiro.net\/wp-content\/uploads\/2025\/10\/rocdelduc-1024x504.png\" alt=\"\" class=\"wp-image-2477\" srcset=\"https:\/\/aquileingiro.net\/wp-content\/uploads\/2025\/10\/rocdelduc-1024x504.png 1024w, https:\/\/aquileingiro.net\/wp-content\/uploads\/2025\/10\/rocdelduc-300x148.png 300w, https:\/\/aquileingiro.net\/wp-content\/uploads\/2025\/10\/rocdelduc-768x378.png 768w, https:\/\/aquileingiro.net\/wp-content\/uploads\/2025\/10\/rocdelduc.png 1425w\" sizes=\"auto, (max-width: 1024px) 100vw, 1024px\" \/><\/figure>\n\n\n\n<div style=\"height:64px\" aria-hidden=\"true\" class=\"wp-block-spacer\"><\/div>\n\n\n\n<p class=\"has-normal-font-size\">Gi\u00f9 i bagagli e poi prendiamo qualcosa da cucinare nella bottega in basso.<br>Pasta e sugo.<\/p>\n\n\n\n<p class=\"has-normal-font-size\">Tadah&#8230; ma la cucina \u00e8 praticamente finta. <strong>Allora vai di pane e ?<\/strong> Castelmagno&#8230;<br>Rimettiamo via l&#8217;italico pasto nelle valigie, ..tanto kg pi\u00f9 o meno oramai..<\/p>\n\n\n\n<div style=\"height:64px\" aria-hidden=\"true\" class=\"wp-block-spacer\"><\/div>\n\n\n\n<p class=\"has-normal-font-size\">Il letto matrimoniale da una parte \u00e8 aderente ad una parete e ti trovi spalmato con la faccia all&#8217;angolo contro la carta da parati, dall&#8217;altra va un po &#8216; meglio , ci passa a stento giusto giusto un anoressico preadolescente , perch\u00e8 a fianco c&#8217;\u00e8 pure un letto a castello bello massiccio. <\/p>\n\n\n\n<p class=\"has-normal-font-size\">Davanti al letto a castello non facciamoci mancare un armadio. <\/p>\n\n\n\n<p class=\"has-normal-font-size\">Possibile ? si.<br>Per\u00f2 \u00e8 caldo , il letto c&#8217;\u00e8 ed \u00e8 tutto pulito. In compenso la moto \u00e8 esposta ai 4 venti sulla sommit\u00e0 del parcheggio. Porella.<br>Con il sangue che presenta ancora una piccola percentuale di globuli rossi tra il caglio e sale nelle vene, ci corichiamo e non possiamo che sognare Heidi e Peter. <br>Per andare al cesso <strong>di notte<\/strong> devo fare come Nadia Com\u0103neci..con la grazie di un bisonte.<\/p>\n\n\n\n<div style=\"height:49px\" aria-hidden=\"true\" class=\"wp-block-spacer\"><\/div>\n\n\n\n<figure class=\"wp-block-image aligncenter size-large\"><img decoding=\"async\" src=\"https:\/\/tse3.mm.bing.net\/th\/id\/OIP.4ekGNJhBXXWkSxGJ0QJ-SQHaE_?cb=12&amp;rs=1&amp;pid=ImgDetMain&amp;o=7&amp;rm=3\" alt=\"\"\/><\/figure>\n\n\n\n<div style=\"height:49px\" aria-hidden=\"true\" class=\"wp-block-spacer\"><\/div>\n\n\n\n<p><\/p>\n\n\n\n<p class=\"has-normal-font-size\"><br><strong>La notte tira un gran vento<\/strong>. Per esperienza quando cessa o piove o il cielo \u00e8 terso.<br>Ci va di culo con la busta meteo numero due..e la vista qui in foto \u00e8 davvero notevole ma noi impegnandoci , riusciamo a fare foto scarse anche da fermi.<\/p>\n\n\n\n<div style=\"height:64px\" aria-hidden=\"true\" class=\"wp-block-spacer\"><\/div>\n\n\n\n<figure class=\"wp-block-image size-large\"><img loading=\"lazy\" decoding=\"async\" width=\"1024\" height=\"576\" src=\"https:\/\/aquileingiro.net\/wp-content\/uploads\/2025\/10\/IMG-20251011-WA0064-1024x576.jpg\" alt=\"\" class=\"wp-image-2490\" srcset=\"https:\/\/aquileingiro.net\/wp-content\/uploads\/2025\/10\/IMG-20251011-WA0064-1024x576.jpg 1024w, https:\/\/aquileingiro.net\/wp-content\/uploads\/2025\/10\/IMG-20251011-WA0064-300x169.jpg 300w, https:\/\/aquileingiro.net\/wp-content\/uploads\/2025\/10\/IMG-20251011-WA0064-768x432.jpg 768w, https:\/\/aquileingiro.net\/wp-content\/uploads\/2025\/10\/IMG-20251011-WA0064-1536x864.jpg 1536w, https:\/\/aquileingiro.net\/wp-content\/uploads\/2025\/10\/IMG-20251011-WA0064.jpg 1600w\" sizes=\"auto, (max-width: 1024px) 100vw, 1024px\" \/><\/figure>\n\n\n\n<div style=\"height:64px\" aria-hidden=\"true\" class=\"wp-block-spacer\"><\/div>\n\n\n\n<p class=\"has-normal-font-size\">Il gestore dell&#8217;appartamento , tal Paperoga , vorrebbe che<strong> portassimo indietro le chiavi <\/strong>ma noi dobbiamo andare in direzione opposta il che vorrebbe dire fare 22 km per la sua comodit\u00e0. <br>Concordiamo una pi\u00f9 razionale e normale soluzione , verranno a prendersi le chiavi Qui Quo Qua lasciate all&#8217;interno. <strong>Dico &#8230;ma ti pare 22km<\/strong> ?<\/p>\n\n\n\n<div style=\"height:54px\" aria-hidden=\"true\" class=\"wp-block-spacer\"><\/div>\n\n\n\n<hr class=\"wp-block-separator has-alpha-channel-opacity is-style-wide\"\/>\n\n\n\n<div style=\"height:126px\" aria-hidden=\"true\" class=\"wp-block-spacer\"><\/div>\n\n\n\n<h3 class=\"wp-block-heading\">Verso i colli francesi<\/h3>\n\n\n\n<div style=\"height:61px\" aria-hidden=\"true\" class=\"wp-block-spacer\"><\/div>\n\n\n\n<p class=\"has-normal-font-size\">Direzione ovest e giunti al <strong>forte di Fenestrelle <\/strong>facciamo una breve sosta.<\/p>\n\n\n\n<p class=\"has-normal-font-size\">Da qualche periodo al centro di <strong>polemiche <\/strong>da parte di &#8220;neoborbonici&#8221; per presunte o effettive deportazioni di coloro che non accettavano l&#8217;arruolmento nell&#8217;esercito piemontese (te credo).<br>Non so cosa sia avvenuto. Gli storici negano.Altri controribattono. E ?<br>La struttura esiste. Come i castelli e tanti altre fortificazioni.<br>Qui in provincia di Vr, alcuni forti austriaci li hanno <strong>adibiti anche a birreria<\/strong>&#8230;eppure erano tuttaltro che luoghi di villeggiatura per i nostri non lontani avi.<\/p>\n\n\n\n<p class=\"has-normal-font-size\">Guardare avanti invece che indietro aiuta. Sempre.<\/p>\n\n\n\n<div style=\"height:64px\" aria-hidden=\"true\" class=\"wp-block-spacer\"><\/div>\n\n\n\n<figure class=\"wp-block-image aligncenter size-large\"><img loading=\"lazy\" decoding=\"async\" width=\"576\" height=\"1024\" src=\"https:\/\/aquileingiro.net\/wp-content\/uploads\/2025\/10\/fenerstrelle-576x1024.jpg\" alt=\"\" class=\"wp-image-2495\" srcset=\"https:\/\/aquileingiro.net\/wp-content\/uploads\/2025\/10\/fenerstrelle-576x1024.jpg 576w, https:\/\/aquileingiro.net\/wp-content\/uploads\/2025\/10\/fenerstrelle-169x300.jpg 169w, https:\/\/aquileingiro.net\/wp-content\/uploads\/2025\/10\/fenerstrelle-768x1365.jpg 768w, https:\/\/aquileingiro.net\/wp-content\/uploads\/2025\/10\/fenerstrelle-864x1536.jpg 864w, https:\/\/aquileingiro.net\/wp-content\/uploads\/2025\/10\/fenerstrelle.jpg 900w\" sizes=\"auto, (max-width: 576px) 100vw, 576px\" \/><\/figure>\n\n\n\n<div style=\"height:64px\" aria-hidden=\"true\" class=\"wp-block-spacer\"><\/div>\n\n\n\n<p><\/p>\n\n\n\n<p class=\"has-normal-font-size\">Passata la malsana idea di fare <strong>Assietta e colle Finestre<\/strong> in configurazione MotoObelix e anche per non rompere un idilliaco rapporto matrimoniale che dura da ben 31 anni..andiamo ad ovest al Sestriere dove giustamente, oggi non fa proprio un casso di caldo.<br>Servizio velocissimo, Th\u00e8 caldo fetta di strudel e poi di nuovo ad ovest.<\/p>\n\n\n\n<div style=\"height:64px\" aria-hidden=\"true\" class=\"wp-block-spacer\"><\/div>\n\n\n\n<p><\/p>\n\n\n\n<figure class=\"wp-block-image aligncenter size-large\"><img loading=\"lazy\" decoding=\"async\" width=\"1024\" height=\"768\" src=\"https:\/\/aquileingiro.net\/wp-content\/uploads\/2025\/10\/sestriere-1024x768.jpg\" alt=\"\" class=\"wp-image-2498\" srcset=\"https:\/\/aquileingiro.net\/wp-content\/uploads\/2025\/10\/sestriere-1024x768.jpg 1024w, https:\/\/aquileingiro.net\/wp-content\/uploads\/2025\/10\/sestriere-300x225.jpg 300w, https:\/\/aquileingiro.net\/wp-content\/uploads\/2025\/10\/sestriere-768x576.jpg 768w, https:\/\/aquileingiro.net\/wp-content\/uploads\/2025\/10\/sestriere-1536x1152.jpg 1536w, https:\/\/aquileingiro.net\/wp-content\/uploads\/2025\/10\/sestriere-2048x1536.jpg 2048w\" sizes=\"auto, (max-width: 1024px) 100vw, 1024px\" \/><\/figure>\n\n\n\n<div style=\"height:64px\" aria-hidden=\"true\" class=\"wp-block-spacer\"><\/div>\n\n\n\n<p class=\"has-normal-font-size\">La strada \u00e8 bella, tenuta bene ma gli zero gradi mi inducono a<strong> inserire mappa<\/strong> cacasotto.<br>Non cercatela tramite levetta in quelle disponibili. <strong>Me l&#8217;hanno installata <\/strong>nella amigdala dopo una scivolata a passo Vezzena molti anni fa, febbraio,sera tardissima noi e il gatto delle nevi. Giuro.<\/p>\n\n\n\n<div style=\"height:64px\" aria-hidden=\"true\" class=\"wp-block-spacer\"><\/div>\n\n\n\n<hr class=\"wp-block-separator has-alpha-channel-opacity is-style-wide\"\/>\n\n\n\n<div style=\"height:57px\" aria-hidden=\"true\" class=\"wp-block-spacer\"><\/div>\n\n\n\n<h3 class=\"wp-block-heading\">Si svalica in compagnia di..<\/h3>\n\n\n\n<div style=\"height:48px\" aria-hidden=\"true\" class=\"wp-block-spacer\"><\/div>\n\n\n\n<p class=\"has-normal-font-size\">Ad un semaforo di lavori in corso facciamo la &#8220;conoscenza&#8221; di <strong>3 italiani<\/strong>.<\/p>\n\n\n\n<p class=\"has-normal-font-size\">Sono &#8220;NI&#8221; , &#8220;CO&#8221; e &#8220;GLIO&#8221;. Potete facilmente <strong>anagrammare<\/strong>.<br>Non li voglio associare alle moto perch\u00e8 poi mi porterei il pregiudizio mentale per anni.<br>E quindi non le cito nemmeno, la benelli trk 700, la cfmoto 450 e la ducati desert. OPS.<\/p>\n\n\n\n<div style=\"height:39px\" aria-hidden=\"true\" class=\"wp-block-spacer\"><\/div>\n\n\n\n<p class=\"has-normal-font-size\">Appena arriva il verde NI ci passa alla destra tra moto ed il semaforo. <br>Il <strong>Coglionometro <\/strong>segnala 6,5.<br>Lui setta il suo stato mentale in ABNORMAL + quando inizia un sorpasso con striscia continua ad inizio curva. <br>Coglionometro 7.<\/p>\n\n\n\n<div style=\"height:44px\" aria-hidden=\"true\" class=\"wp-block-spacer\"><\/div>\n\n\n\n<p class=\"has-normal-font-size\">Azzardato ma va beh&#8230;che potevamo aspettarci ?<br>&#8220;CO&#8221; che lo segue non pu\u00f2 restare indietro nella qualifica. Al bar sport lo perculerebbero.<br>Il sorpasso lo fa quando la curva inizia gi\u00e0 a stringere bene. Parecchio.<br>Coglionometro 8.<\/p>\n\n\n\n<div style=\"height:48px\" aria-hidden=\"true\" class=\"wp-block-spacer\"><\/div>\n\n\n\n<p class=\"has-normal-font-size\">&#8220;GLIO&#8221; che poveraccio \u00e8 ultimo dei tre (e un motivo ci sar\u00e0) , nonostante la moto grossa compensatrice del pene piccolo , percorre tutta la curva letteralmente contromano al centro corsia.<\/p>\n\n\n\n<div style=\"height:57px\" aria-hidden=\"true\" class=\"wp-block-spacer\"><\/div>\n\n\n\n<p class=\"has-normal-font-size\">Coglionometro 9. <\/p>\n\n\n\n<div style=\"height:43px\" aria-hidden=\"true\" class=\"wp-block-spacer\"><\/div>\n\n\n\n<p class=\"has-normal-font-size\">10 fondo scala , sei inesorabilmente morto, con annunci &#8220;prematuramente e tragicamente scomparso blabla .. a cui andrebbe aggiunto per legge alla fine &#8220;ma soprattutto perch\u00e8 era un grandissimo pirla&#8221;.<\/p>\n\n\n\n<p class=\"has-normal-font-size\"><br>Il gelo ora \u00e8 molto pi\u00f9 intenso dentro le nostre giacche che fuori. E&#8217; un tratto frequentato ok, ma i &#8220;tres amigos de lo scroto&#8221; potevano creare un macello.<br>Ci infiliamo dietro ad una vettura che procede nei buoni limiti presenti. Vuoi mai che<strong> i fenomeni cerebrotesticolari <\/strong>tornino indietro.<\/p>\n\n\n\n<div style=\"height:38px\" aria-hidden=\"true\" class=\"wp-block-spacer\"><\/div>\n\n\n\n<p class=\"has-normal-font-size\">Tu credi di averla scampata!<br>Quando <strong>la somma dei 3 qi <\/strong>non ne fa uno da primate, ecco che te li trovi fermi dopo 10 km cercando di scaldarsi a bordo strada.<\/p>\n\n\n\n<div style=\"height:31px\" aria-hidden=\"true\" class=\"wp-block-spacer\"><\/div>\n\n\n\n<p class=\"has-normal-font-size\"><\/p>\n\n\n\n<figure class=\"wp-block-image aligncenter size-full is-resized\"><img loading=\"lazy\" decoding=\"async\" width=\"533\" height=\"750\" src=\"https:\/\/aquileingiro.net\/wp-content\/uploads\/2025\/10\/chimpanzee-in-helmet-vector-6975969.avif\" alt=\"\" class=\"wp-image-2932\" style=\"width:192px;height:auto\" srcset=\"https:\/\/aquileingiro.net\/wp-content\/uploads\/2025\/10\/chimpanzee-in-helmet-vector-6975969.avif 533w, https:\/\/aquileingiro.net\/wp-content\/uploads\/2025\/10\/chimpanzee-in-helmet-vector-6975969-213x300.avif 213w\" sizes=\"auto, (max-width: 533px) 100vw, 533px\" \/><\/figure>\n\n\n\n<div style=\"height:31px\" aria-hidden=\"true\" class=\"wp-block-spacer\"><\/div>\n\n\n\n<p class=\"has-normal-font-size\">Jeans, scarpette da ginnastica (basse) . Sigaretta.  Ridono! <\/p>\n\n\n\n<p class=\"has-normal-font-size\">Il sole batte bene. E loro ? Sono dalla parte opposta all&#8217;ombra che battono i piedi.<\/p>\n\n\n\n<p class=\"has-normal-font-size\"><\/p>\n\n\n\n<p class=\"has-normal-font-size\">Sar\u00e0 cos\u00ec una esibizione di soste e sorpassi con angeli custodi a fare gli extra fino a oltre il Moncenisio.<br>La nostra Centenario poi col il suo verdino calza a pennello nel ruolo della tartaruga contro la lepre. <br>Cercheranno ogni tot km di scaldarsi, Rigorosamente all&#8217;ombra. <br>Alla fine <strong>li troveremo prossimi al&#8217;ibernazione <\/strong>, sotto la pensilina di un bus (all&#8217;ombra ) che ci saluteranno come fossimo vecchi amici bikers e noi tranquilli a proseguire.<br><\/p>\n\n\n\n<p class=\"has-normal-font-size\"><\/p>\n\n\n\n<hr class=\"wp-block-separator has-alpha-channel-opacity is-style-wide\"\/>\n\n\n\n<div style=\"height:66px\" aria-hidden=\"true\" class=\"wp-block-spacer\"><\/div>\n\n\n\n<p class=\"has-normal-font-size\">Chiara rimane giustamente ad ammirare il <strong>bel lago di Moncenisio<\/strong> che non aveva mai visto. Poi si va. Ogni volta mi riprometto di ricordarmi i nomi delle cime circostanti ma sono promesse vane. Non me ne rammento una che sia una.<\/p>\n\n\n\n<div style=\"height:59px\" aria-hidden=\"true\" class=\"wp-block-spacer\"><\/div>\n\n\n\n<figure class=\"wp-block-image aligncenter size-large\"><img loading=\"lazy\" decoding=\"async\" width=\"768\" height=\"1024\" src=\"https:\/\/aquileingiro.net\/wp-content\/uploads\/2025\/10\/monce-768x1024.jpg\" alt=\"\" class=\"wp-image-2507\" srcset=\"https:\/\/aquileingiro.net\/wp-content\/uploads\/2025\/10\/monce-768x1024.jpg 768w, https:\/\/aquileingiro.net\/wp-content\/uploads\/2025\/10\/monce-225x300.jpg 225w, https:\/\/aquileingiro.net\/wp-content\/uploads\/2025\/10\/monce.jpg 1024w\" sizes=\"auto, (max-width: 768px) 100vw, 768px\" \/><\/figure>\n\n\n\n<div style=\"height:64px\" aria-hidden=\"true\" class=\"wp-block-spacer\"><\/div>\n\n\n\n<p class=\"has-vivid-purple-color has-white-background-color has-text-color has-background has-link-color has-normal-font-size wp-elements-22a7f6ea90b79f2b5c91824edcd8fd5b\"><strong>Sole, colli francesi, maestose cime e cielo terso, moglie dietro. Over the TOP.<\/strong><\/p>\n\n\n\n<p class=\"has-contrast-color has-base-background-color has-text-color has-background has-link-color has-normal-font-size wp-elements-adcdd96496e0ba5c0231aebdf976c720\"><br>Recuperiamo il guanto caduto per il gelo dalla manina della stoica passeggera..che tiene ogni tanto il telefono in mano di sua sponte per qualche foto ..e allora chiedo due scatti. Gelone piu&#8217; gelone meno..ti sei gi\u00e0 immolata..ed ecco sotto una bellissima moto in bel paesaggio.<\/p>\n\n\n\n<p class=\"has-normal-font-size\"><br>Moto &#8216;si bella che quasi sfigura lo sfondo. E il cavalier di giallo vestito na robetta&#8230;fine.<\/p>\n\n\n\n<div style=\"height:38px\" aria-hidden=\"true\" class=\"wp-block-spacer\"><\/div>\n\n\n\n<p><\/p>\n\n\n\n<figure class=\"wp-block-gallery has-nested-images columns-default is-cropped wp-block-gallery-2 is-layout-flex wp-block-gallery-is-layout-flex\">\n<figure class=\"wp-block-image size-large\"><img loading=\"lazy\" decoding=\"async\" width=\"1024\" height=\"576\" data-id=\"2518\" src=\"https:\/\/aquileingiro.net\/wp-content\/uploads\/2025\/10\/IMG-20251011-WA0080-1024x576.jpg\" alt=\"\" class=\"wp-image-2518\" srcset=\"https:\/\/aquileingiro.net\/wp-content\/uploads\/2025\/10\/IMG-20251011-WA0080-1024x576.jpg 1024w, https:\/\/aquileingiro.net\/wp-content\/uploads\/2025\/10\/IMG-20251011-WA0080-300x169.jpg 300w, https:\/\/aquileingiro.net\/wp-content\/uploads\/2025\/10\/IMG-20251011-WA0080-768x432.jpg 768w, https:\/\/aquileingiro.net\/wp-content\/uploads\/2025\/10\/IMG-20251011-WA0080-1536x864.jpg 1536w, https:\/\/aquileingiro.net\/wp-content\/uploads\/2025\/10\/IMG-20251011-WA0080.jpg 1600w\" sizes=\"auto, (max-width: 1024px) 100vw, 1024px\" \/><\/figure>\n\n\n\n<figure class=\"wp-block-image size-large\"><img loading=\"lazy\" decoding=\"async\" width=\"1024\" height=\"576\" data-id=\"2519\" src=\"https:\/\/aquileingiro.net\/wp-content\/uploads\/2025\/10\/IMG-20251011-WA0081-1024x576.jpg\" alt=\"\" class=\"wp-image-2519\" srcset=\"https:\/\/aquileingiro.net\/wp-content\/uploads\/2025\/10\/IMG-20251011-WA0081-1024x576.jpg 1024w, https:\/\/aquileingiro.net\/wp-content\/uploads\/2025\/10\/IMG-20251011-WA0081-300x169.jpg 300w, https:\/\/aquileingiro.net\/wp-content\/uploads\/2025\/10\/IMG-20251011-WA0081-768x432.jpg 768w, https:\/\/aquileingiro.net\/wp-content\/uploads\/2025\/10\/IMG-20251011-WA0081-1536x864.jpg 1536w, https:\/\/aquileingiro.net\/wp-content\/uploads\/2025\/10\/IMG-20251011-WA0081.jpg 1600w\" sizes=\"auto, (max-width: 1024px) 100vw, 1024px\" \/><\/figure>\n<\/figure>\n\n\n\n<div style=\"height:64px\" aria-hidden=\"true\" class=\"wp-block-spacer\"><\/div>\n\n\n\n<p><\/p>\n\n\n\n<p class=\"has-normal-font-size\">Tratta Modane Valloire Briancon nota ma sempre meravigliosa. Eh beh&#8230;ci sta il <strong>Galibier ed il Lautaret <\/strong>e ad onor del vero l&#8217;avevamo sempre percorsa in senso opposto.Credo..<\/p>\n\n\n\n<p class=\"has-normal-font-size\">Il sole inizia ad abbassarsi, le temperature anche e,  quello che sotto nella foto sembra ghiaccio,  in parte lo \u00e8 proprio. Perch\u00e8 -bello bello- -sole sole- ma poi a sera i tratti all&#8217;ombra ghiacciano dove di giorno scioglie.<\/p>\n\n\n\n<div style=\"height:64px\" aria-hidden=\"true\" class=\"wp-block-spacer\"><\/div>\n\n\n\n<figure class=\"wp-block-image aligncenter size-large\"><img loading=\"lazy\" decoding=\"async\" width=\"576\" height=\"1024\" src=\"https:\/\/aquileingiro.net\/wp-content\/uploads\/2025\/10\/IMG-20251011-WA0085-576x1024.jpg\" alt=\"\" class=\"wp-image-2521\" srcset=\"https:\/\/aquileingiro.net\/wp-content\/uploads\/2025\/10\/IMG-20251011-WA0085-576x1024.jpg 576w, https:\/\/aquileingiro.net\/wp-content\/uploads\/2025\/10\/IMG-20251011-WA0085-169x300.jpg 169w, https:\/\/aquileingiro.net\/wp-content\/uploads\/2025\/10\/IMG-20251011-WA0085-768x1365.jpg 768w, https:\/\/aquileingiro.net\/wp-content\/uploads\/2025\/10\/IMG-20251011-WA0085-864x1536.jpg 864w, https:\/\/aquileingiro.net\/wp-content\/uploads\/2025\/10\/IMG-20251011-WA0085.jpg 900w\" sizes=\"auto, (max-width: 576px) 100vw, 576px\" \/><\/figure>\n\n\n\n<div style=\"height:64px\" aria-hidden=\"true\" class=\"wp-block-spacer\"><\/div>\n\n\n\n<p><\/p>\n\n\n\n<p class=\"has-normal-font-size\">Si passa a sud scorrevolmente tra il <strong>parco de Les Ecrines a ovest e Queras ad est<\/strong>.<br>Non ricordavo che il il<strong> Lago di Serre-Pon\u00e7on <\/strong>offrisse scorci di una tale bellezza mozzafiato. Altra temperatura, vegetazione, e paesaggi.<\/p>\n\n\n\n<p class=\"has-normal-font-size\">Come sempre <strong>le strade alternative<\/strong> alle principali sono molto meno antropizzate e le preferiamo. Siamo spesso ripagati.<\/p>\n\n\n\n<div style=\"height:64px\" aria-hidden=\"true\" class=\"wp-block-spacer\"><\/div>\n\n\n\n<figure class=\"wp-block-image aligncenter size-large\"><img loading=\"lazy\" decoding=\"async\" width=\"1024\" height=\"576\" src=\"https:\/\/aquileingiro.net\/wp-content\/uploads\/2025\/10\/IMG-20251011-WA0086-1024x576.jpg\" alt=\"\" class=\"wp-image-2523\" srcset=\"https:\/\/aquileingiro.net\/wp-content\/uploads\/2025\/10\/IMG-20251011-WA0086-1024x576.jpg 1024w, https:\/\/aquileingiro.net\/wp-content\/uploads\/2025\/10\/IMG-20251011-WA0086-300x169.jpg 300w, https:\/\/aquileingiro.net\/wp-content\/uploads\/2025\/10\/IMG-20251011-WA0086-768x432.jpg 768w, https:\/\/aquileingiro.net\/wp-content\/uploads\/2025\/10\/IMG-20251011-WA0086-1536x864.jpg 1536w, https:\/\/aquileingiro.net\/wp-content\/uploads\/2025\/10\/IMG-20251011-WA0086.jpg 1600w\" sizes=\"auto, (max-width: 1024px) 100vw, 1024px\" \/><\/figure>\n\n\n\n<div style=\"height:64px\" aria-hidden=\"true\" class=\"wp-block-spacer\"><\/div>\n\n\n\n<p><\/p>\n\n\n\n<p class=\"has-normal-font-size\">Arriviamo a destinazione e stasera almeno, anche se buonissimo vorrei evitare il Castelmagno. <br>Siamo al <strong>&#8220;Relais du Lac&#8221; sulla D900<\/strong> dove a dispetto del nome altisonante da superfichi e vacanze di Natale con DeSica ci attende una essenzialissima stanza al piano superiore.<br>Luogo moderno assai &#8230;lungo le scale scricchiolanti passa il fantasma di GinoCervi Maigret con la pipa in mano che non ci caga di striscio.<\/p>\n\n\n\n<div style=\"height:64px\" aria-hidden=\"true\" class=\"wp-block-spacer\"><\/div>\n\n\n\n<figure class=\"wp-block-image size-full\"><img loading=\"lazy\" decoding=\"async\" width=\"800\" height=\"600\" src=\"https:\/\/aquileingiro.net\/wp-content\/uploads\/2025\/10\/relais.jpg\" alt=\"\" class=\"wp-image-2583\" srcset=\"https:\/\/aquileingiro.net\/wp-content\/uploads\/2025\/10\/relais.jpg 800w, https:\/\/aquileingiro.net\/wp-content\/uploads\/2025\/10\/relais-300x225.jpg 300w, https:\/\/aquileingiro.net\/wp-content\/uploads\/2025\/10\/relais-768x576.jpg 768w\" sizes=\"auto, (max-width: 800px) 100vw, 800px\" \/><\/figure>\n\n\n\n<div style=\"height:64px\" aria-hidden=\"true\" class=\"wp-block-spacer\"><\/div>\n\n\n\n<p class=\"has-normal-font-size\"><br>Ma chi se ne frega&#8230;noi come altri bikers stranieri.<strong> Fantasmi, scricchiolii, spartanit\u00e0<\/strong>!<\/p>\n\n\n\n<p class=\"has-normal-font-size\">Doccia caldissima e poi gi\u00f9 al ristorante in cui stasera ci sono solo autoctoni. <br>Luogo <strong>realmente molto accogliente<\/strong>, semplice ma che trasuda autenticit\u00e0 e storia.<\/p>\n\n\n\n<p class=\"has-normal-font-size\"><\/p>\n\n\n\n<p class=\"has-normal-font-size\">Ordiniamo e il<strong> piatto del giorno a 13 euro \u00e8 sensazionale<\/strong>. Mangiamo davvero oramai pochissima carne. Da anni. Questa volta ci sta.<br>Accompagnato da una birra modesta ma adatta a noi nel nome&#8230;e poi anche molta acqua.<\/p>\n\n\n\n<p><\/p>\n\n\n\n<div style=\"height:57px\" aria-hidden=\"true\" class=\"wp-block-spacer\"><\/div>\n\n\n\n<figure class=\"wp-block-gallery has-nested-images columns-default is-cropped wp-block-gallery-3 is-layout-flex wp-block-gallery-is-layout-flex\">\n<figure class=\"wp-block-image size-large is-style-rounded\"><img loading=\"lazy\" decoding=\"async\" width=\"900\" height=\"840\" data-id=\"2525\" src=\"https:\/\/aquileingiro.net\/wp-content\/uploads\/2025\/10\/stinco.png\" alt=\"\" class=\"wp-image-2525\" srcset=\"https:\/\/aquileingiro.net\/wp-content\/uploads\/2025\/10\/stinco.png 900w, https:\/\/aquileingiro.net\/wp-content\/uploads\/2025\/10\/stinco-300x280.png 300w, https:\/\/aquileingiro.net\/wp-content\/uploads\/2025\/10\/stinco-768x717.png 768w\" sizes=\"auto, (max-width: 900px) 100vw, 900px\" \/><\/figure>\n\n\n\n<figure class=\"wp-block-image size-large is-style-rounded\"><img loading=\"lazy\" decoding=\"async\" width=\"576\" height=\"1024\" data-id=\"2586\" src=\"https:\/\/aquileingiro.net\/wp-content\/uploads\/2025\/10\/birra-576x1024.jpg\" alt=\"\" class=\"wp-image-2586\" srcset=\"https:\/\/aquileingiro.net\/wp-content\/uploads\/2025\/10\/birra-576x1024.jpg 576w, https:\/\/aquileingiro.net\/wp-content\/uploads\/2025\/10\/birra-169x300.jpg 169w, https:\/\/aquileingiro.net\/wp-content\/uploads\/2025\/10\/birra-768x1365.jpg 768w, https:\/\/aquileingiro.net\/wp-content\/uploads\/2025\/10\/birra-864x1536.jpg 864w, https:\/\/aquileingiro.net\/wp-content\/uploads\/2025\/10\/birra.jpg 900w\" sizes=\"auto, (max-width: 576px) 100vw, 576px\" \/><\/figure>\n<\/figure>\n\n\n\n<div style=\"height:64px\" aria-hidden=\"true\" class=\"wp-block-spacer\"><\/div>\n\n\n\n<p><\/p>\n\n\n\n<p class=\"has-normal-font-size\">Francesemente satolli di cibo , andiamo a ronfare. <\/p>\n\n\n\n<p><\/p>\n\n\n\n<div style=\"height:130px\" aria-hidden=\"true\" class=\"wp-block-spacer\"><\/div>\n\n\n\n<h3 class=\"wp-block-heading\">Ah la Provence ! Ahi la Provence !<\/h3>\n\n\n\n<hr class=\"wp-block-separator has-alpha-channel-opacity is-style-wide\"\/>\n\n\n\n<p><\/p>\n\n\n\n<p><\/p>\n\n\n\n<p class=\"has-normal-font-size\"><br>Luned\u00ec mattina sveglia e partenza ma non mi sento proprio proprio in grandissima forma.<\/p>\n\n\n\n<p class=\"has-normal-font-size\">La valle \u00e8 fredda alle 8 quando partiamo , 1 grado sulla strumentazione che poi gira li attorno con qualcosa in pi\u00f9 ma anche in meno..<br>Direzione ovest e poi sud. Si torna in pieno sole. E i <strong>panorami<\/strong> provenzali sono ancora strepitosi&#8230;ma <strong>oggi non li assaporo molto.<\/strong>.anzi direi pochetto , poi nulla nella guida.<\/p>\n\n\n\n<div style=\"height:51px\" aria-hidden=\"true\" class=\"wp-block-spacer\"><\/div>\n\n\n\n<p class=\"has-normal-font-size\"><strong>Sento<\/strong> un dolore al ventre e lo attribuisco a un possibile colpo di freddo. Strano.<br>Son sempre ben coperto e attrezzato.<br>Penso che alla prima stazione, come consuetudine, ci fermeremo per il rifornimento e io aitante e baldanzoso ,seppur diversamente giovine, mi ripiglier\u00f2 con cipiglio in un attimo.<\/p>\n\n\n\n<p class=\"has-normal-font-size\"><\/p>\n\n\n\n<div style=\"height:51px\" aria-hidden=\"true\" class=\"wp-block-spacer\"><\/div>\n\n\n\n<p class=\"has-normal-font-size\">Arriviamo alla solitaria ETS di Selonnet pensata e creata ed installata da<strong> <a href=\"https:\/\/it.wikipedia.org\/wiki\/I_segreti_di_Twin_Peaks\" title=\"\">David Lynch<\/a><\/strong> in persona.<br>Auto distrutte, auto in riparazione, lento via vai di persone.<br>Tutto sembra normale.Sembra.<\/p>\n\n\n\n<div style=\"height:50px\" aria-hidden=\"true\" class=\"wp-block-spacer\"><\/div>\n\n\n\n<figure class=\"wp-block-image size-full\"><img loading=\"lazy\" decoding=\"async\" width=\"954\" height=\"748\" src=\"https:\/\/aquileingiro.net\/wp-content\/uploads\/2025\/10\/etssaoonnet.png\" alt=\"\" class=\"wp-image-2528\" srcset=\"https:\/\/aquileingiro.net\/wp-content\/uploads\/2025\/10\/etssaoonnet.png 954w, https:\/\/aquileingiro.net\/wp-content\/uploads\/2025\/10\/etssaoonnet-300x235.png 300w, https:\/\/aquileingiro.net\/wp-content\/uploads\/2025\/10\/etssaoonnet-768x602.png 768w\" sizes=\"auto, (max-width: 954px) 100vw, 954px\" \/><\/figure>\n\n\n\n<div style=\"height:50px\" aria-hidden=\"true\" class=\"wp-block-spacer\"><\/div>\n\n\n\n<p class=\"has-normal-font-size\"><br>In qualche modo lo spirito maligno locale deve essere entrato nel mio corpo.<\/p>\n\n\n\n<p class=\"has-normal-font-size\">L&#8217; originale &#8220;Fuoco cammina con me&#8221; diventa nella versione in onda qui oggi &#8220;fuoco spacca dentro di me&#8221;.<\/p>\n\n\n\n<p class=\"has-normal-font-size\">Faccio benzina e i dolori aumentano&#8230;.due passi e faccio pip\u00ec nei campi.<br>Salviette igieniche in in tasca.. che malpensanti!<\/p>\n\n\n\n<p><\/p>\n\n\n\n<div style=\"height:50px\" aria-hidden=\"true\" class=\"wp-block-spacer\"><\/div>\n\n\n\n<p class=\"has-normal-font-size\">Da li a poco torno alla moto e inizio a sudare freddo e cerco di aiutarmi con la respirazione.<strong> 5,10,20 minuti, Nada. Nix.<\/strong><\/p>\n\n\n\n<p class=\"has-normal-font-size\">Dopo Laura Palmer ecco che questo \u00e8 il mio giro.<\/p>\n\n\n\n<div style=\"height:50px\" aria-hidden=\"true\" class=\"wp-block-spacer\"><\/div>\n\n\n\n<p class=\"has-normal-font-size\">Entro e <strong>chiedo dell&#8217;acqua calda<\/strong>. Il signore gentile della stazione ,\u00e8 non a caso la versione invecchiata e brizzolata di <a href=\"https:\/\/it.wikipedia.org\/wiki\/Dale_Cooper\"><strong>Dale Bartholomew Cooper<\/strong><\/a> e mi guarda perplesso.<\/p>\n\n\n\n<p class=\"has-normal-font-size\">Nel grande frigo delle bibite giace solitaria lattina fredda di coca cola che solo a vederla sto peggio. Surreale e brividoso..<\/p>\n\n\n\n<p><\/p>\n\n\n\n<p class=\"has-normal-font-size\"><br>Mi faccio due th\u00e8 caldi con una bustina che mi era rimasta. E che bevo con calma.<\/p>\n\n\n\n<p class=\"has-normal-font-size\">Chiedo con il mio imperfetto francese..dove si possa dormire vicino e un &#8220;<strong>docteur<\/strong>&#8220;. <br>Non solo fornisce gentilmente tutte le informazioni necessarie ma chiama lui stesso l&#8217;ambulatorio pi\u00f9 vicino. Sudo ho freddo e sto gran male.<br><em>&#8220;insomma sto italiano se ne va o no ?&#8221;<\/em><br><br>Sulla consunta cadrega da officina&#8230;ho praticamente quella posizione da semisdraiato con cui a scuola a volte, anzi spesso mi mandavano fuori dalla porta.<br>Sto <strong>da cani<\/strong> e mi sento maleducato in quella posa. L&#8217;educazione inculcataci &#8230;eh ?<\/p>\n\n\n\n<div style=\"height:36px\" aria-hidden=\"true\" class=\"wp-block-spacer\"><\/div>\n\n\n\n<p class=\"has-normal-font-size\"><br>Vabb\u00e8 siamo uomini di mondo noi&#8230;abbiamo dormito a CUNEO (Cit. Tot\u00f2) ! Passer\u00e0.<\/p>\n\n\n\n<p class=\"has-normal-font-size\">Sto \/ cazzo. Non faccio in tempo ad avvicinarmi alla moto che devo rientrare , non riesco a stare ne in piedi ne seduto. Rimane una <strong>ultima alternativa vergognosa.<\/strong><br>Mi sdraio per terra davanti al banco dietro al quale ci sta la cassa con Monsieur <a href=\"https:\/\/it.wikipedia.org\/wiki\/Dale_Cooper\"><strong>Dale Bartholomew Cooper<\/strong><\/a>.<\/p>\n\n\n\n<div style=\"height:50px\" aria-hidden=\"true\" class=\"wp-block-spacer\"><\/div>\n\n\n\n<p class=\"has-normal-font-size\">Steso sul <strong>pavimento gelido<\/strong> davanti all&#8217;incredulo gestore , ogni minimo movimento \u00e8 un dolore lancinante. Che si diffonde davanti da sinistra a destra. <br>Nel frattempo ,per pagare, <strong>i clienti della stazione<\/strong> di rifornimento mi scavalcano e la maggior parte , parlano come niente fosse.<\/p>\n\n\n\n<div style=\"height:50px\" aria-hidden=\"true\" class=\"wp-block-spacer\"><\/div>\n\n\n\n<p class=\"has-normal-font-size\"><em>&#8220;Comme ca va ? &#8221; <br>&#8220;Ah bien&#8230;&#8221;<\/em><br><\/p>\n\n\n\n<div style=\"height:50px\" aria-hidden=\"true\" class=\"wp-block-spacer\"><\/div>\n\n\n\n<p class=\"has-normal-font-size\">Qui sappiatelo che \u00e8 la normalit\u00e0 avere un quasi cadavere prima della cassa alle pompe di Essence.<\/p>\n\n\n\n<p class=\"has-normal-font-size\">Con i <strong>punti accumulati durante l&#8217;anno<\/strong> poi vinci una salma.<\/p>\n\n\n\n<div style=\"height:50px\" aria-hidden=\"true\" class=\"wp-block-spacer\"><\/div>\n\n\n\n<p class=\"has-normal-font-size\">Arriva la MADAME del Monsieur e io sono quasi persuaso di avere una emoragia interna mentre chiamano l&#8217;ambulanza. <br>Dicono arriver\u00e0 tra 40 minuti.<br>Faccio un <strong>testamento orale<\/strong> e ci impiego  ben 1 secondo perch\u00e8 no tengo dinero.<\/p>\n\n\n\n<p class=\"has-normal-font-size\">Nel frattempo <strong>sono coperto<\/strong> con il mio giubbotto, quello di Chiara, la copertina del kit emergenza e pure una stufetta sulla schiena ma ho freddo e mi lamento dei dolori.<\/p>\n\n\n\n<div style=\"height:50px\" aria-hidden=\"true\" class=\"wp-block-spacer\"><\/div>\n\n\n\n<p class=\"has-vivid-red-color has-white-background-color has-text-color has-background has-link-color has-normal-font-size wp-elements-5e0f5949fc46a9699464f1a2a49ae73f\"><strong>Mi ero giusto chiesto alla partenza ,controllando il package medico obbligatorio in Francia : ma quando cazzo mai la user\u00f2 sta vaccata di telo termico ?<br>Ecco. Non fatevi MAI , MAI certe domande.<\/strong><\/p>\n\n\n\n<div style=\"height:50px\" aria-hidden=\"true\" class=\"wp-block-spacer\"><\/div>\n\n\n\n<p class=\"has-normal-font-size\">Arriva il soccorso, Chiara piglia dalla moto lo stretto necessario , mi caricano e via per i monti.<br><strong>Rimbalzo gioisamente sulla lettiga<\/strong> tra la visione di un Santo,una buca ,una curva , un dosso; il tutto in serie interminabile di ripetizioni lungo i &#8220;piacevoli&#8221; chilometri sotto lo sguardo di mia moglie preoccupata. (manco mi ha finito la casa questo!)<br>In ambulanza tutti sudano. Avranno messo 28 gradi.<br>Tranne me. <br>Sono un po&#8217; <strong>preoccupati per l&#8217;ossigenazione<\/strong>. Bassa&#8230;<br>Tranquilli&#8230;dice Chiara, dopo il covid ha optato volontariamente per tenerselo basso&#8230;cos\u00ec per stancarsi prima e poi , ma lo dice sottovoce, vuole concorrere ad alimentare la teoria del complotto&#8230;<\/p>\n\n\n\n<div style=\"height:50px\" aria-hidden=\"true\" class=\"wp-block-spacer\"><\/div>\n\n\n\n<p class=\"has-normal-font-size\">Allor quando a met\u00e0 strada circa accade che devo fare pip\u00ec .<br>Fermata tecnica al primo slargo e appena termino il bisognino i dolori lancinanti si alleviano.<\/p>\n\n\n\n<p class=\"has-normal-font-size\">ECCHECAZZO.<br><strong>Sono incredulo<\/strong> e lo dico subito al personale..<\/p>\n\n\n\n<p class=\"has-normal-font-size\">L&#8217;autista sorride sollevato al solo pensiero &#8220;Almeno non ci crepa sul furgone..ed evitiamo le merolate.&#8221; <br>Si migliora incredibilmente km dopo km.<br><\/p>\n\n\n\n<p class=\"has-normal-font-size\">Comunque <strong>si arriva a GAP <\/strong>nell&#8217;ospedale nel quale posso constatare che il personale con pi\u00f9 di <strong>trentanni <\/strong>viene fatto sparire esattamente dopo il trentesimo genetliaco.<br>I vecchi medici rimbambiti invece vengono riprogrammati nel linguaggio e li mandano tutti da noi in Italia. Possibilmente dai 50 in su..e maschi. Prima destinazione Peschiera del Garda.<\/p>\n\n\n\n<p class=\"has-normal-font-size\"><\/p>\n\n\n\n<p class=\"has-normal-font-size\">Cagate a parte , (et\u00e0 no&#8230;<strong>quello dell&#8217; et\u00e0 \u00e8 reale<\/strong>) seguono celermente ecografia fatta da ragazzetta delle superiori in pausa merenda , quindi prelievi di tutto da un gentilissimo tatuato di 15 anni reduce da un party rave coadiuvato da istruttrice piercingata di 16&#8230; no dai ma 22 anni massimo. <strong>Lavorano bene e questo \u00e8 quello che vale.Bravi<\/strong>.<br>Il segnale del telefono \u00e8 scarissimo ma riesco ad avvisare Chiara degli sviluppi. <br><\/p>\n\n\n\n<p class=\"has-normal-font-size\">Nel frattempo ,attendendo  gli esiti delle analisi e nonostante un consistente dolore alla schiena prima sovrastato prepotentemente da quello al ventre, <strong>mi riapproprio della mia dignit\u00e0 motociclistica<\/strong> , tolgo il camice da obitorio (ti\u00e8) scivolando prima nei pantagoretex e poi con i fetoni nei miei amati stivaloni e poi maglietta termica.<\/p>\n\n\n\n<p class=\"has-normal-font-size\"><br>La <strong>puntata di E.R. France si conclude <\/strong>con l&#8217;entrata in scena di una dotteressa uscita da uno dei libri delle fiabe dalla sezione pediatrica adiacente, bionda , 28\/30 anni, garbatissima.<br>Mi spiega in inglese tutto della mia inattesa e particolare colica renale.<\/p>\n\n\n\n<p class=\"has-normal-font-size\"><strong>Poteva andare peggio&#8230; ok &#8220;Che culo&#8221;.<\/strong><br>Prescrive farmaci , e riposo fino almeno fino al mattino.<br>Se l&#8217;indomani non manifesto i sintomi indicati da lei sono FIT altrimenti sono FOT&#8230;..e dovrei rientrare velocemente. <br>Questo \u00e8 chiarissimo.<br>O la va o mi spacco. Lei torna nel suo libro magico ed io esco speranzoso.<br><strong>Finalmente riabbraccio la mia amata ed inseparabile Elfa<\/strong>. <br><br>Una altrettanto gentile infermiera ci accompagna all&#8217;uscita corretta e la receptionist dell&#8217;Hopital fa arrivare un taxi in cinque minuti.<\/p>\n\n\n\n<p class=\"has-normal-font-size\"><\/p>\n\n\n\n<p class=\"has-normal-font-size\">Conclusione del servizio: Ospedale di GAP 10-Ospedale di Peschiera del Garda 0.<\/p>\n\n\n\n<div style=\"height:63px\" aria-hidden=\"true\" class=\"wp-block-spacer\"><\/div>\n\n\n\n<p class=\"has-normal-font-size\">Attendiamo sul piazzale.<br>Che nel mondo e anche Francia esista una letteratura e artistica intera dedicata ai taxi \u00e8 risaputo.<br><strong>Arriva in breve tempo &#8220;JoeleTaxi&#8221;.<\/strong>..che \u00e8 bianco. Non \u00e8 come quello della canzone di <a href=\"https:\/\/youtu.be\/Ulay2FvUEd8\" title=\"\">vanessa paradis (canzone&#8230;per modo di dire) <\/a>.<br>Si pu\u00f2 dire bianco caucasico ? L&#8217;ho detto. <br>Il brizzolato autista sfodera una grande e potente BMW,  bianca sfavillante e non un&#8217;auto francese.<\/p>\n\n\n\n<p class=\"has-normal-font-size\">BMW che coster\u00e0 come la mia casa o gi\u00f9 di li.<br>Questo se la mia casa fosse rimessa a nuovo,fosse sul lungolago,  avesse la piscina ,un campo da tennis e Maggiordomo incluso.<\/p>\n\n\n\n<p><\/p>\n\n\n\n<figure class=\"wp-block-image aligncenter size-large\"><img loading=\"lazy\" decoding=\"async\" width=\"375\" height=\"500\" src=\"https:\/\/aquileingiro.net\/wp-content\/uploads\/2025\/10\/image.jpeg\" alt=\"\" class=\"wp-image-2862\" srcset=\"https:\/\/aquileingiro.net\/wp-content\/uploads\/2025\/10\/image.jpeg 375w, https:\/\/aquileingiro.net\/wp-content\/uploads\/2025\/10\/image-225x300.jpeg 225w\" sizes=\"auto, (max-width: 375px) 100vw, 375px\" \/><\/figure>\n\n\n\n<p><br><\/p>\n\n\n\n<p class=\"has-normal-font-size\">E qui pensi..&#8221;ecco ok ho salvato il rene prima e ora lo devo vendere per arrivare in albergo.&#8221;<br>Invece no. Con 6 euro ce la caviamo..vabb\u00e8 erano 5 minuti e siamo a destinazione.<br><\/p>\n\n\n\n<div style=\"height:48px\" aria-hidden=\"true\" class=\"wp-block-spacer\"><\/div>\n\n\n\n<p class=\"has-normal-font-size\">Per\u00f2 penso tra me e me&#8230;<strong>ma guarda che bella guida allegrotta<\/strong> che tiene sto JoeLeTaxi!<\/p>\n\n\n\n<div style=\"height:48px\" aria-hidden=\"true\" class=\"wp-block-spacer\"><\/div>\n\n\n\n<p class=\"has-normal-font-size\">Raggiungiamo la nostra CHAMBRE che resta al di l\u00e0 della strada in una ala di edificio.<br><strong>La lunga camera <\/strong>deve essere un set dismesso rilevato da Spazio1999 con interruttoroni avveniristici e <strong>bella <\/strong>se noi fossimo nati nel 1950. La moquette conferisce infine quella sensazione vintage polverosa ideale per un asmatico.<\/p>\n\n\n\n<p><\/p>\n\n\n\n<p><\/p>\n\n\n\n<div style=\"height:61px\" aria-hidden=\"true\" class=\"wp-block-spacer\"><\/div>\n\n\n\n<p class=\"has-normal-font-size\">Doccia e la cena leggera verr\u00e0 consumata nel ristorante del <strong>Pavillion Carina<\/strong>.<br>Una grande <strong>struttura anni 70 <\/strong>con molte vetrate , al cui ingresso c&#8217;\u00e8 ancora mummificata la <strong>receptionist originale<\/strong> con acconciatura dell&#8217;epoca fissata da 3 kg di lacca siliconica ed un profumo stagionato in botti di rovere e canfora.<\/p>\n\n\n\n<p>Fuori appena li nel parchetto ci sono pure comode comode le sdraio, nel caso in cui ci venga l&#8217;irresistibile voglia di sdraiarci con 4\/5 gradi al sole&#8230;<br>Al piano interrato ci sta la SPA o (catacombe) che sono pure in manuntenzione.<\/p>\n\n\n\n<div style=\"height:48px\" aria-hidden=\"true\" class=\"wp-block-spacer\"><\/div>\n\n\n\n<p class=\"has-normal-font-size\">Nel <strong>localone <\/strong>per la cena ci saranno tra le varie sale , 80 tavoli e 300 posti a sedere, \u00e8 deserto , entriamo e ci chiedono se abbiamo prenotato.<\/p>\n\n\n\n<p class=\"has-normal-font-size\">Giovane <strong>Alain Delon<\/strong> &#8230;tu stai scherzando vero ?<br>Poi ci accompagna al tavolo, indossa una <strong>striminzita tshirt<\/strong> e tu ti senti davvero molto ma molto malato con la tua termica da moto, quella di cotone sopra modello Sheldon Cooper e pure il maglione pesante da sfigati preso a Leonard Hofstadter.<\/p>\n\n\n\n<p class=\"has-normal-font-size\"><br>Ovviamente il posto ai tavoli c&#8217;\u00e8&#8230;eh gran burlone!<br>Cena leggera ma non quella che vorremmo. Chiediamo insalata come abbiamo fatto  in altri luoghi ma non c&#8217;\u00e8.<\/p>\n\n\n\n<p class=\"has-normal-font-size\">Poi l&#8217;insalata arriva al tavolo di fianco. La dove un  tizio a tavola indossa un piumino  leggero. Ti rincuori a met\u00e0&#8230;almeno non ti senti l&#8217;idiota per i vestiti ,ma l&#8217;altra met\u00e0 per l&#8217;insalata un po&#8217; si. Facciamo che ci si siamo FRAINTEDU ?<\/p>\n\n\n\n<p class=\"has-normal-font-size\">Comunque per onest\u00e0 la pizza seppure mangiata a met\u00e0 era davvero molto buona.<\/p>\n\n\n\n<p><\/p>\n\n\n\n<div style=\"height:74px\" aria-hidden=\"true\" class=\"wp-block-spacer\"><\/div>\n\n\n\n<p class=\"has-normal-font-size\"><\/p>\n\n\n\n<p class=\"has-normal-font-size\">Notte regolare, tra timori, osservazioni urinarie controluce varie, controllo temperatura e tastamenti vari assortiti delle zone indicate, riti scaramantici.<br><strong>Finalmente al mattino danza della felicit\u00e0 e si richiama JOELETAXI<\/strong>.<\/p>\n\n\n\n<p class=\"has-normal-font-size\"><\/p>\n\n\n\n<p class=\"has-normal-font-size\">Si , perch\u00e8 per <strong>arrivare a recuperare la moto<\/strong> con i mezzi , ci avremmo impiegato due giorni con cambi e rottura di maroni dei bagagli annessi.<\/p>\n\n\n\n<p class=\"has-normal-font-size\"><\/p>\n\n\n\n<div style=\"height:47px\" aria-hidden=\"true\" class=\"wp-block-spacer\"><\/div>\n\n\n\n<p class=\"has-normal-font-size\">Chiede se sto meglio e io contento dico OUI! Devo averlo <strong>detto troppo forte<\/strong>.<br>Ci <strong>penser\u00e0 lui<\/strong> a farmi stare male. Ci prova perlomeno.<\/p>\n\n\n\n<p class=\"has-normal-font-size\"><\/p>\n\n\n\n<p class=\"has-normal-font-size\">Dopo avere prelevato euro cache appena fuori citt\u00e0 manifesta la pazzia.. sorpasso in un colpo unico di 4 auto e camion mentre io prego ad occhi chiusi e quasi rimpiango di non avere avuto altri sintomi..ed essermi  fatto RI-ricoverare. <\/p>\n\n\n\n<p class=\"has-normal-font-size\">Toprak quando frena gli fa na pippa, ma siamo in auto&#8230;<br>Il <strong>bivio <\/strong>previsto per tornare , fatto solo 24 ore prima col soccorso \u00e8 giustamente e chiaramente <strong>chiuso <\/strong>. Cos\u00ec per ilarit\u00e0.<\/p>\n\n\n\n<p class=\"has-normal-font-size\">Quando gira cos\u00ec non ci arrabbiamo nemmeno pi\u00f9.<br><br>Siccome lui vuole stare nel <strong>preventivo <\/strong>che ci ha esposto<strong> costi quel che costi<\/strong> (tanto) , corre.<\/p>\n\n\n\n<p class=\"has-normal-font-size\"><strong>Corre <\/strong>su stradine dissestate monocorsia.<\/p>\n\n\n\n<p class=\"has-normal-font-size\">Corre nelle curve cieche. <\/p>\n\n\n\n<p class=\"has-normal-font-size\">Corre con la valle a destra..ma anche a sinistra. <\/p>\n\n\n\n<p class=\"has-normal-font-size\"><strong>Corre felice &#8230;per la campagne..<a href=\"https:\/\/tse2.mm.bing.net\/th\/id\/OIP.W178tHPwgREXMtksJPaYpAHaC5?cb=12&amp;rs=1&amp;pid=ImgDetMain&amp;o=7&amp;rm=3\" title=\"\">.no quello era un altro..<\/a>!<\/strong><br>La prossima fase unica e possibile \u00e8 raggiungere in volo i parapendii che vediamo volteggiare. Poi il paradiso se ce lo meritiamo ed esiste.<\/p>\n\n\n\n<div style=\"height:50px\" aria-hidden=\"true\" class=\"wp-block-spacer\"><\/div>\n\n\n\n<p class=\"has-normal-font-size\">Io sono <strong>appeso a destra<\/strong> con la mano come le vecchia nonna Abelarda sollecitando la malandata cuffia dei rotatori, mentre la mano sinistra cerca di sollevare il corpo dai sussulti alla schiena che sulla <strong>Panigale di Bulega<\/strong> sugli appennini per casa Marmocchio saresti comodo.<\/p>\n\n\n\n<div style=\"height:83px\" aria-hidden=\"true\" class=\"wp-block-spacer\"><\/div>\n\n\n\n<p class=\"has-normal-font-size\"><br>L&#8217; esperienza mi rimanda a molti ma molti ma molti anni indietro allorch\u00e8 salii sua una <strong>satanica delta integrale<\/strong> Martini Racing pure preparata. Implorai di scendere dopo due km..montando con altri amici. Il piu&#8217; cauto dei quali fece poi un frontale con la renault19 turbo.<br>Qui non avevamo alternativa.<\/p>\n\n\n\n<p class=\"has-normal-font-size\">Ci &#8220;godiamo&#8221; la classica <strong>guida di galleggiamento<\/strong> da cunette del deserto ma siamo in Provenza..su strada dissestata asfaltata, senza vie di fuga laterali e con <strong>alberi che filano a fianco<\/strong> velocemente sui quali immagini gi\u00e0 la targhetta commemorativa e la tua foto.<\/p>\n\n\n\n<p class=\"has-normal-font-size\">JOELETAXI Inchioda&#8230;..all&#8217;improvviso&#8230; &#8220;je dois pisser..&#8221; ah&#8230;&#8230;&#8230;..ed io che pensavo avesse scassato la macchina e uscisse a raccattare qualche pezzo!<\/p>\n\n\n\n<p class=\"has-normal-font-size\"><br>Liberatosi del fardello liquido con internazionale sospirone , pensi che corresse per quello. No. Poi \u00e8 anche <strong>peggio<\/strong>.<\/p>\n\n\n\n<p class=\"has-normal-font-size\">Arriviamo alla meta e gonfio di orgoglio ci mostra il tassametro. E&#8217; stato nel preventivo.<br>Tariffa a cui poi dovremo aggiungere lavaggio\/sostituzione mutande e prossima visita dal cardiologo.<br><br>Smonto in officina il rene destro , quello buono e lo porgo al tassista che preferisce per\u00f2 euro contanti per il conto.<strong>Il baratto non \u00e8 ben visto qui<\/strong>.<\/p>\n\n\n\n<p class=\"has-normal-font-size\"><\/p>\n\n\n\n<p class=\"has-normal-font-size\">Il Monsieur dell&#8217;autorimessa nel frattempo aveva messo al sicuro la moto nell&#8217;officina, saint homme!<br><strong>Ringraziamo <\/strong>come fanno i giapponesi in un loop infinito di inchini .<\/p>\n\n\n\n<p class=\"has-normal-font-size\">Per\u00f2 siamo in Francia. <br>Concetto \u00e8 quello dai&#8230;. <strong>Merci merci<\/strong> e davvero lo facciamo tante volte sentitamente.<br>Salta fuori il <strong>pacco di pasta e barattolo di sugo<\/strong> e me ne libero. Un petit cadeau!<br>Ma il primo che mi dice che i Francesi sono stronzi gli scarico un teaser sul.. naso.<\/p>\n\n\n\n<p class=\"has-normal-font-size\"><br>Riepilogo: Ho passato la notte e mi sono svegliato meglio di come sono andato a letto.<br>I controlli sono andati bene.<\/p>\n\n\n\n<p class=\"has-normal-font-size\">Ho passato anche il test renale del rally&#8230;ora proviamo ad andare in moto.<\/p>\n\n\n\n<p class=\"has-normal-font-size\"><\/p>\n\n\n\n<p class=\"has-normal-font-size\">In tutto questo puttanaio <strong>la moto aveva gi\u00e0 il pieno<\/strong>. Almeno &#8216;na soddisfazione.UNA.<br>Infilo il Jacket Clover Fluo , mi sento gi\u00e0 meglio , si attivano i miei MotoPoteri e mi sento come lui sotto ! Chioma, peso, anni a parte.<\/p>\n\n\n\n<div style=\"height:32px\" aria-hidden=\"true\" class=\"wp-block-spacer\"><\/div>\n\n\n\n<p><\/p>\n\n\n\n<figure class=\"wp-block-image aligncenter size-full\"><img loading=\"lazy\" decoding=\"async\" width=\"448\" height=\"348\" src=\"https:\/\/aquileingiro.net\/wp-content\/uploads\/2025\/10\/hiroshi-jeeg-moto.jpg\" alt=\"\" class=\"wp-image-2730\" srcset=\"https:\/\/aquileingiro.net\/wp-content\/uploads\/2025\/10\/hiroshi-jeeg-moto.jpg 448w, https:\/\/aquileingiro.net\/wp-content\/uploads\/2025\/10\/hiroshi-jeeg-moto-300x233.jpg 300w\" sizes=\"auto, (max-width: 448px) 100vw, 448px\" \/><\/figure>\n\n\n\n<div style=\"height:25px\" aria-hidden=\"true\" class=\"wp-block-spacer\"><\/div>\n\n\n\n<p class=\"has-small-font-size\">Postilla&#8230; ci mettiamo anche questa nella utile discussione le &#8220;moto con il becco&#8221; ? <\/p>\n\n\n\n<p class=\"has-small-font-size\">E poi non ho mai capito perch\u00e8 il minchia fosse vestito come Elvis. Misteri giapponesi..<\/p>\n\n\n\n<p><\/p>\n\n\n\n<p class=\"has-normal-font-size\"><br>Se siete pi\u00f9 giovani e non lo riconoscete allora sono sicuro che avrete guidato m<strong>oto nipponiche stradali persino pi\u00f9 buffe<\/strong> di questa con sigle sulle carene di cui non avete mai conosciuto il significato.<\/p>\n\n\n\n<div style=\"height:14px\" aria-hidden=\"true\" class=\"wp-block-spacer\"><\/div>\n\n\n\n<p class=\"has-normal-font-size\">Rientrato nei panni di me stesso , optiamo prudenzialmente per rientrare nei confini tramite il <strong>colle della Maddalena<\/strong>, meteo spettacolare e ad attenderci al valico un semaforo di blocco per lavori e apertura ore 12.00am.<br>Credo che il <strong>semaforo mobile<\/strong> sia sempre quello e qualcuno ce lo interponga lungo il tragitto pochi istanti prima del nostro arrivo.<\/p>\n\n\n\n<p class=\"has-normal-font-size\">Poi no, gli adesivi della base sono diversi e pure le catene con cui li legano ai guard-rails.<br>Perch\u00e8 immagino a sto punto che fottersi un semaforo dalla strada e metterselo in camera evidentemente sia il <strong>sogno proibito di tanta gente<\/strong>. Malata.<br><br>Sono le 11:20&#8230;. e nous attendons&#8230;mentre nell&#8217;auto ferma poco distante la <strong>ragazzotta <\/strong>traccagnotta <strong>canta <\/strong>in francese a squaciagola seguendo la traccia originale&#8230;no strazio da strapparsi i maroni..i capelli sono gi\u00e0 andati.<\/p>\n\n\n\n<p class=\"has-normal-font-size\"><br>Lagna al cubo tra l&#8217;originale e lei che ci va sopra stonata. <br>Il dirupo sottostante non sembra in &#8216;sti momenti poi un opzione cos\u00ec malvagia.Per farla terminare..<\/p>\n\n\n\n<p class=\"has-normal-font-size\"><strong>Folklore locale.<\/strong> A noi per un periodo tocc\u00f2 una vicina con Masini&#8230;<br><\/p>\n\n\n\n<div style=\"height:56px\" aria-hidden=\"true\" class=\"wp-block-spacer\"><\/div>\n\n\n\n<p class=\"has-normal-font-size\">Arriva uno spilungone americano che sta viaggiando per l&#8217;europa in sella ad una <strong>honda 125 bella carica<\/strong>. Quattro chiacchere e dopo averci associato sorridendo alla moto (italiani=guzzi) immagino la sua mente proseguire con lo stereotipo PIZZA-MAFIA-MANDOLINO.<\/p>\n\n\n\n<p class=\"has-normal-font-size\">Gli dico che <strong>il bauletto<\/strong> ce l&#8217;abbiamo SOLO perch\u00e8 ci teniamo un fucile a canne mozze.<\/p>\n\n\n\n<p class=\"has-normal-font-size\">Ci fa i complimenti per il nostro inglese (perculandoci ovviamente) e &#8220;as sunasposibol&#8221; ci prepariamo bardati di casco , guanti e sorrisi.<br>Lo riguardo a fianco a me e penso che quando si fermi, la moto la possa infilare dentro al suo zaino viste le proporzioni.<\/p>\n\n\n\n<p class=\"has-normal-font-size\"><br>Ci posizioniamo in<strong> prima fila sulla griglia<\/strong> di partenza poi gi\u00f9 la visiera e al verde scateniamo l&#8217;inferno.<br>Ovvero prima , seconda e se proprio proprio ma proprio dobbiamo,dentro anche la terza.<br>Ciondolando pigramente perch\u00e8 non c&#8217;\u00e8 nessuno tocchiamo le vette dei 60km\/h e anche 70km\/h. <br><strong>Siamo FELICI, stiamo bene e siamo a spasso. CASA VUOI DI PIU?<\/strong><\/p>\n\n\n\n<p class=\"has-normal-font-size\"><\/p>\n\n\n\n<p class=\"has-normal-font-size\">Poi pasto caldo verso Demonte in trattoria tra camionisti , artigiani e viandanti in moto (solo noi).<\/p>\n\n\n\n<p class=\"has-normal-font-size\">Da ovest a est fino a Peveragno nulla di che.<br><br>Interfono:<br>Io &#8211; Dove andiamo ?<br>Lei &#8211; dove ti senti.<\/p>\n\n\n\n<p class=\"has-normal-font-size\"><\/p>\n\n\n\n<p class=\"has-normal-font-size\"><\/p>\n\n\n\n<div style=\"height:59px\" aria-hidden=\"true\" class=\"wp-block-spacer\"><\/div>\n\n\n\n<p class=\"has-normal-font-size\"><strong>Errorone&#8230;Errorooooooooooooooooooone!<\/strong><\/p>\n\n\n\n<p class=\"has-normal-font-size\">Mai dire cos\u00ec a uno che ha la moto con le valigie pronte per il periplo del mondo pure se ha 5\/6 giorni di ferie e ne ha sputtanato uno e mezzo.<\/p>\n\n\n\n<p class=\"has-normal-font-size\">Ideona dai..<br>Le faccio la sorpresa e la porto al <strong>mare<\/strong>. Ricordo che lo ha chiesto qualche mese fa.<br>Anno..\u00e8 pi\u00f9 verosimile.<\/p>\n\n\n\n<div style=\"height:64px\" aria-hidden=\"true\" class=\"wp-block-spacer\"><\/div>\n\n\n\n<p class=\"has-normal-font-size\">La strada scelta \u00e8 manco a dirlo <strong>molto tortuosa. Molto<\/strong>.<\/p>\n\n\n\n<p class=\"has-normal-font-size\">Oggi sembra pure coglionifree a parte un fumoso pajero che vorrebbe impedirci di passarlo. Ma perch\u00e8 ?<br>Ciccio&#8230;siamo in MODE ZEN ON&#8230;ferie&#8230;stiamo bene&#8230;frega un casso.<\/p>\n\n\n\n<p class=\"has-normal-font-size\"><br>Non faccio in tempo a pensarlo, semaforo dei lavori , colonna superata e bye bye Beeeeeelin.<\/p>\n\n\n\n<p class=\"has-normal-font-size\"><\/p>\n\n\n\n<p class=\"has-normal-font-size\"><strong>Che moto sta Guzzina! <\/strong><br>L&#8217;autostrada ai 130 le va un po&#8217; larga secondo me in questa configurazione &#8220;very heavy&#8221; ma <strong>per il resto \u00e8 una giostra<\/strong>. Pensi a quante <strong>sbadilate di stradine <\/strong>ci siano in Italia&#8230;che per farle tutte <strong>ti ci vorrebbero 320 vite<\/strong>. Con tempo disponibile da pensionato e fisico da ventenne. Ne uno ne l&#8217;altro \u00e8 disponibile ma <strong>va bene istess.<\/strong>.<br><br><\/p>\n\n\n\n<div style=\"height:37px\" aria-hidden=\"true\" class=\"wp-block-spacer\"><\/div>\n\n\n\n<figure class=\"wp-block-image size-full\"><img loading=\"lazy\" decoding=\"async\" width=\"949\" height=\"733\" src=\"https:\/\/aquileingiro.net\/wp-content\/uploads\/2025\/10\/liguria.png\" alt=\"\" class=\"wp-image-2541\" srcset=\"https:\/\/aquileingiro.net\/wp-content\/uploads\/2025\/10\/liguria.png 949w, https:\/\/aquileingiro.net\/wp-content\/uploads\/2025\/10\/liguria-300x232.png 300w, https:\/\/aquileingiro.net\/wp-content\/uploads\/2025\/10\/liguria-768x593.png 768w\" sizes=\"auto, (max-width: 949px) 100vw, 949px\" \/><\/figure>\n\n\n\n<div style=\"height:37px\" aria-hidden=\"true\" class=\"wp-block-spacer\"><\/div>\n\n\n\n<p class=\"has-normal-font-size\"><br>Dal gestore dell&#8217;appartamento indicazioni precise,ed \u00e8 comodissimo al lungomare .<br>Ad <strong>Alassio <\/strong>c&#8217;\u00e8 ancora chiaro. Va che bel..l&#8217;\u00e8! <br>Per noi <strong>22 gradi \u00e8 praticamente estate<\/strong>. Infatti esco in maglietta.<br>.<strong>..SPETTACOLO <\/strong>e passeggiata BAINAIT e battigia.<\/p>\n\n\n\n<div style=\"height:37px\" aria-hidden=\"true\" class=\"wp-block-spacer\"><\/div>\n\n\n\n<figure class=\"wp-block-image aligncenter size-large\"><img loading=\"lazy\" decoding=\"async\" width=\"576\" height=\"1024\" src=\"https:\/\/aquileingiro.net\/wp-content\/uploads\/2025\/10\/alanotte-576x1024.jpg\" alt=\"\" class=\"wp-image-2544\" srcset=\"https:\/\/aquileingiro.net\/wp-content\/uploads\/2025\/10\/alanotte-576x1024.jpg 576w, https:\/\/aquileingiro.net\/wp-content\/uploads\/2025\/10\/alanotte-169x300.jpg 169w, https:\/\/aquileingiro.net\/wp-content\/uploads\/2025\/10\/alanotte-768x1365.jpg 768w, https:\/\/aquileingiro.net\/wp-content\/uploads\/2025\/10\/alanotte-864x1536.jpg 864w, https:\/\/aquileingiro.net\/wp-content\/uploads\/2025\/10\/alanotte.jpg 900w\" sizes=\"auto, (max-width: 576px) 100vw, 576px\" \/><\/figure>\n\n\n\n<div style=\"height:37px\" aria-hidden=\"true\" class=\"wp-block-spacer\"><\/div>\n\n\n\n<p><\/p>\n\n\n\n<p class=\"has-normal-font-size\">Mattino, buona colazione nel monolocale , quattro passi sul lungo mare verso opposto alla sera, giro al celebre muretto e relax fino alle 9:45. QUIETE TOTALE. <br>Le <strong>ricchissime signore<\/strong> botulinate attendono agghindate il servizio ai tavolini dei gran hotels di lusso. &#8220;Un cappuccino e una tiratina allo zigomo di qua grazie.&#8221;<br><br><\/p>\n\n\n\n<div style=\"height:37px\" aria-hidden=\"true\" class=\"wp-block-spacer\"><\/div>\n\n\n\n<div class=\"wp-block-columns are-vertically-aligned-center is-layout-flex wp-container-core-columns-is-layout-28f84493 wp-block-columns-is-layout-flex\">\n<div class=\"wp-block-column is-vertically-aligned-center is-layout-flow wp-block-column-is-layout-flow\" style=\"flex-basis:100%\">\n<figure class=\"wp-block-gallery has-nested-images columns-default is-cropped wp-block-gallery-4 is-layout-flex wp-block-gallery-is-layout-flex\">\n<figure class=\"wp-block-image aligncenter size-large\"><img loading=\"lazy\" decoding=\"async\" width=\"1024\" height=\"576\" data-id=\"2550\" src=\"https:\/\/aquileingiro.net\/wp-content\/uploads\/2025\/10\/IMG-20251011-WA0108-1024x576.jpg\" alt=\"\" class=\"wp-image-2550\" srcset=\"https:\/\/aquileingiro.net\/wp-content\/uploads\/2025\/10\/IMG-20251011-WA0108-1024x576.jpg 1024w, https:\/\/aquileingiro.net\/wp-content\/uploads\/2025\/10\/IMG-20251011-WA0108-300x169.jpg 300w, https:\/\/aquileingiro.net\/wp-content\/uploads\/2025\/10\/IMG-20251011-WA0108-768x432.jpg 768w, https:\/\/aquileingiro.net\/wp-content\/uploads\/2025\/10\/IMG-20251011-WA0108-1536x864.jpg 1536w, https:\/\/aquileingiro.net\/wp-content\/uploads\/2025\/10\/IMG-20251011-WA0108.jpg 1600w\" sizes=\"auto, (max-width: 1024px) 100vw, 1024px\" \/><\/figure>\n<\/figure>\n<\/div>\n<\/div>\n\n\n\n<div style=\"height:37px\" aria-hidden=\"true\" class=\"wp-block-spacer\"><\/div>\n\n\n\n<figure class=\"wp-block-image aligncenter size-large\"><img loading=\"lazy\" decoding=\"async\" width=\"576\" height=\"1024\" src=\"http:\/\/aquileingiro.net\/wp-content\/uploads\/2025\/10\/IMG-20251011-WA0113-576x1024.jpg\" alt=\"\" class=\"wp-image-2551\" srcset=\"https:\/\/aquileingiro.net\/wp-content\/uploads\/2025\/10\/IMG-20251011-WA0113-576x1024.jpg 576w, https:\/\/aquileingiro.net\/wp-content\/uploads\/2025\/10\/IMG-20251011-WA0113-169x300.jpg 169w, https:\/\/aquileingiro.net\/wp-content\/uploads\/2025\/10\/IMG-20251011-WA0113-768x1365.jpg 768w, https:\/\/aquileingiro.net\/wp-content\/uploads\/2025\/10\/IMG-20251011-WA0113-864x1536.jpg 864w, https:\/\/aquileingiro.net\/wp-content\/uploads\/2025\/10\/IMG-20251011-WA0113.jpg 900w\" sizes=\"auto, (max-width: 576px) 100vw, 576px\" \/><\/figure>\n\n\n\n<div style=\"height:37px\" aria-hidden=\"true\" class=\"wp-block-spacer\"><\/div>\n\n\n\n<p class=\"has-normal-font-size\">Zic Zac , pieno benza e via verso altro tragitto improvvisato. <br>Mi complimento con me medesimo. <br>Troppo presto in quanto SP23 direzione est interrotta per il solo motivo che dobbiamo passare noi, e allora<strong> jamsession di curve<\/strong> con la SP15 fino a Piano Sottano e SP12 poi in direzione nordest prima attraverso MERAVIGLIOSI oliveti e poi BOSCHI.<\/p>\n\n\n\n<div style=\"height:57px\" aria-hidden=\"true\" class=\"wp-block-spacer\"><\/div>\n\n\n\n<p class=\"has-normal-font-size\">Al<strong> colle del Melogno <\/strong>sulla sp 490 l&#8217;ennesima celebrazione degli sprechi italiani con bella struttura militare abbandonata, servita con contorno di automezzi arrugginiti.<\/p>\n\n\n\n<div style=\"height:67px\" aria-hidden=\"true\" class=\"wp-block-spacer\"><\/div>\n\n\n\n<p class=\"has-normal-font-size\">Sul piazzalone furgoni con carrelli al traino scaricano<strong> arditi ciclisti stranieri<\/strong> per discese sicuramente fantastiche ma che richiedono perlomeno una parvenza di muscolatura..e di elasticit\u00e0. Un po&#8217; di giovent\u00f9 inside sarebbe sufficiente.<\/p>\n\n\n\n<div style=\"height:37px\" aria-hidden=\"true\" class=\"wp-block-spacer\"><\/div>\n\n\n\n<figure class=\"wp-block-image aligncenter size-large\"><img loading=\"lazy\" decoding=\"async\" width=\"1024\" height=\"763\" src=\"https:\/\/aquileingiro.net\/wp-content\/uploads\/2025\/10\/forte-1024x763.jpg\" alt=\"\" class=\"wp-image-2560\" srcset=\"https:\/\/aquileingiro.net\/wp-content\/uploads\/2025\/10\/forte-1024x763.jpg 1024w, https:\/\/aquileingiro.net\/wp-content\/uploads\/2025\/10\/forte-300x224.jpg 300w, https:\/\/aquileingiro.net\/wp-content\/uploads\/2025\/10\/forte-768x572.jpg 768w, https:\/\/aquileingiro.net\/wp-content\/uploads\/2025\/10\/forte-1536x1145.jpg 1536w, https:\/\/aquileingiro.net\/wp-content\/uploads\/2025\/10\/forte-2048x1527.jpg 2048w\" sizes=\"auto, (max-width: 1024px) 100vw, 1024px\" \/><\/figure>\n\n\n\n<div style=\"height:37px\" aria-hidden=\"true\" class=\"wp-block-spacer\"><\/div>\n\n\n\n<figure class=\"wp-block-image aligncenter size-large\"><img loading=\"lazy\" decoding=\"async\" width=\"763\" height=\"1024\" src=\"https:\/\/aquileingiro.net\/wp-content\/uploads\/2025\/10\/forte2-763x1024.jpg\" alt=\"\" class=\"wp-image-2562\" srcset=\"https:\/\/aquileingiro.net\/wp-content\/uploads\/2025\/10\/forte2-763x1024.jpg 763w, https:\/\/aquileingiro.net\/wp-content\/uploads\/2025\/10\/forte2-224x300.jpg 224w, https:\/\/aquileingiro.net\/wp-content\/uploads\/2025\/10\/forte2-768x1030.jpg 768w, https:\/\/aquileingiro.net\/wp-content\/uploads\/2025\/10\/forte2-1145x1536.jpg 1145w, https:\/\/aquileingiro.net\/wp-content\/uploads\/2025\/10\/forte2-1527x2048.jpg 1527w, https:\/\/aquileingiro.net\/wp-content\/uploads\/2025\/10\/forte2-scaled.jpg 1908w\" sizes=\"auto, (max-width: 763px) 100vw, 763px\" \/><\/figure>\n\n\n\n<div style=\"height:37px\" aria-hidden=\"true\" class=\"wp-block-spacer\"><\/div>\n\n\n\n<p><\/p>\n\n\n\n<p class=\"has-normal-font-size\">Da Giovo Ligure sulla  sp334 verso la sp542 che porta a Pero. Non quello triste di Milan&#8230;<\/p>\n\n\n\n<p class=\"has-normal-font-size\"><\/p>\n\n\n\n<p class=\"has-vivid-purple-color has-white-background-color has-text-color has-background has-link-color has-normal-font-size wp-elements-e2997a6715a84f0270d19aea68ba5e4d\"><strong>La SP57 attraversa il parco naturale del Beigua e non possiamo che restare ancora in silenzio , fermarci e immergerci nei silenzi e nei profumi di questa generosa natura che in ottobre inebria.<\/strong><\/p>\n\n\n\n<figure class=\"wp-block-image size-large\"><img loading=\"lazy\" decoding=\"async\" width=\"1024\" height=\"636\" src=\"https:\/\/aquileingiro.net\/wp-content\/uploads\/2025\/10\/beigua2-1024x636.jpg\" alt=\"\" class=\"wp-image-2564\" srcset=\"https:\/\/aquileingiro.net\/wp-content\/uploads\/2025\/10\/beigua2-1024x636.jpg 1024w, https:\/\/aquileingiro.net\/wp-content\/uploads\/2025\/10\/beigua2-300x186.jpg 300w, https:\/\/aquileingiro.net\/wp-content\/uploads\/2025\/10\/beigua2-768x477.jpg 768w, https:\/\/aquileingiro.net\/wp-content\/uploads\/2025\/10\/beigua2-1536x954.jpg 1536w, https:\/\/aquileingiro.net\/wp-content\/uploads\/2025\/10\/beigua2.jpg 1600w\" sizes=\"auto, (max-width: 1024px) 100vw, 1024px\" \/><\/figure>\n\n\n\n<p><\/p>\n\n\n\n<div style=\"height:75px\" aria-hidden=\"true\" class=\"wp-block-spacer\"><\/div>\n\n\n\n<p><\/p>\n\n\n\n<p class=\"has-normal-font-size\">Bene..bene.<br>Allora visto che ci siamo , guido e non soffro piu&#8217; di tanto, andiamo a <strong>perderci su altre stradunzole.<\/strong><\/p>\n\n\n\n<p class=\"has-normal-font-size\">Cosa di meglio di mettersi in modalit\u00e0 mappa e seguire stradine a piacere ?<br>Niente no ?<\/p>\n\n\n\n<div style=\"height:61px\" aria-hidden=\"true\" class=\"wp-block-spacer\"><\/div>\n\n\n\n<p class=\"has-normal-font-size\"><\/p>\n\n\n\n<figure class=\"wp-block-image aligncenter size-large\"><img loading=\"lazy\" decoding=\"async\" width=\"576\" height=\"1024\" src=\"https:\/\/aquileingiro.net\/wp-content\/uploads\/2025\/10\/IMG-20251011-WA0124-576x1024.jpg\" alt=\"\" class=\"wp-image-3230\" srcset=\"https:\/\/aquileingiro.net\/wp-content\/uploads\/2025\/10\/IMG-20251011-WA0124-576x1024.jpg 576w, https:\/\/aquileingiro.net\/wp-content\/uploads\/2025\/10\/IMG-20251011-WA0124-169x300.jpg 169w, https:\/\/aquileingiro.net\/wp-content\/uploads\/2025\/10\/IMG-20251011-WA0124-768x1365.jpg 768w, https:\/\/aquileingiro.net\/wp-content\/uploads\/2025\/10\/IMG-20251011-WA0124-864x1536.jpg 864w, https:\/\/aquileingiro.net\/wp-content\/uploads\/2025\/10\/IMG-20251011-WA0124.jpg 900w\" sizes=\"auto, (max-width: 576px) 100vw, 576px\" \/><\/figure>\n\n\n\n<div style=\"height:49px\" aria-hidden=\"true\" class=\"wp-block-spacer\"><\/div>\n\n\n\n<p class=\"has-normal-font-size\">Al termine del parco  in qualche amena localit\u00e0 sosta BEPI (BEre-Pi&#8230;).<br>L&#8217;Elfa ascolta dei vecchiotti scesi dall&#8217;auto e dice &#8220;Oh ma anche qui ci sono  i francesi!&#8221;.<br>No Amore&#8230; \u00e8 genovese..<\/p>\n\n\n\n<div style=\"height:39px\" aria-hidden=\"true\" class=\"wp-block-spacer\"><\/div>\n\n\n\n<figure class=\"wp-block-gallery has-nested-images columns-default is-cropped wp-block-gallery-5 is-layout-flex wp-block-gallery-is-layout-flex\">\n<figure class=\"wp-block-image size-large\"><img loading=\"lazy\" decoding=\"async\" width=\"576\" height=\"1024\" data-id=\"2662\" src=\"https:\/\/aquileingiro.net\/wp-content\/uploads\/2025\/10\/IMG-20251011-WA0130-1-576x1024.jpg\" alt=\"\" class=\"wp-image-2662\" srcset=\"https:\/\/aquileingiro.net\/wp-content\/uploads\/2025\/10\/IMG-20251011-WA0130-1-576x1024.jpg 576w, https:\/\/aquileingiro.net\/wp-content\/uploads\/2025\/10\/IMG-20251011-WA0130-1-169x300.jpg 169w, https:\/\/aquileingiro.net\/wp-content\/uploads\/2025\/10\/IMG-20251011-WA0130-1-768x1365.jpg 768w, https:\/\/aquileingiro.net\/wp-content\/uploads\/2025\/10\/IMG-20251011-WA0130-1-864x1536.jpg 864w, https:\/\/aquileingiro.net\/wp-content\/uploads\/2025\/10\/IMG-20251011-WA0130-1.jpg 900w\" sizes=\"auto, (max-width: 576px) 100vw, 576px\" \/><\/figure>\n<\/figure>\n\n\n\n<p><\/p>\n\n\n\n<div style=\"height:65px\" aria-hidden=\"true\" class=\"wp-block-spacer\"><\/div>\n\n\n\n<p><\/p>\n\n\n\n<p>Tu hai perso un giorno e mezzo delle tue striminzite ferie..ed allora, ora che puoi, vai.<\/p>\n\n\n\n<div style=\"height:48px\" aria-hidden=\"true\" class=\"wp-block-spacer\"><\/div>\n\n\n\n<figure class=\"wp-block-image size-full\"><img loading=\"lazy\" decoding=\"async\" width=\"1015\" height=\"936\" src=\"https:\/\/aquileingiro.net\/wp-content\/uploads\/2025\/10\/li1.png\" alt=\"\" class=\"wp-image-2613\" srcset=\"https:\/\/aquileingiro.net\/wp-content\/uploads\/2025\/10\/li1.png 1015w, https:\/\/aquileingiro.net\/wp-content\/uploads\/2025\/10\/li1-300x277.png 300w, https:\/\/aquileingiro.net\/wp-content\/uploads\/2025\/10\/li1-768x708.png 768w\" sizes=\"auto, (max-width: 1015px) 100vw, 1015px\" \/><\/figure>\n\n\n\n<p><\/p>\n\n\n\n<figure class=\"wp-block-image size-large\"><img loading=\"lazy\" decoding=\"async\" width=\"1024\" height=\"691\" src=\"https:\/\/aquileingiro.net\/wp-content\/uploads\/2025\/10\/li2-1024x691.png\" alt=\"\" class=\"wp-image-2614\" srcset=\"https:\/\/aquileingiro.net\/wp-content\/uploads\/2025\/10\/li2-1024x691.png 1024w, https:\/\/aquileingiro.net\/wp-content\/uploads\/2025\/10\/li2-300x202.png 300w, https:\/\/aquileingiro.net\/wp-content\/uploads\/2025\/10\/li2-768x518.png 768w, https:\/\/aquileingiro.net\/wp-content\/uploads\/2025\/10\/li2.png 1106w\" sizes=\"auto, (max-width: 1024px) 100vw, 1024px\" \/><\/figure>\n\n\n\n<p><\/p>\n\n\n\n<p><\/p>\n\n\n\n<p class=\"has-normal-font-size\">Il percorso \u00e8 davvero meritevole. Piani di <strong>Praglia<\/strong> etc&#8230;<br>Tutto il<strong> tragitto segnato \u00e8 molto , anzi estremamente bello<\/strong> a parte il breve passaggio sopra il tratto genovese che offre momenti urbanistici davvero per noi difficilini da digerire.<\/p>\n\n\n\n<div style=\"height:100px\" aria-hidden=\"true\" class=\"wp-block-spacer\"><\/div>\n\n\n\n<p class=\"has-normal-font-size\">Andiamo in su&#8230;verso gli <strong>appennini Piacentini<\/strong>.<br><strong>Il momento del Pirla \u00e8 sempre in agguato<\/strong>. Arriva quando meno te lo aspetti. <br>Da notare che tutte le mappe sopra fanno parte di un giro unico.. <br>La terza anche, ma la mettiamo sotto perch\u00e8 \u00e8 un piccolo capitolo a parte.<\/p>\n\n\n\n<p class=\"has-normal-font-size\"><\/p>\n\n\n\n<p class=\"has-normal-font-size\">E&#8217; abbastanza scuro ma non del tutto. Ancora.<br>Mi pregusto gi\u00e0 il momento relax ed il <a href=\"https:\/\/www.youtube.com\/watch?v=1rxV6rhwLAM\" title=\"\">pensiero intrusivo  in questo orario vola lontano con i ricordi..a sta roba<\/a>.<\/p>\n\n\n\n<div style=\"height:58px\" aria-hidden=\"true\" class=\"wp-block-spacer\"><\/div>\n\n\n\n<p class=\"has-normal-font-size\"><br>Seguo fiducioso il GPS.<br>Ricordo che da Zerba a <strong><a href=\"https:\/\/it.wikipedia.org\/wiki\/Capannette_di_Pej\" title=\"\">&#8220;destinazione Paradiso&#8221; Capannette di Pej<\/a> <\/strong>ci fossero pochi km e mi considero in dirittura di arrivo.<\/p>\n\n\n\n<div style=\"height:38px\" aria-hidden=\"true\" class=\"wp-block-spacer\"><\/div>\n\n\n\n<p class=\"has-normal-font-size\"><br><strong>NEIN!NEIN! NEIN! <\/strong><br>&#8230; in 3 minuti siamo in <strong>piena e profondissima notturna<\/strong> in mezzo ai <strong>boschi <\/strong>e non vedevamo l&#8217;ora (anzi non vedevam na sega) di circumnavigare il Prallo tra strade dissestatissime, ghiaino, dirupi e moto come sempre overloaded. (fa fico eh &#8230;overloaded..) per altri 32, in quelle condizioni insidiosi chilometri. <br><\/p>\n\n\n\n<div style=\"height:47px\" aria-hidden=\"true\" class=\"wp-block-spacer\"><\/div>\n\n\n\n<p class=\"has-normal-font-size\">Unica consolazione: <strong>una luminosissima Luna rossa<\/strong> che non abbiamo visto mai in vita nostra.<\/p>\n\n\n\n<p class=\"has-normal-font-size\">Ah che bella! <\/p>\n\n\n\n<p class=\"has-normal-font-size\">Ma non <strong>fai mica in tempo a pensarlo<\/strong> che cambi di direzione dietro al monte ?<\/p>\n\n\n\n<p class=\"has-normal-font-size\">Non abbiamo pi\u00f9 nemmeno quella di luce a tenerci compagnia.<\/p>\n\n\n\n<p class=\"has-normal-font-size\"><\/p>\n\n\n\n<div style=\"height:55px\" aria-hidden=\"true\" class=\"wp-block-spacer\"><\/div>\n\n\n\n<p class=\"has-normal-font-size\">Preghi San Faro da Mandello che la potente luce del <strong>bifanalone <\/strong>continui ad assisterti. Perch\u00e8 con <strong>le moto moderne <\/strong>con i fari sigillati le <strong>lampadine <\/strong>da sostituire ,se mai ve ne fosse rimasta una nei ricambi, ve le potete avvitare nelle orecchie ..e si s\u00e0 che la sfiga ci vede benissimo. Anche di notte.<br>Prendo nota mentale&#8230;installare faretti supplementari. <br>Che serviranno pure a poco in caso di rottura di quello di base , ma saranno sempre meglio di niente.<\/p>\n\n\n\n<p><\/p>\n\n\n\n<figure class=\"wp-block-image size-large\"><img loading=\"lazy\" decoding=\"async\" width=\"1024\" height=\"734\" src=\"https:\/\/aquileingiro.net\/wp-content\/uploads\/2025\/10\/li3-1-1024x734.png\" alt=\"\" class=\"wp-image-2616\" srcset=\"https:\/\/aquileingiro.net\/wp-content\/uploads\/2025\/10\/li3-1-1024x734.png 1024w, https:\/\/aquileingiro.net\/wp-content\/uploads\/2025\/10\/li3-1-300x215.png 300w, https:\/\/aquileingiro.net\/wp-content\/uploads\/2025\/10\/li3-1-768x551.png 768w, https:\/\/aquileingiro.net\/wp-content\/uploads\/2025\/10\/li3-1.png 1244w\" sizes=\"auto, (max-width: 1024px) 100vw, 1024px\" \/><\/figure>\n\n\n\n<div style=\"height:39px\" aria-hidden=\"true\" class=\"wp-block-spacer\"><\/div>\n\n\n\n<p class=\"has-normal-font-size\">Terminato il di cui sopra peniforme percorso (a volte <strong>bisognerebbe saper leggere i messaggi della natura<\/strong>) quando arriviamo a <strong>Capannette di Pe<\/strong>j , ancora non mi capacito perch\u00e8 il gps pur avendo impostato strada veloce ci abbia <strong>dirotatto su disastrate stradine<\/strong> allungando il tragitto.<br>Sono troppo stanco per\u00f2 la sera per riprendere in mano il malefico strumentopolo ed indagare. <br><\/p>\n\n\n\n<div style=\"height:53px\" aria-hidden=\"true\" class=\"wp-block-spacer\"><\/div>\n\n\n\n<p><\/p>\n\n\n\n<p class=\"has-normal-font-size\">Di capannette nulla ma c&#8217;\u00e8 l&#8217;<strong>albergotto grossotto<\/strong>.<\/p>\n\n\n\n<p class=\"has-normal-font-size\">Checkin doccia e cena. Buona cena..e ci vuole .<br>IL gestore<strong> ci chiede se possiamo pagare <\/strong>la sera stessa.<br>Probabilmente teme che non arriveremo vivi al giorno seguente.<br>Truck Trick conto alla cassa e sono 118 euri.<br>Vi ho messo in conto due mezzi pensioni. <br>Ah benon! Perch\u00e8 ? manco ancora abbiamo accennato alle colazioni!<br><strong>No discussion mode <\/strong>e pensiamo al letto. Che ha ottimi materassi.<br>La presa del comodino non funziona. Cos\u00ec come l&#8217;anta scorrevole dell&#8217;armadio divelta e una delle due applique del bagno e ..e&#8230; Ecco perch\u00e8 le due colazioni sulla groppa.. gestire in locale in culonia &#8230;non deve essere facile.<br><br>Quando ci alziamo al mattino la finestra \u00e8 completamente bagnata internamente.<\/p>\n\n\n\n<p class=\"has-normal-font-size\">La colazione a buffet \u00e8 striminzita. Marmellatine confezionate e burrini. Un succone.<br>Lo yogurt lo devo chiedere.<br>Ma<strong> siamo davvero in tanta ma tanta mona<\/strong>&#8230;intendiamoci e faranno gi\u00e0 i miracoli.<br>Quindi va bene. Un giorno nella bottega di 50mq del mio paese di montagna ho sentito una turista chiedere del pesce. DI MARE.<\/p>\n\n\n\n<p class=\"has-normal-font-size\">Mettersi dall&#8217;altra parte aiuta.<\/p>\n\n\n\n<p class=\"has-normal-font-size\">Esco sul piazzale e la temperatura \u00e8 inaspettatamente  tiepidissima.<br><br>Le immagini del luogo a 1400mt e rotti (noi) parlano da sole.<\/p>\n\n\n\n<p><\/p>\n\n\n\n<figure class=\"wp-block-image size-large\"><img loading=\"lazy\" decoding=\"async\" width=\"1024\" height=\"576\" src=\"https:\/\/aquileingiro.net\/wp-content\/uploads\/2025\/10\/IMG-20251011-WA0135-1024x576.jpg\" alt=\"\" class=\"wp-image-2661\" srcset=\"https:\/\/aquileingiro.net\/wp-content\/uploads\/2025\/10\/IMG-20251011-WA0135-1024x576.jpg 1024w, https:\/\/aquileingiro.net\/wp-content\/uploads\/2025\/10\/IMG-20251011-WA0135-300x169.jpg 300w, https:\/\/aquileingiro.net\/wp-content\/uploads\/2025\/10\/IMG-20251011-WA0135-768x432.jpg 768w, https:\/\/aquileingiro.net\/wp-content\/uploads\/2025\/10\/IMG-20251011-WA0135-1536x864.jpg 1536w, https:\/\/aquileingiro.net\/wp-content\/uploads\/2025\/10\/IMG-20251011-WA0135.jpg 1600w\" sizes=\"auto, (max-width: 1024px) 100vw, 1024px\" \/><\/figure>\n\n\n\n<p><\/p>\n\n\n\n<div style=\"height:100px\" aria-hidden=\"true\" class=\"wp-block-spacer\"><\/div>\n\n\n\n<p><\/p>\n\n\n\n<p class=\"has-small-font-size\">Qui sotto il luogo che ha ispirato la celebre stairway to heaven.<\/p>\n\n\n\n<figure class=\"wp-block-gallery has-nested-images columns-default is-cropped wp-block-gallery-6 is-layout-flex wp-block-gallery-is-layout-flex\">\n<figure class=\"wp-block-image size-large\"><img loading=\"lazy\" decoding=\"async\" width=\"683\" height=\"1024\" data-id=\"2777\" src=\"https:\/\/aquileingiro.net\/wp-content\/uploads\/2025\/10\/IMG-20251011-WA0137-1-683x1024.jpg\" alt=\"\" class=\"wp-image-2777\" srcset=\"https:\/\/aquileingiro.net\/wp-content\/uploads\/2025\/10\/IMG-20251011-WA0137-1-683x1024.jpg 683w, https:\/\/aquileingiro.net\/wp-content\/uploads\/2025\/10\/IMG-20251011-WA0137-1-200x300.jpg 200w, https:\/\/aquileingiro.net\/wp-content\/uploads\/2025\/10\/IMG-20251011-WA0137-1-768x1152.jpg 768w, https:\/\/aquileingiro.net\/wp-content\/uploads\/2025\/10\/IMG-20251011-WA0137-1-1024x1536.jpg 1024w, https:\/\/aquileingiro.net\/wp-content\/uploads\/2025\/10\/IMG-20251011-WA0137-1.jpg 1067w\" sizes=\"auto, (max-width: 683px) 100vw, 683px\" \/><\/figure>\n<\/figure>\n\n\n\n<p><\/p>\n\n\n\n<p><\/p>\n\n\n\n<div style=\"height:100px\" aria-hidden=\"true\" class=\"wp-block-spacer\"><\/div>\n\n\n\n<p class=\"has-small-font-size\">Evento rarissimo: qui ritratto ,nel luogo ascetico potete osservare anche un <a href=\"https:\/\/unaparolaalgiorno.it\/significato\/bonzo\" title=\"\">Bonzo<\/a> intento in pratica meditativa. <\/p>\n\n\n\n<figure class=\"wp-block-gallery has-nested-images columns-default is-cropped wp-block-gallery-7 is-layout-flex wp-block-gallery-is-layout-flex\">\n<figure class=\"wp-block-image size-large\"><img loading=\"lazy\" decoding=\"async\" width=\"1024\" height=\"762\" data-id=\"2668\" src=\"https:\/\/aquileingiro.net\/wp-content\/uploads\/2025\/10\/bonzo-1024x762.jpg\" alt=\"\" class=\"wp-image-2668\" srcset=\"https:\/\/aquileingiro.net\/wp-content\/uploads\/2025\/10\/bonzo-1024x762.jpg 1024w, https:\/\/aquileingiro.net\/wp-content\/uploads\/2025\/10\/bonzo-300x223.jpg 300w, https:\/\/aquileingiro.net\/wp-content\/uploads\/2025\/10\/bonzo-768x572.jpg 768w, https:\/\/aquileingiro.net\/wp-content\/uploads\/2025\/10\/bonzo.jpg 1511w\" sizes=\"auto, (max-width: 1024px) 100vw, 1024px\" \/><\/figure>\n<\/figure>\n\n\n\n<p><br><\/p>\n\n\n\n<p class=\"has-normal-font-size\">Ultimo giorno e<strong> si deve tornare a casetta<\/strong>.<\/p>\n\n\n\n<p class=\"has-normal-font-size\">Rifacciamo a ritroso la strada per Zerba.<br>La strada a scendere (vedi salire noi di notte) \u00e8 una di quelle larghe, che quando si incrociano due auto, una sparisce regolarmente nel dirupo e buonanotte al secchio.<\/p>\n\n\n\n<p class=\"has-normal-font-size\"><\/p>\n\n\n\n<p class=\"has-normal-font-size\">Da li , est verso <strong>Moglia <\/strong>e prima di Selva , nei pressi di una bella chiesetta avremmo dovuto svoltare a destra ma il troll dispettoso ha appena posizionato il <strong>cartello di lavori in corso. Inizio : questa mattina. Eddai&#8230;<\/strong>troll ma che do maroni!<br>Allora su per Cerignale e Carisasca e a Marsaglia rigiriamo a SUD. Perch\u00e8 non \u00e8 che poi abbia sta gran smania di tornare a casa.<strong> Tratto meravigliosamente imboscato della Val&#8217;Aveto e l&#8217;alta Val Nure.<\/strong><br>Giungiamo a Boschi e ?<br>Prendiamo l&#8217;ennesima micro stradina per il <strong>passo Del Crociglia<\/strong>. Che <strong>fi co<\/strong>.<br><br>A Ferriere fa caldo ed \u00e8 ora di spuntino. E ? Spingiamo nelle arterie l&#8217;ultima dose di Castelmagno..&#8221;sostenitore ufficiale&#8221; delle nostre vacanze e dei prossimi problemi cardiovascolari.<\/p>\n\n\n\n<p class=\"has-normal-font-size\"><\/p>\n\n\n\n<p class=\"has-normal-font-size\">A nord est, tramite la ss654 percorriamo il <strong>passo Santa Franca<\/strong> (prendere nota&#8230;&#8221;giro dei Santi&#8221;) e poi tutto scorre amorevolmente bene ma oramai malinconicamente sotto le nuove gommette continental.<\/p>\n\n\n\n<p class=\"has-normal-font-size\"><\/p>\n\n\n\n<p class=\"has-normal-font-size\">Giunti a Lugagnano val d&#8217;Arda sp 12 , poi Busseto e da San Daniele Po <strong>mi invento qualche variante su stradine campagnole <\/strong>appositamente per tirar tardi e giungere nel BOX con lo stesso entusiamo dello studente che si avvicina a scuola impreparato il giorno della verifica.<\/p>\n\n\n\n<p class=\"has-normal-font-size\"><\/p>\n\n\n\n<p class=\"has-normal-font-size\"><\/p>\n\n\n\n<hr class=\"wp-block-separator has-alpha-channel-opacity is-style-wide\"\/>\n\n\n\n<p class=\"has-normal-font-size\"><\/p>\n\n\n\n<p class=\"has-vivid-purple-color has-white-background-color has-text-color has-background has-link-color has-normal-font-size wp-elements-a201ed7fb80e2e0eef9734b827184393\">Non chiuder\u00f2 scrivendo la moto \u00e8 stata &#8220;infaticabile&#8221; , &#8220;si \u00e8 comportata benissimo&#8221; e &#8220;ha una anima&#8221;.   <br><br><strong>Quella infaticabile \u00e8 stata mia moglie. <br>Quella che si \u00e8 comportata benissimo nei momenti difficili pure. <br>Quella che ha una anima a cui vorrei regalare serenit\u00e0 \u00e8 lei.<\/strong><br><br><br>E se proprio siete curiosi, SI la moto ha fatto perfettamente quello per cui \u00e8 stata pensata per fare: un po&#8217; di tutto.<\/p>\n\n\n\n<p class=\"has-normal-font-size\"><\/p>\n\n\n\n<p class=\"has-normal-font-size\">Ringrazio di cuore tutto il <strong>personale medico di GAP<\/strong> , e le <strong>buone e belle persone<\/strong> che si sono adoperate prima e durante questo breve viaggio per averlo reso possibile. <br><strong>L&#8217;officina Vallisari di Chiampo nelle persone di Gianluigi, Francesca e il pap\u00e0<\/strong>.<br>Perch\u00e8 per noi \u00e8 stato un grande , grandissimo viaggio a dispetto dei soli 2000km.<br><\/p>\n\n\n\n<p class=\"has-normal-font-size\"><\/p>\n\n\n\n<div style=\"height:100px\" aria-hidden=\"true\" class=\"wp-block-spacer\"><\/div>\n\n\n\n<figure class=\"wp-block-gallery has-nested-images columns-default is-cropped wp-block-gallery-8 is-layout-flex wp-block-gallery-is-layout-flex\">\n<figure class=\"wp-block-image size-large\"><img loading=\"lazy\" decoding=\"async\" width=\"1024\" height=\"768\" data-id=\"3228\" src=\"https:\/\/aquileingiro.net\/wp-content\/uploads\/2025\/10\/IMG_20251005_181116.jpg\" alt=\"\" class=\"wp-image-3228\" srcset=\"https:\/\/aquileingiro.net\/wp-content\/uploads\/2025\/10\/IMG_20251005_181116.jpg 1024w, https:\/\/aquileingiro.net\/wp-content\/uploads\/2025\/10\/IMG_20251005_181116-300x225.jpg 300w, https:\/\/aquileingiro.net\/wp-content\/uploads\/2025\/10\/IMG_20251005_181116-768x576.jpg 768w\" sizes=\"auto, (max-width: 1024px) 100vw, 1024px\" \/><\/figure>\n<\/figure>\n\n\n\n<p><\/p>\n\n\n\n<p><\/p>\n\n\n\n<p class=\"has-tiny-font-size\"><\/p>\n\n\n\n<p class=\"has-tiny-font-size\">P.s.    e se non avete cliccato tutti i links, il troll delle deviazioni vi perseguiter\u00e0.<\/p>\n\n\n\n<p><\/p>\n","protected":false},"excerpt":{"rendered":"<p>Prestart Sei giorni di ferie all&#8217;anno. Dopo anni di caldo, patiti persino a settembre e in quota, decidiamo di giocarci il Jolly per provare a farle in ottobre in moto [&hellip;]<\/p>\n","protected":false},"author":1,"featured_media":2463,"comment_status":"closed","ping_status":"closed","sticky":false,"template":"","format":"standard","meta":{"_eb_attr":"","advgb_blocks_editor_width":"","advgb_blocks_columns_visual_guide":"","_monsterinsights_skip_tracking":false,"_monsterinsights_sitenote_active":false,"_monsterinsights_sitenote_note":"","_monsterinsights_sitenote_category":0,"_uf_show_specific_survey":0,"_uf_disable_surveys":false,"_EventAllDay":false,"_EventTimezone":"","_EventStartDate":"","_EventEndDate":"","_EventStartDateUTC":"","_EventEndDateUTC":"","_EventShowMap":false,"_EventShowMapLink":false,"_EventURL":"","_EventCost":"","_EventCostDescription":"","_EventCurrencySymbol":"","_EventCurrencyCode":"","_EventCurrencyPosition":"","_EventDateTimeSeparator":"","_EventTimeRangeSeparator":"","_EventOrganizerID":[],"_EventVenueID":[],"_OrganizerEmail":"","_OrganizerPhone":"","_OrganizerWebsite":"","_VenueAddress":"","_VenueCity":"","_VenueCountry":"","_VenueProvince":"","_VenueState":"","_VenueZip":"","_VenuePhone":"","_VenueURL":"","_VenueStateProvince":"","_VenueLat":"","_VenueLng":"","_VenueShowMap":false,"_VenueShowMapLink":false,"footnotes":""},"categories":[1],"tags":[],"class_list":["post-2402","post","type-post","status-publish","format-standard","has-post-thumbnail","hentry","category-blog"],"aioseo_notices":[],"author_meta":{"display_name":"aquileingiro.net","author_link":"https:\/\/aquileingiro.net\/?author=1"},"featured_img":"https:\/\/aquileingiro.net\/wp-content\/uploads\/2025\/10\/IMG-20251011-WA0062-300x169.jpg","coauthors":[],"tax_additional":{"categories":{"linked":["<a href=\"https:\/\/aquileingiro.net\/?cat=1\" class=\"advgb-post-tax-term\">Blog<\/a>"],"unlinked":["<span class=\"advgb-post-tax-term\">Blog<\/span>"]}},"comment_count":"0","relative_dates":{"created":"Pubblicato 7 mesi fa","modified":"Aggiornato 5 mesi fa"},"absolute_dates":{"created":"Pubblicato il 14\/10\/2025","modified":"Aggiornato il 18\/11\/2025"},"absolute_dates_time":{"created":"Pubblicato il 14\/10\/2025 08:48","modified":"Aggiornato il 18\/11\/2025 07:31"},"featured_img_caption":"","series_order":"","_links":{"self":[{"href":"https:\/\/aquileingiro.net\/index.php?rest_route=\/wp\/v2\/posts\/2402","targetHints":{"allow":["GET"]}}],"collection":[{"href":"https:\/\/aquileingiro.net\/index.php?rest_route=\/wp\/v2\/posts"}],"about":[{"href":"https:\/\/aquileingiro.net\/index.php?rest_route=\/wp\/v2\/types\/post"}],"author":[{"embeddable":true,"href":"https:\/\/aquileingiro.net\/index.php?rest_route=\/wp\/v2\/users\/1"}],"replies":[{"embeddable":true,"href":"https:\/\/aquileingiro.net\/index.php?rest_route=%2Fwp%2Fv2%2Fcomments&post=2402"}],"version-history":[{"count":747,"href":"https:\/\/aquileingiro.net\/index.php?rest_route=\/wp\/v2\/posts\/2402\/revisions"}],"predecessor-version":[{"id":3821,"href":"https:\/\/aquileingiro.net\/index.php?rest_route=\/wp\/v2\/posts\/2402\/revisions\/3821"}],"wp:featuredmedia":[{"embeddable":true,"href":"https:\/\/aquileingiro.net\/index.php?rest_route=\/wp\/v2\/media\/2463"}],"wp:attachment":[{"href":"https:\/\/aquileingiro.net\/index.php?rest_route=%2Fwp%2Fv2%2Fmedia&parent=2402"}],"wp:term":[{"taxonomy":"category","embeddable":true,"href":"https:\/\/aquileingiro.net\/index.php?rest_route=%2Fwp%2Fv2%2Fcategories&post=2402"},{"taxonomy":"post_tag","embeddable":true,"href":"https:\/\/aquileingiro.net\/index.php?rest_route=%2Fwp%2Fv2%2Ftags&post=2402"}],"curies":[{"name":"wp","href":"https:\/\/api.w.org\/{rel}","templated":true}]}}