{"id":3419,"date":"2025-11-09T19:46:27","date_gmt":"2025-11-09T19:46:27","guid":{"rendered":"https:\/\/aquileingiro.net\/?p=3419"},"modified":"2026-02-06T14:43:19","modified_gmt":"2026-02-06T13:43:19","slug":"vacca-majon-co","status":"publish","type":"post","link":"https:\/\/aquileingiro.net\/?p=3419","title":{"rendered":"Vacca Majon: Ne \u00e8 valsa la pena!"},"content":{"rendered":"\n<p>Se pensate che l\u2019inverno sia fatto per tenere la moto sotto un telo in garage, non siete mai stati al  &#8220;<strong>Vacca Majon<\/strong>&#8220;. Mentre il termometro segna numeri che invitano a restare sotto il piumone, <strong>c\u2019\u00e8 un richiamo pi\u00f9 forte che arriva dritto dalla Bassa Veronese<\/strong>: \u00e8 l&#8217;odore del fumo dei bracieri, il suono dei bicchieri che brindano e quel rombo cupo di chi sfida la nebbia per esserci. Il Winter Party dei <strong>Nord Est Bikers<\/strong> non \u00e8 solo un raduno, \u00e8 un rito di resistenza goliardica. <strong>Dopo il silenzio e le riflessioni degli ultimi tempi, tuffarsi nel caos genuino e &#8220;ignorante&#8221; di questo evento \u00e8 stato come dare una sgasata liberatoria contro l&#8217;inverno dell&#8217;anima<\/strong>.<\/p>\n\n\n\n<p><\/p>\n\n\n\n<div style=\"height:40px\" aria-hidden=\"true\" class=\"wp-block-spacer\"><\/div>\n\n\n\n<h2 class=\"wp-block-heading\">Il tempo vola. A volte no.<\/h2>\n\n\n\n<div style=\"height:63px\" aria-hidden=\"true\" class=\"wp-block-spacer\"><\/div>\n\n\n\n<p>E finalmente ho avuto l&#8217;opportunit\u00e0 di uscire in moto. Da ottobre a novembre trascorso un mese giusto. Tantissimo. Troppo.<\/p>\n\n\n\n<p>Comunque sia , una gran fortuna. Sottovalutata. <br>In primis per la salute. <\/p>\n\n\n\n<p>In secondo luogo la possibilit\u00e0 di fare quello che ci appaga nei momenti liberi.<br>Della prima ,nonostante i tanti acciacchi, davvero non mi lamento. <br>Vedo appuntato sul calendario motociclistico il primo &#8220;<a href=\"https:\/\/www.facebook.com\/NordEstBikers\" title=\"\">Vacca Majon<\/a>.&#8221;<\/p>\n\n\n\n<div style=\"height:43px\" aria-hidden=\"true\" class=\"wp-block-spacer\"><\/div>\n\n\n\n<figure class=\"wp-block-image size-full\"><img loading=\"lazy\" decoding=\"async\" width=\"960\" height=\"390\" src=\"https:\/\/aquileingiro.net\/wp-content\/uploads\/2025\/11\/vaca.jpg\" alt=\"\" class=\"wp-image-3447\" srcset=\"https:\/\/aquileingiro.net\/wp-content\/uploads\/2025\/11\/vaca.jpg 960w, https:\/\/aquileingiro.net\/wp-content\/uploads\/2025\/11\/vaca-300x122.jpg 300w, https:\/\/aquileingiro.net\/wp-content\/uploads\/2025\/11\/vaca-768x312.jpg 768w\" sizes=\"auto, (max-width: 960px) 100vw, 960px\" \/><\/figure>\n\n\n\n<div style=\"height:43px\" aria-hidden=\"true\" class=\"wp-block-spacer\"><\/div>\n\n\n\n<p>Cos\u00ec <strong>appronto con il planner del tomtom in serata una uscita brekkenosa.<\/strong><br>Non dovr\u00f2 trovarmi con nessuno perch\u00e8 quando ho condiviso il tragitto associato alla descrizione ,i soli due possibili interessati sono evaporati alla parola sterrati.<br>Il moto club questo fine settimana \u00e8 dedito alla castagnata in loco. Bello. Ma la moto ?<br>Nonostante l&#8217;alzata geriatrica alle 5 di mattina poi finisce che parto pi\u00f9 tardi di quanto avessi previsto. Tanto.<br>Il sole \u00e8 bello, non si va pi\u00f9 per boschi ed <strong>oggi ci saranno quelli che saliranno in montagna per il &#8220;foliage&#8221;&#8230;manco fossero Rembrandt<\/strong>. Delle 100 moto che saliranno uno si fermer\u00e0 a fare le foto al bordo della strada, gli altri 99 si ingarelleranno perch\u00e8 \u00e8 we di motoGP.<br>Quelli in auto arriveranno sfondandosi di salamelle e siccome amano tanto il &#8220;foliage&#8221; poi troverai uno smerdament.<\/p>\n\n\n\n<div style=\"height:52px\" aria-hidden=\"true\" class=\"wp-block-spacer\"><\/div>\n\n\n\n<p>Io <strong>opto per un solitario grigiore verso la meta in pianura.<\/strong><\/p>\n\n\n\n<p>Solo dopo avere espletato le pratiche di consegne per la cura del pap\u00e0 all&#8217;infermiera arrivo finalmente nella mia Bat caverna. E solo a vedere le moto mi sento meglio.<\/p>\n\n\n\n<div style=\"height:52px\" aria-hidden=\"true\" class=\"wp-block-spacer\"><\/div>\n\n\n\n<p class=\"has-large-font-size\"><a href=\"https:\/\/aquileingiro.net\/?p=5030\" title=\"\">Oggi si sfodera questo&#8230;<\/a><\/p>\n\n\n\n<p><\/p>\n\n\n\n<div style=\"height:70px\" aria-hidden=\"true\" class=\"wp-block-spacer\"><\/div>\n\n\n\n<figure class=\"wp-block-image aligncenter size-full is-resized\"><a href=\"https:\/\/aquileingiro.net\/?p=5030\"><img loading=\"lazy\" decoding=\"async\" width=\"570\" height=\"570\" src=\"https:\/\/aquileingiro.net\/wp-content\/uploads\/2025\/11\/025986BZANST_2_9.webp\" alt=\"\" class=\"wp-image-3421\" style=\"width:400px;height:auto\" srcset=\"https:\/\/aquileingiro.net\/wp-content\/uploads\/2025\/11\/025986BZANST_2_9.webp 570w, https:\/\/aquileingiro.net\/wp-content\/uploads\/2025\/11\/025986BZANST_2_9-300x300.webp 300w, https:\/\/aquileingiro.net\/wp-content\/uploads\/2025\/11\/025986BZANST_2_9-150x150.webp 150w\" sizes=\"auto, (max-width: 570px) 100vw, 570px\" \/><\/a><\/figure>\n\n\n\n<figure class=\"wp-block-image aligncenter size-full is-resized\"><a href=\"https:\/\/aquileingiro.net\/?p=5030\"><img loading=\"lazy\" decoding=\"async\" width=\"570\" height=\"570\" src=\"https:\/\/aquileingiro.net\/wp-content\/uploads\/2025\/11\/025986BZANST_3_9.webp\" alt=\"\" class=\"wp-image-3422\" style=\"width:398px;height:auto\" srcset=\"https:\/\/aquileingiro.net\/wp-content\/uploads\/2025\/11\/025986BZANST_3_9.webp 570w, https:\/\/aquileingiro.net\/wp-content\/uploads\/2025\/11\/025986BZANST_3_9-300x300.webp 300w, https:\/\/aquileingiro.net\/wp-content\/uploads\/2025\/11\/025986BZANST_3_9-150x150.webp 150w\" sizes=\"auto, (max-width: 570px) 100vw, 570px\" \/><\/a><\/figure>\n\n\n\n<p><\/p>\n\n\n\n<p><\/p>\n\n\n\n<p><\/p>\n\n\n\n<h3 class=\"wp-block-heading\"><a href=\"https:\/\/aquileingiro.net\/?p=3749\" title=\"\">I bagagli appunto. Non vorrei espandere il volume delle borse laterali sostituendole.<\/a><\/h3>\n\n\n\n<p><\/p>\n\n\n\n<p>Ora che vi siete eruditi&#8230; con gli aggiornamenti e consigli per gli acquisti, alla fine si&#8230; ho fatto anche il breve giro brekkenZEN.<\/p>\n\n\n\n<p><br>Percorro localit\u00e0 amene tra pozzanghere, sterrati e strade male asfaltate per diversi chilometri. Quasi tutti. Giuro che sugli appennini ci sono strade &#8220;asfaltate&#8221; peggiori.<\/p>\n\n\n\n<p><\/p>\n\n\n\n<p><strong>Cielo grigio su<\/strong>, foglie gialle giu\u00f9\u00f9\u00f9\u00f9\u00f9\u00f9\u00f9\u00f9\u00f9\u00f9\u00f9\u00f9\u00f9\u00f9\u00f9\u00f9\u00f9.<\/p>\n\n\n\n<p><strong>E fossi ovunque<\/strong> , non forma poetica ma Fossi = <em>avvallamento del terreno di dimensioni variabili, naturale o artificiale<\/em>, destinato allo scorrimento delle acque &#8211; dappertutto.<\/p>\n\n\n\n<p>Sempre. Di qua o di l\u00e0.<br><strong>Garanzia oramai certa questa per me che non troverai nessuno<\/strong>.<\/p>\n\n\n\n<p><strong>Nessuno in moto perlomeno.<\/strong><br>O meglio , <strong>dovresti trovare<\/strong> <strong>colonne <\/strong>intere di moto, perch\u00e8 sono state acquistate negli anni treni <strong>di moto adventure con tris di alluminio pronte ai raid pi\u00f9 impegnativi.<\/strong><br><strong>E invece fortunatamente no.<\/strong><\/p>\n\n\n\n<div style=\"height:48px\" aria-hidden=\"true\" class=\"wp-block-spacer\"><\/div>\n\n\n\n<p>Il percorso \u00e8 di quelli che passano in <strong>luoghi dimenticati da Dio,<\/strong> che se sbagli la curva (poche) ti ritrovano alla prossima mietitura o raccolta di mais. Nel caso, vige sempre la legge che ti riciclano come spaventapasseri.<\/p>\n\n\n\n<div style=\"height:38px\" aria-hidden=\"true\" class=\"wp-block-spacer\"><\/div>\n\n\n\n<p>Invece ci sono i <strong>&#8220;Trattori&#8221;. Trattori di ogni ordine e dimensione<\/strong>.Forma e colore.<\/p>\n\n\n\n<p>Di campionari assurdi&#8230;cingolati larghi due auto con scorta e lampeggiante di altri trattori, poi quelli con le ruoti sottili, quelli con le ruote in metallo e poi john Deere , i Massey ferguson, ma poi perch\u00e8 cazzo so ste robe&#8230;..che <strong>non vorrei nemmeno saperle<\/strong> !<\/p>\n\n\n\n<div style=\"height:51px\" aria-hidden=\"true\" class=\"wp-block-spacer\"><\/div>\n\n\n\n<p>Viaggio sereno da solo, io con gli aironi , qualche ibis, un numero non definito di U.V.O&#8230;uccelli volanti non identificati ,alcuni dei quali in simpatici voli radenti al casco e poi lei&#8230;<strong>l&#8217;immancabile nutria suicida stavolta sotto la posteriore<\/strong>. <strong>E io lo giuro, faccio sempre di tutto per fermarmi ed evitarle.<\/strong><\/p>\n\n\n\n<div style=\"height:64px\" aria-hidden=\"true\" class=\"wp-block-spacer\"><\/div>\n\n\n\n<p><br><\/p>\n\n\n\n<figure class=\"wp-block-image aligncenter size-large\"><img loading=\"lazy\" decoding=\"async\" width=\"1024\" height=\"763\" src=\"https:\/\/aquileingiro.net\/wp-content\/uploads\/2025\/11\/brk3-1024x763.jpg\" alt=\"\" class=\"wp-image-3471\" srcset=\"https:\/\/aquileingiro.net\/wp-content\/uploads\/2025\/11\/brk3-1024x763.jpg 1024w, https:\/\/aquileingiro.net\/wp-content\/uploads\/2025\/11\/brk3-300x224.jpg 300w, https:\/\/aquileingiro.net\/wp-content\/uploads\/2025\/11\/brk3-768x572.jpg 768w, https:\/\/aquileingiro.net\/wp-content\/uploads\/2025\/11\/brk3-1536x1145.jpg 1536w, https:\/\/aquileingiro.net\/wp-content\/uploads\/2025\/11\/brk3-2048x1526.jpg 2048w\" sizes=\"auto, (max-width: 1024px) 100vw, 1024px\" \/><\/figure>\n\n\n\n<div style=\"height:64px\" aria-hidden=\"true\" class=\"wp-block-spacer\"><\/div>\n\n\n\n<figure class=\"wp-block-image aligncenter size-full\"><img loading=\"lazy\" decoding=\"async\" width=\"711\" height=\"954\" src=\"https:\/\/aquileingiro.net\/wp-content\/uploads\/2025\/11\/brk2.jpg\" alt=\"\" class=\"wp-image-3473\" srcset=\"https:\/\/aquileingiro.net\/wp-content\/uploads\/2025\/11\/brk2.jpg 711w, https:\/\/aquileingiro.net\/wp-content\/uploads\/2025\/11\/brk2-224x300.jpg 224w\" sizes=\"auto, (max-width: 711px) 100vw, 711px\" \/><\/figure>\n\n\n\n<div style=\"height:64px\" aria-hidden=\"true\" class=\"wp-block-spacer\"><\/div>\n\n\n\n<p>Proseguo con il rimorso di coscienza. Sento la voce&#8230;&#8221;ASSASSINOoooooo&#8221;. Poi vedo che ce ne sono a iosa su nastri poco asfaltati&#8230;bidimensionalizzate. poracce.<\/p>\n\n\n\n<p>Siamo in zona arrivo e sono in riserva spinta, metto strada breve sul<strong> gps per andare a fare benza.<\/strong><\/p>\n\n\n\n<p>&#8230; cosa che non avrei creduto possibile<strong>, giungo persino alla stazione di servizio della superstrada accedendo attraverso i prati <\/strong>!<\/p>\n\n\n\n<div style=\"height:64px\" aria-hidden=\"true\" class=\"wp-block-spacer\"><\/div>\n\n\n\n<p><\/p>\n\n\n\n<h2 class=\"wp-block-heading\">L&#8217;incontro che non ti aspetti<\/h2>\n\n\n\n<div style=\"height:64px\" aria-hidden=\"true\" class=\"wp-block-spacer\"><\/div>\n\n\n\n<p>Arrivo un po&#8217; &#8220;spocegato&#8221; all&#8217;evento.<\/p>\n\n\n\n<p><\/p>\n\n\n\n<p>Parcheggio : caso vuole, giuro era il primo posto disponibile a fianco dell&#8217;unica V85TT presente. Fino a quel momento almeno.<br>Sono tutte col muso verso l&#8217;uscita. Io solito minchia la metto al contrario.<\/p>\n\n\n\n<div style=\"height:64px\" aria-hidden=\"true\" class=\"wp-block-spacer\"><\/div>\n\n\n\n<figure class=\"wp-block-image size-large\"><img loading=\"lazy\" decoding=\"async\" width=\"1024\" height=\"763\" src=\"https:\/\/aquileingiro.net\/wp-content\/uploads\/2025\/11\/IMG_20251108_160644-1024x763.jpg\" alt=\"\" class=\"wp-image-3420\" srcset=\"https:\/\/aquileingiro.net\/wp-content\/uploads\/2025\/11\/IMG_20251108_160644-1024x763.jpg 1024w, https:\/\/aquileingiro.net\/wp-content\/uploads\/2025\/11\/IMG_20251108_160644-300x224.jpg 300w, https:\/\/aquileingiro.net\/wp-content\/uploads\/2025\/11\/IMG_20251108_160644-768x572.jpg 768w, https:\/\/aquileingiro.net\/wp-content\/uploads\/2025\/11\/IMG_20251108_160644-1536x1145.jpg 1536w, https:\/\/aquileingiro.net\/wp-content\/uploads\/2025\/11\/IMG_20251108_160644-2048x1526.jpg 2048w\" sizes=\"auto, (max-width: 1024px) 100vw, 1024px\" \/><\/figure>\n\n\n\n<div style=\"height:64px\" aria-hidden=\"true\" class=\"wp-block-spacer\"><\/div>\n\n\n\n<p>Il proprietario della gialla \u00e8 ancora li. Pulita che riverbera il debole sole.<br>Cazzo pare uscita oggi dal concessionario , ma che ci fa qui ?<\/p>\n\n\n\n<div style=\"height:64px\" aria-hidden=\"true\" class=\"wp-block-spacer\"><\/div>\n\n\n\n<p><\/p>\n\n\n\n<p>Io: &#8220;oh complimenti pulitissima!&#8230;(sar\u00e0 il solito fichetto ? eh ..per forza&#8230; \u00e8 immacolata!) &#8220;<br>Lui: &#8220;si , mi piace tenerla pulita&#8221;<\/p>\n\n\n\n<p>Io: &#8220;si beh&#8230;ma pare proprio nuova di stecca (dai sar\u00e0 arrivato da dietro l&#8217;angolo)&#8221;<br>Lui: &#8220;prova a dire.. quanti km ?&#8221;<br>Io : &#8220;60.000 &#8230;.(la dico alta dai&#8230; )&#8221;<br>Lui &#8221; No.&#8221;<br>Io: &#8220;80.000 (eh&#8230; mo&#8217; esageriamo)&#8221;<br>Lui &#8220;No.&#8221;<\/p>\n\n\n\n<p>Io : (porca di quella troiiiiaaaa vuoi vedere che&#8230; &#8220;<br>Lui : &#8220;240.000 passati&#8221;<br>Adamo alias Mr. 240k km on V85TT in persona.<\/p>\n\n\n\n<div style=\"height:64px\" aria-hidden=\"true\" class=\"wp-block-spacer\"><\/div>\n\n\n\n<figure class=\"wp-block-image aligncenter size-full is-resized\"><img loading=\"lazy\" decoding=\"async\" width=\"251\" height=\"201\" src=\"https:\/\/aquileingiro.net\/wp-content\/uploads\/2025\/11\/non-ciposso.jpg\" alt=\"\" class=\"wp-image-3482\" style=\"width:425px;height:auto\"\/><\/figure>\n\n\n\n<div style=\"height:64px\" aria-hidden=\"true\" class=\"wp-block-spacer\"><\/div>\n\n\n\n<p>Lo so. Avete il cuggino che con la pataccaxy ha fatto tre trilioni di km senza cambiare olio.<br>Intanto vedo &#8220;crescere&#8221; ste guzzine che di km ne hanno macinati veramente e tanti.<br><\/p>\n\n\n\n<p>Tra un panino con la salsiccia e un bicchiere di quello buono, la Vacca Majon ti regala sempre incontri che<strong> profumano di leggenda<\/strong>. Quest&#8217;anno la sorpresa aveva i cilindri trasversali di una <strong>Moto Guzzi V85TT<\/strong> che sembrava aver visto pi\u00f9 mondo di un pilota di linea. Mi fermo a parlare col proprietario e, quasi con nonchalance, mi confessa la cifra folle: <strong>250.000 chilometri<\/strong>. S\u00ec, avete letto bene. Mentre molti passano il tempo a lucidare i collettori in attesa del sole, questo biker ha dimostrato che l&#8217;aquila di Mandello non solo sa volare, ma non si stanca mai. Guardare quel contachilometri tra la gente presente li a Minerbe fa capire che la nostra passione non si misura in cavalli, ma in impronte lasciate sull&#8217;asfalto.<\/p>\n\n\n\n<p>E che io sono una mezza sega.<\/p>\n\n\n\n<div style=\"height:76px\" aria-hidden=\"true\" class=\"wp-block-spacer\"><\/div>\n\n\n\n<p>Quattro piacevoli chiacchere. Leggere. <br>Faccio conoscenza anche del Gianco,altrettanto  gradevolissima  presenza e pure di Michele e di&#8230; ? <br>ahia&#8230;le mie slot di memoria sono esaurite \ud83d\ude41<\/p>\n\n\n\n<div style=\"height:40px\" aria-hidden=\"true\" class=\"wp-block-spacer\"><\/div>\n\n\n\n<p>Poi io saluto ,devo arrivare in orario ed  essere ligio ,attivarmi in modalit\u00e0 badante.<\/p>\n\n\n\n<p><strong>Declino l&#8217;invito alla birra con le lacrime dentro di me<\/strong>&#8230;ok esagero ma che invidia.<br><strong>Adamo invece saluta e parte verso l&#8217;imbrunire per il Brallo<\/strong>&#8230;.sti-stra-cassi. Na robetta da nulla..come andasse li al bar dietro l&#8217;angolo. E il Brallo so bene cosa \u00e8&#8230;di notte in particolar modo.<\/p>\n\n\n\n<div style=\"height:49px\" aria-hidden=\"true\" class=\"wp-block-spacer\"><\/div>\n\n\n\n<p><a href=\"https:\/\/www.facebook.com\/NordEstBikers\" title=\"\">Raduno? Bravissimi NordEstBikers!<\/a> Da quanto ho visto organizzatissimo.<\/p>\n\n\n\n<p>Bello. Ordinato. Pulito.<br>Luogo: funzionale ed ospitali e gentilissimi tutti i ragazzi del motoclub. <br>Solito dispiacere: non potersi fermare. <br><\/p>\n\n\n\n<div style=\"height:64px\" aria-hidden=\"true\" class=\"wp-block-spacer\"><\/div>\n\n\n\n<p>Ma accontentiamoci come ha detto Adamo &#8220;mille milioni di km&#8221;. <\/p>\n\n\n\n<p>&#8220;Si va quando si pu\u00f2, l&#8217;importante \u00e8 stare bene in moto quando la si usa.&#8221;<br><br><\/p>\n\n\n\n<p>Eh gi\u00e0&#8230;.\u00e8 davvero e semplicemente cos\u00ec.<\/p>\n\n\n\n<p><\/p>\n\n\n\n<p><\/p>\n\n\n\n<p><a href=\"\/\" title=\"\">Torna<\/a><\/p>\n","protected":false},"excerpt":{"rendered":"<p>Se pensate che l\u2019inverno sia fatto per tenere la moto sotto un telo in garage, non siete mai stati al &#8220;Vacca Majon&#8220;. Mentre il termometro segna numeri che invitano a [&hellip;]<\/p>\n","protected":false},"author":1,"featured_media":3447,"comment_status":"open","ping_status":"open","sticky":false,"template":"","format":"standard","meta":{"_eb_attr":"","advgb_blocks_editor_width":"","advgb_blocks_columns_visual_guide":"","_monsterinsights_skip_tracking":false,"_monsterinsights_sitenote_active":false,"_monsterinsights_sitenote_note":"","_monsterinsights_sitenote_category":0,"_uf_show_specific_survey":0,"_uf_disable_surveys":false,"_EventAllDay":false,"_EventTimezone":"","_EventStartDate":"","_EventEndDate":"","_EventStartDateUTC":"","_EventEndDateUTC":"","_EventShowMap":false,"_EventShowMapLink":false,"_EventURL":"","_EventCost":"","_EventCostDescription":"","_EventCurrencySymbol":"","_EventCurrencyCode":"","_EventCurrencyPosition":"","_EventDateTimeSeparator":"","_EventTimeRangeSeparator":"","_EventOrganizerID":[],"_EventVenueID":[],"_OrganizerEmail":"","_OrganizerPhone":"","_OrganizerWebsite":"","_VenueAddress":"","_VenueCity":"","_VenueCountry":"","_VenueProvince":"","_VenueState":"","_VenueZip":"","_VenuePhone":"","_VenueURL":"","_VenueStateProvince":"","_VenueLat":"","_VenueLng":"","_VenueShowMap":false,"_VenueShowMapLink":false,"footnotes":""},"categories":[1],"tags":[52,51,49,17,50,43],"class_list":["post-3419","post","type-post","status-publish","format-standard","has-post-thumbnail","hentry","category-blog","tag-bassa-veronese","tag-brekkene","tag-minerbe","tag-moto-guzzi","tag-motoraduno-invernale","tag-mototurismo"],"aioseo_notices":[],"author_meta":{"display_name":"aquileingiro.net","author_link":"https:\/\/aquileingiro.net\/?author=1"},"featured_img":"https:\/\/aquileingiro.net\/wp-content\/uploads\/2025\/11\/vaca-300x122.jpg","coauthors":[],"tax_additional":{"categories":{"linked":["<a href=\"https:\/\/aquileingiro.net\/?cat=1\" class=\"advgb-post-tax-term\">Blog<\/a>"],"unlinked":["<span class=\"advgb-post-tax-term\">Blog<\/span>"]},"tags":{"linked":["<a href=\"https:\/\/aquileingiro.net\/?cat=1\" class=\"advgb-post-tax-term\">bassa veronese<\/a>","<a href=\"https:\/\/aquileingiro.net\/?cat=1\" class=\"advgb-post-tax-term\">brekkene<\/a>","<a href=\"https:\/\/aquileingiro.net\/?cat=1\" class=\"advgb-post-tax-term\">minerbe<\/a>","<a href=\"https:\/\/aquileingiro.net\/?cat=1\" class=\"advgb-post-tax-term\">moto guzzi<\/a>","<a href=\"https:\/\/aquileingiro.net\/?cat=1\" class=\"advgb-post-tax-term\">motoraduno invernale<\/a>","<a href=\"https:\/\/aquileingiro.net\/?cat=1\" class=\"advgb-post-tax-term\">mototurismo<\/a>"],"unlinked":["<span class=\"advgb-post-tax-term\">bassa veronese<\/span>","<span class=\"advgb-post-tax-term\">brekkene<\/span>","<span class=\"advgb-post-tax-term\">minerbe<\/span>","<span class=\"advgb-post-tax-term\">moto guzzi<\/span>","<span class=\"advgb-post-tax-term\">motoraduno invernale<\/span>","<span class=\"advgb-post-tax-term\">mototurismo<\/span>"]}},"comment_count":"0","relative_dates":{"created":"Pubblicato 6 mesi fa","modified":"Aggiornato 3 mesi fa"},"absolute_dates":{"created":"Pubblicato il 09\/11\/2025","modified":"Aggiornato il 06\/02\/2026"},"absolute_dates_time":{"created":"Pubblicato il 09\/11\/2025 19:46","modified":"Aggiornato il 06\/02\/2026 14:43"},"featured_img_caption":"","series_order":"","_links":{"self":[{"href":"https:\/\/aquileingiro.net\/index.php?rest_route=\/wp\/v2\/posts\/3419","targetHints":{"allow":["GET"]}}],"collection":[{"href":"https:\/\/aquileingiro.net\/index.php?rest_route=\/wp\/v2\/posts"}],"about":[{"href":"https:\/\/aquileingiro.net\/index.php?rest_route=\/wp\/v2\/types\/post"}],"author":[{"embeddable":true,"href":"https:\/\/aquileingiro.net\/index.php?rest_route=\/wp\/v2\/users\/1"}],"replies":[{"embeddable":true,"href":"https:\/\/aquileingiro.net\/index.php?rest_route=%2Fwp%2Fv2%2Fcomments&post=3419"}],"version-history":[{"count":144,"href":"https:\/\/aquileingiro.net\/index.php?rest_route=\/wp\/v2\/posts\/3419\/revisions"}],"predecessor-version":[{"id":5054,"href":"https:\/\/aquileingiro.net\/index.php?rest_route=\/wp\/v2\/posts\/3419\/revisions\/5054"}],"wp:featuredmedia":[{"embeddable":true,"href":"https:\/\/aquileingiro.net\/index.php?rest_route=\/wp\/v2\/media\/3447"}],"wp:attachment":[{"href":"https:\/\/aquileingiro.net\/index.php?rest_route=%2Fwp%2Fv2%2Fmedia&parent=3419"}],"wp:term":[{"taxonomy":"category","embeddable":true,"href":"https:\/\/aquileingiro.net\/index.php?rest_route=%2Fwp%2Fv2%2Fcategories&post=3419"},{"taxonomy":"post_tag","embeddable":true,"href":"https:\/\/aquileingiro.net\/index.php?rest_route=%2Fwp%2Fv2%2Ftags&post=3419"}],"curies":[{"name":"wp","href":"https:\/\/api.w.org\/{rel}","templated":true}]}}