{"id":3733,"date":"2025-11-13T09:01:55","date_gmt":"2025-11-13T09:01:55","guid":{"rendered":"https:\/\/aquileingiro.net\/?p=3733"},"modified":"2025-11-13T13:03:23","modified_gmt":"2025-11-13T13:03:23","slug":"francia-forse-non-sai-che","status":"publish","type":"post","link":"https:\/\/aquileingiro.net\/?p=3733","title":{"rendered":"Francia. Forse non sai che&#8230;"},"content":{"rendered":"\n<p>I conducenti stranieri diretti in Francia devono tenere conto di tutta una serie di cose extra da trasportare, dai gilet gialli ai triangoli di avvertimento. Ma quanti di coloro che faranno il viaggio quest&#8217;estate sono consapevoli che dovranno esporre un adesivo per l&#8217;aria pulita \u2013 chiamato bollino Crit&#8217;Air \u2013 se hanno intenzione di guidare in diverse citt\u00e0 francesi?<\/p>\n\n\n\n<p>In una mossa simile all&#8217;aria pulita e alle zone a bassissime emissioni che sono sorte nel Regno Unito, i francesi hanno almeno 12 zone proprie, con altre aggiunte continuamente.<\/p>\n\n\n\n<p>La grande differenza tra&nbsp;<a href=\"https:\/\/www.theguardian.com\/world\/france\">Francia<\/a>&nbsp;e Regno Unito \u00e8 che in Franica tutte le auto e le moto che entrano in tali zone \u2013 anche quelle provenienti dall&#8217;estero \u2013 devono esporre un adesivo che indichi le emissioni del loro veicolo. Coloro che non lo fanno rischiano di essere multati di \u20ac 68 (\u00a3 58).<\/p>\n\n\n\n<figure class=\"wp-block-image\" id=\"20ccff80-1d45-420c-b012-cc9b3bb01726\"><a href=\"https:\/\/www.theguardian.com\/money\/2023\/jul\/09\/car-insurance-tolls-britons-driving-mainland-europe-breakdown-cover-deals\"><img decoding=\"async\" src=\"https:\/\/i.guim.co.uk\/img\/media\/f410c53710c0d1dab79f4da76a84ee45cad7cd8a\/576_0_7181_4311\/master\/7181.jpg?width=460&amp;quality=85&amp;auto=format&amp;fit=max&amp;s=e66e3873a1741ca96a08d8562af85348\" alt=\"Traffico stradale in Yvelines, Francia\"\/><\/a><\/figure>\n\n\n\n<p>Queste zone includono una serie di localit\u00e0 turistiche popolari, tra cui Parigi, Rouen, Strasburgo, Tolosa, Montpellier, Lione, Grenoble&nbsp;<a href=\"https:\/\/www.bison-fute.gouv.fr\/zones-a-faibles-emissions-mobilite.html\">e alcune altre citt\u00e0,&nbsp;<\/a>dove rischi la multa se non ne mostri una.<\/p>\n\n\n\n<p>Il piano \u00e8 quello di avere una zona a basse emissioni in ogni area urbana con una popolazione superiore a 150.000 persone, quindi se stai facendo un lungo viaggio in Francia, vale davvero la pena prenderne uno.<\/p>\n\n\n\n<p>Coloro che prendono il traghetto o l&#8217;Eurotunnel e che stanno lontani da qualsiasi grande area urbana, non saranno tenuti a mostrarne uno.<\/p>\n\n\n\n<p>La buona notizia \u00e8 che gli adesivi sono relativamente facili ed economici da ottenere, anche se richiede un po &#8216;di tempo e una certa esperienza su Internet.<\/p>\n\n\n\n<p>Attenzione: ci sono un certo numero di siti Web falsi che cercheranno di farti pagare di pi\u00f9.<\/p>\n\n\n\n<p>Fondamentalmente, i proprietari avranno bisogno del loro documento DVLA V5, in quanto sono tenuti a inserire dati, incluso il VIN del veicolo o il numero di telaio, e a caricare una fotografia del documento come parte dell&#8217;applicazione.<\/p>\n\n\n\n<p>Il costo \u00e8 di 4,61 \u20ac spese di spedizione incluse per ogni veicolo. Una volta arrivato, gli utenti devono metterlo sul parabrezza dell&#8217;auto, o sulla moto, e dura per tutta la vita del veicolo.<\/p>\n\n\n\n<figure class=\"wp-block-image\" id=\"35be0eff-052c-4cd0-81ca-74b900fa1a89\"><img decoding=\"async\" src=\"https:\/\/i.guim.co.uk\/img\/media\/1619741424d591b39ee01f148079758d55747ac6\/27_185_7614_4572\/master\/7614.jpg?width=445&amp;dpr=1&amp;s=none\" alt=\"Camper inglese su una strada in Francia durante l'estate\"\/><figcaption class=\"wp-element-caption\">Controlla i regolamenti prima di guidare in Francia.&nbsp;Fotografia: Pixavril\/Alamy<\/figcaption><\/figure>\n\n\n\n<p>Poich\u00e9 vengono inviati per posta e impiegheranno alcuni giorni per arrivare, i viaggiatori faranno idealmente domanda un paio di settimane prima di partire. Gli acquirenti riferiscono di arrivare rapidamente.<\/p>\n\n\n\n<p>Il sistema di vignette Crit&#8217;Air comprende sei categorie, dal verde per i veicoli pi\u00f9 puliti al grigio scuro per i pi\u00f9 sporchi. Il certificato che ricevi si riferisce agli standard di emissione Euro del tuo veicolo. Anche se hai un&#8217;auto elettrica al 100%, devi esporre l&#8217;adesivo.<\/p>\n\n\n\n<p>Non tutti i veicoli sono idonei. Le automobili immatricolate prima del gennaio 1997 e le motociclette e gli scooter immatricolati prima del giugno 2000 non sono e non possono essere guidati affatto laddove si applicano restrizioni, causando un problema per i proprietari di alcune moto e auto d&#8217;epoca.<\/p>\n\n\n\n<p>Le amministrazioni locali hanno anche messo fuori legge alcune auto in alcuni centri urbani.<\/p>\n\n\n\n<blockquote class=\"wp-block-quote is-layout-flow wp-block-quote-is-layout-flow\">\n<p>I veicoli con emissioni inferiori ricevono condizioni preferenziali di parcheggio e traffico<\/p>\n<\/blockquote>\n\n\n\n<p>Ad esempio, i conducenti di vecchie auto diesel, Crit&#8217;Air 4, con motore Euro 3 \u2013 quelle tipicamente prodotte prima del 2006 \u2013&nbsp;<a href=\"https:\/\/www.paris.fr\/pages\/la-zone-a-faibles-emissions-zfe-pour-lutter-contre-la-pollution-de-l-air-16799#questions-reponses\">sono banditi da gran parte di Parigi, dal luned\u00ec al venerd\u00ec, tra le 8 e le 8.<\/a><\/p>\n\n\n\n<p>Il divieto doveva essere esteso lo scorso fine settimana per includere le auto diesel Euro 4 (in genere 2006-2011), ma questo \u00e8 stato rinviato per la seconda volta, almeno fino al 2024.<\/p>\n\n\n\n<p>I veicoli con emissioni inferiori ricevono condizioni preferenziali di parcheggio e traffico.<\/p>\n\n\n\n<p><\/p>\n\n\n\n<p>L&#8217;idea alla base di questi schemi \u00e8 che i funzionari locali possono \u2013 e lo fanno \u2013 decidere di porre limiti a breve termine al tipo di veicoli autorizzati a entrare nelle zone di aria pulita, se e quando i livelli di inquinamento locale aumentano.<\/p>\n\n\n\n<figure class=\"wp-block-image\" id=\"c7325dcc-5862-459e-9785-d3f41c1d0ae2\"><img decoding=\"async\" src=\"https:\/\/i.guim.co.uk\/img\/media\/9a9230cc677b44db357a7050d6dc331776d752cc\/0_28_5000_3002\/master\/5000.jpg?width=445&amp;dpr=1&amp;s=none\" alt=\"Bollino Crit'Air\"\/><figcaption class=\"wp-element-caption\">Gli adesivi Crit&#8217;Air sono codificati a colori secondo le norme sulle emissioni Euro del veicolo.&nbsp;<\/figcaption><\/figure>\n\n\n\n<p>I proprietari della maggior parte delle auto del Regno Unito che hanno meno di 12 anni riceveranno una valutazione Crit&#8217;Air di 1 o 2 e dovrebbero affrontare relativamente poche restrizioni.<\/p>\n\n\n\n<p>Secondo il RAC, la vignetta Crit&#8217;Air \u00e8 solo l&#8217;ultimo elemento da aggiungere alla lista delle cose da prendere quando si guida l&#8217;auto all&#8217;estero.<\/p>\n\n\n\n<p>Il portavoce di RAC&nbsp;<a href=\"https:\/\/www.theguardian.com\/world\/europe-news\">Europe<\/a>, Rod Dennis, dice che si aspetta che le regole diventino pi\u00f9 severe nei prossimi anni, con tutti tranne i veicoli a emissioni zero banditi da alcuni centri urbani.<\/p>\n\n\n\n<p>&#8220;Qualsiasi conducente che non esponga un adesivo o guidi un veicolo non conforme in una zona a basse emissioni, corre il rischio di una multa. Questi sono attualmente fissati a \u20ac 68 e sono rilasciati ai conducenti dagli agenti di polizia locali.<\/p>\n\n\n\n<p>&#8220;Tuttavia, le multe massime saliranno a 750 euro una volta che inizier\u00e0 l&#8217;applicazione basata su telecamere, che potrebbe essere gi\u00e0 il prossimo anno&#8221;.<\/p>\n\n\n\n<figure class=\"wp-block-image\" id=\"7cca6936-9271-42fc-ae1f-75b9df3f8da8\"><img decoding=\"async\" src=\"https:\/\/i.guim.co.uk\/img\/media\/b77fee3ee25031a110ffbc10f58da4640871a34a\/54_31_3295_1978\/master\/3295.jpg?width=445&amp;dpr=1&amp;s=none\" alt=\"Bagagliaio sul tetto del bagagliaio nei colori della bandiera del Regno Unito sull'auto nelle Alpi francesi \"\/><figcaption class=\"wp-element-caption\">Hai controllato cosa devi portare nel tuo veicolo quando sei all&#8217;estero?&nbsp;Fotografia: Elena Dijour\/Alamy<\/figcaption><\/figure>\n\n\n\n<p>Dennis aggiunge: &#8220;I conducenti che visitano citt\u00e0 in altri paesi europei, tra cui Spagna, Italia e Svizzera, devono anche fare i compiti nelle zone a basse emissioni prima di intraprendere il viaggio&#8221;.<\/p>\n\n\n\n<p>Se si viaggia verso un paese dell&#8217;UE o in Andorra, Bosnia, Liechtenstein, Norvegia, Serbia o Svizzera, i conducenti non devono essere muniti di una carta verde assicurativa per il loro veicolo, rimorchio o roulotte, ma devono avere il loro certificato di assicurazione.<\/p>\n\n\n\n<p><\/p>\n\n\n\n<figure class=\"wp-block-image\" id=\"7b9507ed-1cf0-46b1-9dd2-de9d356b3218\"><img decoding=\"async\" src=\"https:\/\/i.guim.co.uk\/img\/media\/40ced109591a251ee8deb6e0561d29f5de48221e\/1924_497_3068_1841\/master\/3068.jpg?width=445&amp;dpr=1&amp;s=none\" alt=\"Triangolo di avvertimento dietro un'auto in una corsia di campagna\"\/><figcaption class=\"wp-element-caption\">I triangoli di avvertimento sono obbligatori quando si guida in Francia.&nbsp;<\/figcaption><\/figure>\n\n\n\n<p>\u00c8 anche probabile che tu abbia bisogno di una giacca gialla ad alta visibilit\u00e0 nel caso in cui ti rompi e devi uscire dall&#8217;auto su una strada trafficata. Il numero \u00e8 diverso in tutta Europa, ma in Francia dovresti portarne uno per ogni occupante.<\/p>\n\n\n\n<p>\u00c8 una storia simile per i triangoli di avvertimento e i kit di pronto soccorso. In Francia, entrambi sono obbligatori.<\/p>\n","protected":false},"excerpt":{"rendered":"<p>I conducenti stranieri diretti in Francia devono tenere conto di tutta una serie di cose extra da trasportare, dai gilet gialli ai triangoli di avvertimento. Ma quanti di coloro che [&hellip;]<\/p>\n","protected":false},"author":1,"featured_media":3788,"comment_status":"open","ping_status":"open","sticky":false,"template":"","format":"standard","meta":{"_eb_attr":"","advgb_blocks_editor_width":"","advgb_blocks_columns_visual_guide":"","_monsterinsights_skip_tracking":false,"_monsterinsights_sitenote_active":false,"_monsterinsights_sitenote_note":"","_monsterinsights_sitenote_category":0,"_uf_show_specific_survey":0,"_uf_disable_surveys":false,"_EventAllDay":false,"_EventTimezone":"","_EventStartDate":"","_EventEndDate":"","_EventStartDateUTC":"","_EventEndDateUTC":"","_EventShowMap":false,"_EventShowMapLink":false,"_EventURL":"","_EventCost":"","_EventCostDescription":"","_EventCurrencySymbol":"","_EventCurrencyCode":"","_EventCurrencyPosition":"","_EventDateTimeSeparator":"","_EventTimeRangeSeparator":"","_EventOrganizerID":[],"_EventVenueID":[],"_OrganizerEmail":"","_OrganizerPhone":"","_OrganizerWebsite":"","_VenueAddress":"","_VenueCity":"","_VenueCountry":"","_VenueProvince":"","_VenueState":"","_VenueZip":"","_VenuePhone":"","_VenueURL":"","_VenueStateProvince":"","_VenueLat":"","_VenueLng":"","_VenueShowMap":false,"_VenueShowMapLink":false,"footnotes":""},"categories":[38],"tags":[],"class_list":["post-3733","post","type-post","status-publish","format-standard","has-post-thumbnail","hentry","category-utili"],"aioseo_notices":[],"author_meta":{"display_name":"aquileingiro.net","author_link":"https:\/\/aquileingiro.net\/?author=1"},"featured_img":"https:\/\/aquileingiro.net\/wp-content\/uploads\/2025\/11\/airfrance-300x180.avif","coauthors":[],"tax_additional":{"categories":{"linked":["<a href=\"https:\/\/aquileingiro.net\/?cat=38\" class=\"advgb-post-tax-term\">UTILI<\/a>"],"unlinked":["<span class=\"advgb-post-tax-term\">UTILI<\/span>"]}},"comment_count":"0","relative_dates":{"created":"Pubblicato 6 mesi fa","modified":"Aggiornato 5 mesi fa"},"absolute_dates":{"created":"Pubblicato il 13\/11\/2025","modified":"Aggiornato il 13\/11\/2025"},"absolute_dates_time":{"created":"Pubblicato il 13\/11\/2025 09:01","modified":"Aggiornato il 13\/11\/2025 13:03"},"featured_img_caption":"","series_order":"","_links":{"self":[{"href":"https:\/\/aquileingiro.net\/index.php?rest_route=\/wp\/v2\/posts\/3733","targetHints":{"allow":["GET"]}}],"collection":[{"href":"https:\/\/aquileingiro.net\/index.php?rest_route=\/wp\/v2\/posts"}],"about":[{"href":"https:\/\/aquileingiro.net\/index.php?rest_route=\/wp\/v2\/types\/post"}],"author":[{"embeddable":true,"href":"https:\/\/aquileingiro.net\/index.php?rest_route=\/wp\/v2\/users\/1"}],"replies":[{"embeddable":true,"href":"https:\/\/aquileingiro.net\/index.php?rest_route=%2Fwp%2Fv2%2Fcomments&post=3733"}],"version-history":[{"count":1,"href":"https:\/\/aquileingiro.net\/index.php?rest_route=\/wp\/v2\/posts\/3733\/revisions"}],"predecessor-version":[{"id":3734,"href":"https:\/\/aquileingiro.net\/index.php?rest_route=\/wp\/v2\/posts\/3733\/revisions\/3734"}],"wp:featuredmedia":[{"embeddable":true,"href":"https:\/\/aquileingiro.net\/index.php?rest_route=\/wp\/v2\/media\/3788"}],"wp:attachment":[{"href":"https:\/\/aquileingiro.net\/index.php?rest_route=%2Fwp%2Fv2%2Fmedia&parent=3733"}],"wp:term":[{"taxonomy":"category","embeddable":true,"href":"https:\/\/aquileingiro.net\/index.php?rest_route=%2Fwp%2Fv2%2Fcategories&post=3733"},{"taxonomy":"post_tag","embeddable":true,"href":"https:\/\/aquileingiro.net\/index.php?rest_route=%2Fwp%2Fv2%2Ftags&post=3733"}],"curies":[{"name":"wp","href":"https:\/\/api.w.org\/{rel}","templated":true}]}}