{"id":3825,"date":"2025-12-28T07:31:30","date_gmt":"2025-12-28T07:31:30","guid":{"rendered":"https:\/\/aquileingiro.net\/?p=3825"},"modified":"2026-02-06T07:27:48","modified_gmt":"2026-02-06T06:27:48","slug":"il-giorno-di-dolore-che-uno-ha","status":"publish","type":"post","link":"https:\/\/aquileingiro.net\/?p=3825","title":{"rendered":"Il giorno di dolore che uno ha: la perdita di un padre"},"content":{"rendered":"\n<p><\/p>\n\n\n\n<p>Dicono che il tempo curi ogni ferita, ma la <strong>perdita di un padre<\/strong> apre un vuoto che nessuna lancetta pu\u00f2 colmare davvero. \u00c8 <strong>il giorno di dolore che uno ha<\/strong>, quello che arriva all&#8217;improvviso o che resta l\u00ec, sospeso, a ricordarti che nulla sar\u00e0 pi\u00f9 come prima. In queste righe cerco di dare un nome a quel silenzio, trasformando il dolore in memoria per onorare chi mi ha guidato fino a qui.<\/p>\n\n\n\n<p><\/p>\n\n\n\n<p><\/p>\n\n\n\n<p><\/p>\n\n\n\n<p>Devastato. E non pensavo.<br>Pensi di essere pronto. E mi manchi gi\u00e0 da morire.<\/p>\n\n\n\n<p>E il vuoto non lo colmer\u00f2. Lo so gi\u00e0.<\/p>\n\n\n\n<p>Perch\u00e8 \u00e8 giusto che sia cos\u00ec. Caro pap\u00e0.<\/p>\n\n\n\n<p>Per raccontarti  basta un episodio.<br>Recentissimo. Perch\u00e8 avvenuto l&#8217;ultimo giorno in cui eri con noi.<\/p>\n\n\n\n<div style=\"height:32px\" aria-hidden=\"true\" class=\"wp-block-spacer\"><\/div>\n\n\n\n<p>E&#8217; venerdi 26.<br>Ti alzi, ma sei stanco.Molto.Nonostante tu abbia dormito pi\u00f9 del solito.<br>Poi segue la doccia,non senza essere consapevole a momenti del tuo stato.<br>Un uomo costretto all&#8217;aiuto. Uno spirito indomito distrutto progressivamente dalle operazioni,dalle patologie fisiche e nella mente.<br>Sempre meno lucidamente ti ricolleghi al mondo.<br>Mentre vieni insaponato scuoti la testa e dici: &#8220;guarda come sono ridotto.&#8221;<br>Come fosse una colpa.<br>Costantemente sopraffatto dal lancinante dolore per la mancanza della tua amata Betty.<br>Che ti consuma.<br>Come lo era stato molti anni prima la perdita della tua figlia &#8220;chicca&#8221; Francesca.<br>E dei tuoi cari fratelli e sorelle e nipoti poi.Sofferti. Tutti.<br>E tutti noi che ti assistevamo eravamo la tua Betty pi\u00f9 volte al giorno.<br>Il tuo pensiero fisso. Il rifiuto della sua mancanza.60 anni insieme.<\/p>\n\n\n\n<p>E&#8217; mattina inoltrata ed usciamo in auto.<br>Andiamo verso il lago che \u00e8 a pochi chilometri dalla tua casetta a schiera.<br>La strada scivola via veloce . Attraverso il finestrino ti guardi attorno ed ecco il tuo stupore per il sole, il cielo blu e i colli verdi in questa insolita calda giornata di dicembre.<br>&#8220;Mamma mia che bello, ed era tanto che non venivo qua.&#8221;<br>Giunti al parcheggio la macchina si infanga.<br>Ti facciamo scendere cautamente e poi resti appoggiato al tuo carrello da passeggio.Ben coperto.<br>Noi siamo in difficolt\u00e0 nella manovra.<br>Proviamo una due tre , enne volte ad uscirne da quel blocco.<\/p>\n\n\n\n<div style=\"height:50px\" aria-hidden=\"true\" class=\"wp-block-spacer\"><\/div>\n\n\n\n<p>A un certo punto dici : &#8220;vi aiuto io a spingere!&#8221;<\/p>\n\n\n\n<div style=\"height:65px\" aria-hidden=\"true\" class=\"wp-block-spacer\"><\/div>\n\n\n\n<p>Ecco, che in questa frase c&#8217;\u00e8 tutta la tua vita raccolta in una frase.<br>Tu, malato, distrutto nel corpo e nel pensiero.<br>Ancora una volta , la tua generosit\u00e0 sempre realizzata nei fatti, con le azioni e con la fatica.<br>Padre di poche , anzi pochissime parole.<br>Perch\u00e8 questa ,\u00e8 stata la vostra generazione : quelli che hanno costruito questo paese nei fatti, costruito famiglie con il sacrificio e trasmesso valori, con il sudore , quello vero del lavoro nei deserti,lavorando sempre duro senza mai avere alcuno sconto dalla vita.<br>Tuttaltro.<br>Esserci per chi ne avesse bisogno nel concreto. Nel silenzio.<br>Che fossero figli o nipoti o l&#8217;amico dell&#8217;orto.<br>Che fosse un bambino di quelli che allenavi a calcio. Per acquistagli di nascosto le scarpe.<br>O per pagare il cancelletto a quella giovane coppia spiantata il cui bambino usciva pericolosamente dal giardino.<\/p>\n\n\n\n<p>In fondo quello che rimane di noi \u00e8 sempre e solo l&#8217;amore che abbiamo donato.<br><br>Te ne sei andato senza volerci disturbare, In cucina. Alle due e mezza di notte.<br>La tua tazza preferita la avevi appena riempita di latte.  <br>Giaci disteso sul pavimento inerme.Accovacciato.<br>Nel pieno della notte silenziosa.<br>Senza esalare un alito. Ci provo ..ma tu non respiri.<br>Te ne sei andato, maledizione, senza che noi ci accorgessimo di nulla nonostante fossimo a pochi metri da te.<\/p>\n\n\n\n<p>Lieve. Nei tuoi passi. Ma con i pensieri oramai troppo pesanti. Insostenibili.<br>Nell&#8217;essere uomo tenace fino al tuo ultimo debolissimo ed incerto passo.<br>Non voler dipendere da nessuno.E voler trovare finalmente pace. <br>Ogni oggetto parla di voi, di te e mamma. Di noi. Ed \u00e8 stra zian te.<br>Penso ad ogni volta che non sono stato all&#8217;altezza. E me ne dispero.<\/p>\n\n\n\n<p>Ti ho accarezzato il viso scavato dopo cena mentre eri seduto in silenzio sulla sedia e poi alle 9 e 5  ti ho messo a letto.<\/p>\n\n\n\n<p>TI sei infilato sotto il piumone e una coltre di coperte in lana che sembravano non bastare mai.<br>TI ho rimboccato.<br>Mi hai detto &#8220;grazie&#8221;. Tu che hai detto grazie a me&#8230; <\/p>\n\n\n\n<p>Grottesco.UN devastante dolore. Un mondo rovesciato.<br>Capisci Pap\u00e0? Lo sapevi gi\u00e0. Ovviamente. <\/p>\n\n\n\n<div style=\"height:75px\" aria-hidden=\"true\" class=\"wp-block-spacer\"><\/div>\n\n\n\n<p>E ogni viaggio che ho fatto , eri e sarai sempre con me. Ti amo pap\u00e0. <br><\/p>\n\n\n\n<div style=\"height:52px\" aria-hidden=\"true\" class=\"wp-block-spacer\"><\/div>\n\n\n\n<figure class=\"wp-block-image aligncenter size-large\"><a href=\"https:\/\/www.gilera-bi4.it\/sito\/\"><img loading=\"lazy\" decoding=\"async\" width=\"1024\" height=\"681\" src=\"https:\/\/aquileingiro.net\/wp-content\/uploads\/2025\/12\/R-1024x681.jpg\" alt=\"\" class=\"wp-image-3827\" srcset=\"https:\/\/aquileingiro.net\/wp-content\/uploads\/2025\/12\/R-1024x681.jpg 1024w, https:\/\/aquileingiro.net\/wp-content\/uploads\/2025\/12\/R-300x200.jpg 300w, https:\/\/aquileingiro.net\/wp-content\/uploads\/2025\/12\/R-768x511.jpg 768w, https:\/\/aquileingiro.net\/wp-content\/uploads\/2025\/12\/R-1536x1021.jpg 1536w, https:\/\/aquileingiro.net\/wp-content\/uploads\/2025\/12\/R.jpg 1600w\" sizes=\"auto, (max-width: 1024px) 100vw, 1024px\" \/><\/a><\/figure>\n\n\n\n<p><br><br><a href=\"\/\" title=\"\">Torna<\/a><\/p>\n\n\n\n<p><\/p>\n","protected":false},"excerpt":{"rendered":"<p>Dicono che il tempo curi ogni ferita, ma la perdita di un padre apre un vuoto che nessuna lancetta pu\u00f2 colmare davvero. \u00c8 il giorno di dolore che uno ha, [&hellip;]<\/p>\n","protected":false},"author":1,"featured_media":3827,"comment_status":"open","ping_status":"open","sticky":false,"template":"","format":"standard","meta":{"_eb_attr":"","advgb_blocks_editor_width":"","advgb_blocks_columns_visual_guide":"","_monsterinsights_skip_tracking":false,"_monsterinsights_sitenote_active":false,"_monsterinsights_sitenote_note":"","_monsterinsights_sitenote_category":0,"_uf_show_specific_survey":0,"_uf_disable_surveys":false,"_EventAllDay":false,"_EventTimezone":"","_EventStartDate":"","_EventEndDate":"","_EventStartDateUTC":"","_EventEndDateUTC":"","_EventShowMap":false,"_EventShowMapLink":false,"_EventURL":"","_EventCost":"","_EventCostDescription":"","_EventCurrencySymbol":"","_EventCurrencyCode":"","_EventCurrencyPosition":"","_EventDateTimeSeparator":"","_EventTimeRangeSeparator":"","_EventOrganizerID":[],"_EventVenueID":[],"_OrganizerEmail":"","_OrganizerPhone":"","_OrganizerWebsite":"","_VenueAddress":"","_VenueCity":"","_VenueCountry":"","_VenueProvince":"","_VenueState":"","_VenueZip":"","_VenuePhone":"","_VenueURL":"","_VenueStateProvince":"","_VenueLat":"","_VenueLng":"","_VenueShowMap":false,"_VenueShowMapLink":false,"footnotes":""},"categories":[1],"tags":[],"class_list":["post-3825","post","type-post","status-publish","format-standard","has-post-thumbnail","hentry","category-blog"],"aioseo_notices":[],"author_meta":{"display_name":"aquileingiro.net","author_link":"https:\/\/aquileingiro.net\/?author=1"},"featured_img":"https:\/\/aquileingiro.net\/wp-content\/uploads\/2025\/12\/R-300x200.jpg","coauthors":[],"tax_additional":{"categories":{"linked":["<a href=\"https:\/\/aquileingiro.net\/?cat=1\" class=\"advgb-post-tax-term\">Blog<\/a>"],"unlinked":["<span class=\"advgb-post-tax-term\">Blog<\/span>"]}},"comment_count":"2","relative_dates":{"created":"Pubblicato 4 mesi fa","modified":"Aggiornato 3 mesi fa"},"absolute_dates":{"created":"Pubblicato il 28\/12\/2025","modified":"Aggiornato il 06\/02\/2026"},"absolute_dates_time":{"created":"Pubblicato il 28\/12\/2025 07:31","modified":"Aggiornato il 06\/02\/2026 07:27"},"featured_img_caption":"","series_order":"","_links":{"self":[{"href":"https:\/\/aquileingiro.net\/index.php?rest_route=\/wp\/v2\/posts\/3825","targetHints":{"allow":["GET"]}}],"collection":[{"href":"https:\/\/aquileingiro.net\/index.php?rest_route=\/wp\/v2\/posts"}],"about":[{"href":"https:\/\/aquileingiro.net\/index.php?rest_route=\/wp\/v2\/types\/post"}],"author":[{"embeddable":true,"href":"https:\/\/aquileingiro.net\/index.php?rest_route=\/wp\/v2\/users\/1"}],"replies":[{"embeddable":true,"href":"https:\/\/aquileingiro.net\/index.php?rest_route=%2Fwp%2Fv2%2Fcomments&post=3825"}],"version-history":[{"count":34,"href":"https:\/\/aquileingiro.net\/index.php?rest_route=\/wp\/v2\/posts\/3825\/revisions"}],"predecessor-version":[{"id":4958,"href":"https:\/\/aquileingiro.net\/index.php?rest_route=\/wp\/v2\/posts\/3825\/revisions\/4958"}],"wp:featuredmedia":[{"embeddable":true,"href":"https:\/\/aquileingiro.net\/index.php?rest_route=\/wp\/v2\/media\/3827"}],"wp:attachment":[{"href":"https:\/\/aquileingiro.net\/index.php?rest_route=%2Fwp%2Fv2%2Fmedia&parent=3825"}],"wp:term":[{"taxonomy":"category","embeddable":true,"href":"https:\/\/aquileingiro.net\/index.php?rest_route=%2Fwp%2Fv2%2Fcategories&post=3825"},{"taxonomy":"post_tag","embeddable":true,"href":"https:\/\/aquileingiro.net\/index.php?rest_route=%2Fwp%2Fv2%2Ftags&post=3825"}],"curies":[{"name":"wp","href":"https:\/\/api.w.org\/{rel}","templated":true}]}}