{"id":3862,"date":"2025-12-31T13:56:56","date_gmt":"2025-12-31T13:56:56","guid":{"rendered":"https:\/\/aquileingiro.net\/?p=3862"},"modified":"2026-02-06T09:44:08","modified_gmt":"2026-02-06T08:44:08","slug":"il-contradditorio-la-disfida-della-linea","status":"publish","type":"post","link":"https:\/\/aquileingiro.net\/?p=3862","title":{"rendered":"Senza contraddittorio: l&#8217;errore del giornalista e il mito di Motociclismo"},"content":{"rendered":"\n<p>Il concetto di una comunicazione <strong>senza contraddittorio<\/strong> sembra essere il comune denominatore tra il passato e il presente. Da un lato abbiamo un <strong>errore del giornalista<\/strong> espresso sulle moderne piattaforme digitali e mai riconosciuto, dall&#8217;altro la storica linea editoriale di Motociclismo che fu, una rivista che per decenni ha dettato legge nel settore senza concedere praticamente mai il diritto di replica. Questa resistenza ad ammettere lo sbaglio, che sia un post su internet o una colonna stampata, rivela una chiusura al dialogo che trasforma l&#8217;informazione in un monologo unilaterale.<\/p>\n\n\n\n<p><\/p>\n\n\n\n<p>Alcuni giorni fa mi permisi di definire &#8220;<strong>miserie<\/strong>&#8221; alcune note di un autorevolissimo addetto ai lavori (o ex?) del settore giornalistico motociclistico. <br>In un post online,mi risultava indigesto un particolare passaggio riguardante alcuni temi stilistici riguardo le moto.<\/p>\n\n\n\n<p><br>L&#8217;accezione del termine usato nella mia replica ovvero &#8220;miserie nelle note di alcuni giornalisti&#8221; era ,e lo ammetto ,volutamente e contestualmente  <strong>polemico e pepato<\/strong>.<br>Anche se lo si fosse voluto prendere nel senso letterale&#8230;e peggiore &#8220;misero &#8211;&gt; povero &#8211;&gt; <strong>insufficiente<\/strong>&#8221; il significato era : &#8220;siete stati superficiali&#8221;.<\/p>\n\n\n\n<div style=\"height:54px\" aria-hidden=\"true\" class=\"wp-block-spacer\"><\/div>\n\n\n\n<p>Mi chiedevo : <\/p>\n\n\n\n<p>&#8220;come mai, un cos\u00ec super esperto e preparato addetto ai lavori afferma tal cosa ?&#8221;<\/p>\n\n\n\n<p><br>In particolare nel contesto si evinceva che la BMW GS del 2004 , fosse stata la <strong>capostipite assoluta delle linee  quadrate ed in questo senso innovative<\/strong>.<\/p>\n\n\n\n<p><\/p>\n\n\n\n<p>Ora: si possono e si devono riconoscere a &#8220;sua maest\u00e0 GS&#8221; mille e mille mila peculiarit\u00e0.<br>Lo s\u00e0 persino lui&#8230;<\/p>\n\n\n\n<div style=\"height:57px\" aria-hidden=\"true\" class=\"wp-block-spacer\"><\/div>\n\n\n\n<figure class=\"wp-block-image aligncenter size-full\"><img loading=\"lazy\" decoding=\"async\" width=\"550\" height=\"392\" src=\"https:\/\/aquileingiro.net\/wp-content\/uploads\/2025\/12\/cane.gif\" alt=\"\" class=\"wp-image-3878\"\/><\/figure>\n\n\n\n<div style=\"height:39px\" aria-hidden=\"true\" class=\"wp-block-spacer\"><\/div>\n\n\n\n<p>Ma questa proprio no. Quindi&#8230;c<strong>ontesto.<\/strong> <strong>Non \u00e8 vero<\/strong>.<br><\/p>\n\n\n\n<p>Facciamo un salto indietro nel tempo ? Ecco come era il modello BMW GS 2003:<\/p>\n\n\n\n<div style=\"height:39px\" aria-hidden=\"true\" class=\"wp-block-spacer\"><\/div>\n\n\n\n<figure class=\"wp-block-image aligncenter size-full\"><img loading=\"lazy\" decoding=\"async\" width=\"852\" height=\"717\" src=\"https:\/\/aquileingiro.net\/wp-content\/uploads\/2025\/12\/bmw2003.jpg\" alt=\"BMW GS1150 parcheggiata, in primo piano la linea classica e robusta del modello vecchio\" class=\"wp-image-3863\" srcset=\"https:\/\/aquileingiro.net\/wp-content\/uploads\/2025\/12\/bmw2003.jpg 852w, https:\/\/aquileingiro.net\/wp-content\/uploads\/2025\/12\/bmw2003-300x252.jpg 300w, https:\/\/aquileingiro.net\/wp-content\/uploads\/2025\/12\/bmw2003-768x646.jpg 768w\" sizes=\"auto, (max-width: 852px) 100vw, 852px\" \/><\/figure>\n\n\n\n<div style=\"height:39px\" aria-hidden=\"true\" class=\"wp-block-spacer\"><\/div>\n\n\n\n<p><\/p>\n\n\n\n<p>Di fronte alla mia zanzarosa osservazione mi si chiedeva  quali fossero le precedenti..non senza darmi del saputello.<\/p>\n\n\n\n<div style=\"height:39px\" aria-hidden=\"true\" class=\"wp-block-spacer\"><\/div>\n\n\n\n<p>&#8220;<strong>ci illumini&#8230;lei allora!<\/strong>&#8221; &#8211; (leggasi &#8220;coglione&#8221; tra le righe)<br><\/p>\n\n\n\n<div style=\"height:39px\" aria-hidden=\"true\" class=\"wp-block-spacer\"><\/div>\n\n\n\n<p>No penso&#8230;..dai non \u00e8 cos\u00ec , ma ho letto giusto ? <br>Ma davvero te le devo dire io ? Ma davvero ti sei  alterato per questa critica ?<br>Eh sembra proprio di si!<br><br>Rimugino. Replico ?<\/p>\n\n\n\n<div style=\"height:39px\" aria-hidden=\"true\" class=\"wp-block-spacer\"><\/div>\n\n\n\n<p>Ma non puoi fare tu mentalmente o &#8220;professionalmente&#8221; un controllo nell&#8217;immenso e sterminato repertorio di prove e di materiale personale e non ?<\/p>\n\n\n\n<div style=\"height:39px\" aria-hidden=\"true\" class=\"wp-block-spacer\"><\/div>\n\n\n\n<p>uhmm&#8230; &#8220;non \u00e8 che essere contraddetti davanti al gregge annuente e ossequiante possa intaccare la tua enorme autostima?&#8221;<\/p>\n\n\n\n<p><\/p>\n\n\n\n<p>No. Dai&#8230; non pu\u00f2 essere. <\/p>\n\n\n\n<p>Ma no..Persona troppo intelligente. Un professionista. Da me stimato.Seguito.<\/p>\n\n\n\n<p>Replico.<br><\/p>\n\n\n\n<div style=\"height:39px\" aria-hidden=\"true\" class=\"wp-block-spacer\"><\/div>\n\n\n\n<p>Faccio notare che gi\u00e0 che aprilia nel 2001 con RST1000 ETV1000 aveva anticipato ampiamente le tendenze in questo senso.<\/p>\n\n\n\n<p>E come la casa di Noale altre prima, seppur forse meno marcatamente, avessero aperto la strada.<\/p>\n\n\n\n<p><\/p>\n\n\n\n<p>Errore..<br>Mi trascina proseguendo  in un ping pong di memoria genitor-adolescenziale,  ed appare via via  realmente irritato e stizzito.<\/p>\n\n\n\n<p><\/p>\n\n\n\n<div style=\"height:40px\" aria-hidden=\"true\" class=\"wp-block-spacer\"><\/div>\n\n\n\n<figure class=\"wp-block-image aligncenter size-large\"><img loading=\"lazy\" decoding=\"async\" width=\"1024\" height=\"682\" src=\"https:\/\/aquileingiro.net\/wp-content\/uploads\/2025\/12\/rst-1024x682.jpg\" alt=\"\" class=\"wp-image-3865\" srcset=\"https:\/\/aquileingiro.net\/wp-content\/uploads\/2025\/12\/rst-1024x682.jpg 1024w, https:\/\/aquileingiro.net\/wp-content\/uploads\/2025\/12\/rst-300x200.jpg 300w, https:\/\/aquileingiro.net\/wp-content\/uploads\/2025\/12\/rst-768x511.jpg 768w, https:\/\/aquileingiro.net\/wp-content\/uploads\/2025\/12\/rst-1536x1022.jpg 1536w, https:\/\/aquileingiro.net\/wp-content\/uploads\/2025\/12\/rst.jpg 1600w\" sizes=\"auto, (max-width: 1024px) 100vw, 1024px\" \/><\/figure>\n\n\n\n<div style=\"height:34px\" aria-hidden=\"true\" class=\"wp-block-spacer\"><\/div>\n\n\n\n<figure class=\"wp-block-image size-full\"><img loading=\"lazy\" decoding=\"async\" width=\"1024\" height=\"772\" src=\"https:\/\/aquileingiro.net\/wp-content\/uploads\/2025\/12\/Aprilia-RST1000-Futura-Front-Right-Featured-1024x772-1.jpg\" alt=\"\" class=\"wp-image-3868\" srcset=\"https:\/\/aquileingiro.net\/wp-content\/uploads\/2025\/12\/Aprilia-RST1000-Futura-Front-Right-Featured-1024x772-1.jpg 1024w, https:\/\/aquileingiro.net\/wp-content\/uploads\/2025\/12\/Aprilia-RST1000-Futura-Front-Right-Featured-1024x772-1-300x226.jpg 300w, https:\/\/aquileingiro.net\/wp-content\/uploads\/2025\/12\/Aprilia-RST1000-Futura-Front-Right-Featured-1024x772-1-768x579.jpg 768w\" sizes=\"auto, (max-width: 1024px) 100vw, 1024px\" \/><\/figure>\n\n\n\n<div style=\"height:34px\" aria-hidden=\"true\" class=\"wp-block-spacer\"><\/div>\n\n\n\n<p class=\"has-tiny-font-size\">Comunque se mi trovate un raccordo, nel senso geometrico circolare del termine su questa carena vi pago una birra&#8230; ma una piccola .<\/p>\n\n\n\n<div style=\"height:46px\" aria-hidden=\"true\" class=\"wp-block-spacer\"><\/div>\n\n\n\n<p>Rammento allora a lui che furono proprio diverse riviste a definirle &#8220;tagliate con l&#8217;accetta&#8230;&#8221; peraltro non senza attribuire alla definzione un senso nemmeno troppo velatamente dispregiativo .<br><\/p>\n\n\n\n<div style=\"height:46px\" aria-hidden=\"true\" class=\"wp-block-spacer\"><\/div>\n\n\n\n<p>A quel tempo ,ovvero fino ai primi anni 2000 , \u00e8 giusto ricordarlo,ogni parola stampata pesava come un macigno.<\/p>\n\n\n\n<p>Quasi una sentenza inappellabile. Scritta nella roccia e assunta quasi a dogma.<br>Si, quello che scrivevano contava . Non tanto. Tantissimo.<\/p>\n\n\n\n<div style=\"height:35px\" aria-hidden=\"true\" class=\"wp-block-spacer\"><\/div>\n\n\n\n<p>La rivista del settore due ruote pi\u00f9 diffusa la si leggeva ed era assunta a &#8220;la bibbia del motociclismo&#8221; .<\/p>\n\n\n\n<div style=\"height:37px\" aria-hidden=\"true\" class=\"wp-block-spacer\"><\/div>\n\n\n\n<p>Smisi di acquistarla regolarmente prima dell&#8217;esplosione di internet (che uso dal 94) .<\/p>\n\n\n\n<ul class=\"wp-block-list\">\n<li>Quando iniziai ad accorgermi di enfasi entusiatiche in alcuni passaggi descrittivi per alcuni modelli. Sfacciatamente.<\/li>\n\n\n\n<li>Quando mi fecero provare alcune moto e non trovai corrispondenze a diversi aspetti.<\/li>\n\n\n\n<li>Quando progressivamentee iniziarono a sparire le schede e particolari come queste sotto:<\/li>\n<\/ul>\n\n\n\n<p><\/p>\n\n\n\n<figure class=\"wp-block-image aligncenter size-full\"><img loading=\"lazy\" decoding=\"async\" width=\"606\" height=\"426\" src=\"https:\/\/aquileingiro.net\/wp-content\/uploads\/2025\/12\/1.png\" alt=\"\" class=\"wp-image-4013\" srcset=\"https:\/\/aquileingiro.net\/wp-content\/uploads\/2025\/12\/1.png 606w, https:\/\/aquileingiro.net\/wp-content\/uploads\/2025\/12\/1-300x211.png 300w\" sizes=\"auto, (max-width: 606px) 100vw, 606px\" \/><\/figure>\n\n\n\n<p><\/p>\n\n\n\n<figure class=\"wp-block-image aligncenter size-full\"><img loading=\"lazy\" decoding=\"async\" width=\"641\" height=\"835\" src=\"https:\/\/aquileingiro.net\/wp-content\/uploads\/2025\/12\/2.png\" alt=\"\" class=\"wp-image-4014\" srcset=\"https:\/\/aquileingiro.net\/wp-content\/uploads\/2025\/12\/2.png 641w, https:\/\/aquileingiro.net\/wp-content\/uploads\/2025\/12\/2-230x300.png 230w\" sizes=\"auto, (max-width: 641px) 100vw, 641px\" \/><\/figure>\n\n\n\n<p><\/p>\n\n\n\n<p><\/p>\n\n\n\n<figure class=\"wp-block-image aligncenter size-full\"><img loading=\"lazy\" decoding=\"async\" width=\"235\" height=\"312\" src=\"https:\/\/aquileingiro.net\/wp-content\/uploads\/2025\/12\/3.png\" alt=\"\" class=\"wp-image-4015\" srcset=\"https:\/\/aquileingiro.net\/wp-content\/uploads\/2025\/12\/3.png 235w, https:\/\/aquileingiro.net\/wp-content\/uploads\/2025\/12\/3-226x300.png 226w\" sizes=\"auto, (max-width: 235px) 100vw, 235px\" \/><\/figure>\n\n\n\n<figure class=\"wp-block-image aligncenter size-full\"><img loading=\"lazy\" decoding=\"async\" width=\"285\" height=\"253\" src=\"https:\/\/aquileingiro.net\/wp-content\/uploads\/2025\/12\/4.png\" alt=\"\" class=\"wp-image-4016\"\/><\/figure>\n\n\n\n<figure class=\"wp-block-image aligncenter size-full\"><img loading=\"lazy\" decoding=\"async\" width=\"582\" height=\"815\" src=\"https:\/\/aquileingiro.net\/wp-content\/uploads\/2025\/12\/5.png\" alt=\"\" class=\"wp-image-4017\" srcset=\"https:\/\/aquileingiro.net\/wp-content\/uploads\/2025\/12\/5.png 582w, https:\/\/aquileingiro.net\/wp-content\/uploads\/2025\/12\/5-214x300.png 214w\" sizes=\"auto, (max-width: 582px) 100vw, 582px\" \/><\/figure>\n\n\n\n<p><\/p>\n\n\n\n<p><br>Ecco..se motociclismo dovesse fare &#8220;introspezione&#8221; per il proprio fallimento a mio modo di vedere uno di motivi \u00e8 anche questo.<\/p>\n\n\n\n<p>Avere progressivamente eluso le aspettative dei fedeli lettori in questo senso, virando verso un clich\u00e8 di brochure patinate da concessionario . <\/p>\n\n\n\n<p>Ma questa \u00e8 una storia diversa&#8230; e torniamo al dunque.<\/p>\n\n\n\n<div style=\"height:55px\" aria-hidden=\"true\" class=\"wp-block-spacer\"><\/div>\n\n\n\n<p>Mi si replica : <\/p>\n\n\n\n<p>&#8212; <strong>La prima ? Ma \u00e8 una sport tourer<\/strong>! <br>Ah ! ma va ? ok ci st\u00e0&#8230;andiamo avanti.<br>Prendiamo buona la prima ed allora escludiamo le stradali.<br><strong>&#8212; Qui parliamo di endurone!<\/strong><\/p>\n\n\n\n<div style=\"height:44px\" aria-hidden=\"true\" class=\"wp-block-spacer\"><\/div>\n\n\n\n<p>&#8220;Endurone..&#8221; ? Secondo me questa ha il telaio che canta:&#8221;tagliato senza curve al laser&#8230;&#8221;<\/p>\n\n\n\n<div style=\"height:39px\" aria-hidden=\"true\" class=\"wp-block-spacer\"><\/div>\n\n\n\n<figure class=\"wp-block-image size-full\"><img loading=\"lazy\" decoding=\"async\" width=\"960\" height=\"716\" src=\"https:\/\/aquileingiro.net\/wp-content\/uploads\/2025\/12\/etv1000.jpg\" alt=\"\" class=\"wp-image-3864\" srcset=\"https:\/\/aquileingiro.net\/wp-content\/uploads\/2025\/12\/etv1000.jpg 960w, https:\/\/aquileingiro.net\/wp-content\/uploads\/2025\/12\/etv1000-300x224.jpg 300w, https:\/\/aquileingiro.net\/wp-content\/uploads\/2025\/12\/etv1000-768x573.jpg 768w\" sizes=\"auto, (max-width: 960px) 100vw, 960px\" \/><\/figure>\n\n\n\n<div style=\"height:55px\" aria-hidden=\"true\" class=\"wp-block-spacer\"><\/div>\n\n\n\n<p><br>Quindi erano &#8220;squadrate&#8221; queste si o no ? <br>Non cercate la risposta su ChatGPT e affidatevi alla vostra vista e onest\u00e0 intelluale. <br>Che tanto non dovete rendere conto di nulla a nessuno&#8230;e non avete pubblico e fedeli.<\/p>\n\n\n\n<p><br>Segue:<\/p>\n\n\n\n<div style=\"height:42px\" aria-hidden=\"true\" class=\"wp-block-spacer\"><\/div>\n\n\n\n<p>&#8212; &#8220;L&#8217;altra non ha fatto <strong>i numeri <\/strong>del GS e non \u00e8 mai stata un best seller! E poi non aveva <strong>il becco !<\/strong>&#8220;<\/p>\n\n\n\n<div style=\"height:42px\" aria-hidden=\"true\" class=\"wp-block-spacer\"><\/div>\n\n\n\n<p>Mi viene in mente la frase del mio saggio e anziano amico montanaro:<\/p>\n\n\n\n<p> &#8220;<strong>prima di parlare<\/strong> <strong>mettiti d&#8217;accordo con te stesso<\/strong>&#8220;.<\/p>\n\n\n\n<div style=\"height:5px\" aria-hidden=\"true\" class=\"wp-block-spacer\"><\/div>\n\n\n\n<ol class=\"wp-block-list\">\n<li><strong>Se parliamo di linee <\/strong>&#8220;squadrate&#8221; , forma, stile,allora  <strong>cosa ci azzeccano i numeri <\/strong>?<\/li>\n\n\n\n<li>La seconda no ti prego no\u2026 dai\u2026davvero cadiamo nel &#8220;<strong>la moto  con il becco <\/strong>?&#8221;<\/li>\n<\/ol>\n\n\n\n<div style=\"height:55px\" aria-hidden=\"true\" class=\"wp-block-spacer\"><\/div>\n\n\n\n<p>Faccio comunque notare che <strong>il panzer vendeva gi\u00e0 tantissimo prima<\/strong>\u2026e che <strong>non \u00e8 certo stata la modifica del 2004<\/strong> a determinarne il gi\u00e0 ampio ed indiscusso successo\u2026 ma nulla.<br>E il &#8220;becco&#8221; appunto esisteva gi\u00e0 nel 2003. Possiamo negare anche quello&#8230;<br><br>Quindi che collegamento \u00e8 becco 2003\/2004 ? boh.<\/p>\n\n\n\n<p><\/p>\n\n\n\n<p>(Nel&nbsp;2003,&nbsp;il&nbsp;modello&nbsp;di&nbsp;moto&nbsp;enduro&nbsp;pi\u00f9&nbsp;venduto&nbsp;in&nbsp;Italia&nbsp;era ? <strong>BMW&nbsp;R1200GS<\/strong>. toh..)<\/p>\n\n\n\n<div style=\"height:55px\" aria-hidden=\"true\" class=\"wp-block-spacer\"><\/div>\n\n\n\n<p>Oramai abbiamo imboccato un senso unico. <br>Negare sempre. Tornare indietro ? non conteplato..<br>Basta spianare chi viene incontro e si va via lisci. Io ovviamente quello nel verso sbagliato..<\/p>\n\n\n\n<p>Seguono altre amenit\u00e0 che <strong>non capisco (IO)<\/strong> riguardo il recente best seller benelli 502.<br>Lo ammetto. Per mia probabile innata limitata capacit\u00e0 mentale si intende. <br><strong>Mi sfugge il passaggio<\/strong> bmw 2004 , linee squadrate &#8211; innovazione stilistica &#8211; successo vendita &#8211; <strong>benelli trk 502<\/strong>).<br>Ed io pensavo che avesse venduto in primis per il prezzo basso. Che coglione che sono.<\/p>\n\n\n\n<p><\/p>\n\n\n\n<div style=\"height:38px\" aria-hidden=\"true\" class=\"wp-block-spacer\"><\/div>\n\n\n\n<figure class=\"wp-block-image size-large\"><img decoding=\"async\" src=\"https:\/\/www.ambasciator.it\/wp-content\/uploads\/2023\/06\/Paraustiello-quando-ci-si-arrampica-sugli-specchi.jpg\" alt=\"\"\/><\/figure>\n\n\n\n<div style=\"height:38px\" aria-hidden=\"true\" class=\"wp-block-spacer\"><\/div>\n\n\n\n<p><\/p>\n\n\n\n<p>Evinco quindi che per essere annoverato tra coloro che hanno proposto innovazione stilistica, dovresti avere raggiunto la vetta della classifica delle vendite. A me (ma io sono io) , pare una scempiaggine.<\/p>\n\n\n\n<p><br>Un po&#8217; come celebrare Natalie Imbruglia, la ragazzetta carina (questo il suo solo merito se possiamo definirlo tale)  per la canzone Torn senza conoscere l&#8217;<a href=\"https:\/\/youtu.be\/K-zCXIBVBtc\" title=\"\">autentica ed originale versione degli Ednaswap.<\/a> Prima di lei, altri. E tanti convinti che quella canzone sia sua.<br>Ma se sei un addetto ai lavori , tu questo dovresti saperlo.<br>Il potere commerciale&#8230;eh ? Certo, un merito anche questo ovviamente. Sapersi vendere..<\/p>\n\n\n\n<div style=\"height:38px\" aria-hidden=\"true\" class=\"wp-block-spacer\"><\/div>\n\n\n\n<p>Replico infine e provo&#8230;con <strong>mio ultimo sciocco tentativo <\/strong>presentando un modello di altra moto che viene in mente , per esempio la Gilera XRT . ( e nella famiglia la sorellina minore XR1).<\/p>\n\n\n\n<p><strong>Anno ? 1988.<\/strong><\/p>\n\n\n\n<div style=\"height:44px\" aria-hidden=\"true\" class=\"wp-block-spacer\"><\/div>\n\n\n\n<figure class=\"wp-block-image size-large\"><img loading=\"lazy\" decoding=\"async\" width=\"1024\" height=\"682\" src=\"https:\/\/aquileingiro.net\/wp-content\/uploads\/2025\/12\/gilera-xrt-600-1989-1-1024x682.jpg\" alt=\"\" class=\"wp-image-3866\" srcset=\"https:\/\/aquileingiro.net\/wp-content\/uploads\/2025\/12\/gilera-xrt-600-1989-1-1024x682.jpg 1024w, https:\/\/aquileingiro.net\/wp-content\/uploads\/2025\/12\/gilera-xrt-600-1989-1-300x200.jpg 300w, https:\/\/aquileingiro.net\/wp-content\/uploads\/2025\/12\/gilera-xrt-600-1989-1-768x511.jpg 768w, https:\/\/aquileingiro.net\/wp-content\/uploads\/2025\/12\/gilera-xrt-600-1989-1-1536x1022.jpg 1536w, https:\/\/aquileingiro.net\/wp-content\/uploads\/2025\/12\/gilera-xrt-600-1989-1.jpg 1600w\" sizes=\"auto, (max-width: 1024px) 100vw, 1024px\" \/><\/figure>\n\n\n\n<div style=\"height:38px\" aria-hidden=\"true\" class=\"wp-block-spacer\"><\/div>\n\n\n\n<figure class=\"wp-block-image size-large\"><img loading=\"lazy\" decoding=\"async\" width=\"1024\" height=\"768\" src=\"https:\/\/aquileingiro.net\/wp-content\/uploads\/2025\/12\/gil2-1024x768.jpeg\" alt=\"\" class=\"wp-image-3867\" srcset=\"https:\/\/aquileingiro.net\/wp-content\/uploads\/2025\/12\/gil2-1024x768.jpeg 1024w, https:\/\/aquileingiro.net\/wp-content\/uploads\/2025\/12\/gil2-300x225.jpeg 300w, https:\/\/aquileingiro.net\/wp-content\/uploads\/2025\/12\/gil2-768x576.jpeg 768w, https:\/\/aquileingiro.net\/wp-content\/uploads\/2025\/12\/gil2.jpeg 1067w\" sizes=\"auto, (max-width: 1024px) 100vw, 1024px\" \/><\/figure>\n\n\n\n<div style=\"height:38px\" aria-hidden=\"true\" class=\"wp-block-spacer\"><\/div>\n\n\n\n<p>Che ne dite ? Non \u00e8 questa forse abbastanza squadratina ? E non ha forse il becco ?<br>Peraltro possiamo anche riconoscere un doppio faro anteriore..ad enfatizzare il concetto.<br>Prime moto in assoluto ad averli. Prima di questa il doppio faro non esisteva. <\/p>\n\n\n\n<p>Giusto parlando di innovazione stilistica.<br>Gli indicatori di direzione ? tondi&#8230;.<br>Il codino&#8230;? tondo&#8230; <\/p>\n\n\n\n<p><\/p>\n\n\n\n<p><\/p>\n\n\n\n<p>E non che il cupolino di questa fosse tondeggiante poi..<\/p>\n\n\n\n<figure class=\"wp-block-image aligncenter size-large\"><img loading=\"lazy\" decoding=\"async\" width=\"1024\" height=\"744\" src=\"https:\/\/aquileingiro.net\/wp-content\/uploads\/2025\/12\/moto-guzzi-ntx-650-19901-1024x744.jpg\" alt=\"\" class=\"wp-image-4018\" srcset=\"https:\/\/aquileingiro.net\/wp-content\/uploads\/2025\/12\/moto-guzzi-ntx-650-19901-1024x744.jpg 1024w, https:\/\/aquileingiro.net\/wp-content\/uploads\/2025\/12\/moto-guzzi-ntx-650-19901-300x218.jpg 300w, https:\/\/aquileingiro.net\/wp-content\/uploads\/2025\/12\/moto-guzzi-ntx-650-19901-768x558.jpg 768w, https:\/\/aquileingiro.net\/wp-content\/uploads\/2025\/12\/moto-guzzi-ntx-650-19901-1536x1116.jpg 1536w, https:\/\/aquileingiro.net\/wp-content\/uploads\/2025\/12\/moto-guzzi-ntx-650-19901.jpg 1700w\" sizes=\"auto, (max-width: 1024px) 100vw, 1024px\" \/><\/figure>\n\n\n\n<p><br><\/p>\n\n\n\n<p><br>Alla fine sferra il suo &#8220;gancio destro&#8221; potentissimo (no dai..<strong>.figurati non arriver\u00e0 mai a questo , che sarebbe di uno scontato e di una banalit\u00e0 imbarazzante<\/strong>..) e&#8230; ?<\/p>\n\n\n\n<div style=\"height:38px\" aria-hidden=\"true\" class=\"wp-block-spacer\"><\/div>\n\n\n\n<p>E invece si ! <br>E &#8220;mi mette all&#8217;angolo&#8221; ..con <br><br>&#8211; <strong>&#8220;Eh ma allora lei non conosce (la guzzi del 53) e il dr&#8230;vada a informarsi &#8220;<\/strong> sottointendendo nemmeno velatamente ancora una volta &#8220;ma povero ignorantello&#8221; .<br>VADI FANTOCCI&#8230;.vadi!<\/p>\n\n\n\n<div style=\"height:38px\" aria-hidden=\"true\" class=\"wp-block-spacer\"><\/div>\n\n\n\n<p><strong>Mi scende la catena. Si &#8230;lo so qui ho il cardano&#8230;ma ci \u00e8 riuscito.<\/strong><\/p>\n\n\n\n<div style=\"height:38px\" aria-hidden=\"true\" class=\"wp-block-spacer\"><\/div>\n\n\n\n<p>Non solo torno nell&#8217;angolo , ma  dico &#8220;hai ragione tu&#8221;  ed <strong>esco dal &#8220;ring&#8221;<\/strong>.<br>Elimino miei interventi.Del tutto inutili.<br>Abbandono il  &#8220;singolar tenzone&#8221;.<\/p>\n\n\n\n<div style=\"height:38px\" aria-hidden=\"true\" class=\"wp-block-spacer\"><\/div>\n\n\n\n<p>Lo lascio alla propria gloria ed autocompiacimento.<\/p>\n\n\n\n<div style=\"height:17px\" aria-hidden=\"true\" class=\"wp-block-spacer\"><\/div>\n\n\n\n<figure class=\"wp-block-image aligncenter size-full is-resized\"><img loading=\"lazy\" decoding=\"async\" width=\"980\" height=\"980\" src=\"https:\/\/aquileingiro.net\/wp-content\/uploads\/2025\/12\/victorious-boxer-standing-in-ring-silhouette-champion-celebrating-achievement-in-boxing-match-free-vector.jpg\" alt=\"\" class=\"wp-image-3946\" style=\"width:380px;height:auto\" srcset=\"https:\/\/aquileingiro.net\/wp-content\/uploads\/2025\/12\/victorious-boxer-standing-in-ring-silhouette-champion-celebrating-achievement-in-boxing-match-free-vector.jpg 980w, https:\/\/aquileingiro.net\/wp-content\/uploads\/2025\/12\/victorious-boxer-standing-in-ring-silhouette-champion-celebrating-achievement-in-boxing-match-free-vector-300x300.jpg 300w, https:\/\/aquileingiro.net\/wp-content\/uploads\/2025\/12\/victorious-boxer-standing-in-ring-silhouette-champion-celebrating-achievement-in-boxing-match-free-vector-150x150.jpg 150w, https:\/\/aquileingiro.net\/wp-content\/uploads\/2025\/12\/victorious-boxer-standing-in-ring-silhouette-champion-celebrating-achievement-in-boxing-match-free-vector-768x768.jpg 768w\" sizes=\"auto, (max-width: 980px) 100vw, 980px\" \/><\/figure>\n\n\n\n<div style=\"height:17px\" aria-hidden=\"true\" class=\"wp-block-spacer\"><\/div>\n\n\n\n<p class=\"has-normal-font-size advgb-dyn-23df0b2d\"><strong>Conclusione.<\/strong><\/p>\n\n\n\n<div style=\"height:40px\" aria-hidden=\"true\" class=\"wp-block-spacer\"><\/div>\n\n\n\n<p>Chi sono io per provare a contraddire uno tra coloro del gotha motociclistico che per anni ha raccontato e testato le moto ?<\/p>\n\n\n\n<p>Nessuno. &#8220;sono solo un poveraccio di anonimo guzzista&#8221;. Anche.<br>L&#8217;uomo qualunque. Quello che dovrebbe tacere.Sempre e come avvenuto per decenni.<br>Uno che le moto le prova 15 minuti al concessionario e solo se \u00e8 interessato al modello.<br>Non sono nemmeno uno di quelli che ti mette il video su youtube..perch\u00e8 \u00e8 anche vero che oggi sono tutti fenomeni , tester , insegnanti di traiettorie e di viaggi.<br><br>Ma c&#8217;\u00e8 un ma.<br>Negli <strong>Anni passati non \u00e8 MAI esistito alcun contradditorio<\/strong> se non in alcuni rarissimi casi da parte di alcune aziende. Qualche debole rimostranza ma che comunque era poi vana. <\/p>\n\n\n\n<p>(ci riserveremo di riprovare..) Ma lo sputtanamento in diversi casi era oramai fatto.<\/p>\n\n\n\n<div style=\"height:37px\" aria-hidden=\"true\" class=\"wp-block-spacer\"><\/div>\n\n\n\n<p><strong>Il professore capace gestisce<\/strong>. Interviene. Dimostra.<br>Quello inadatto si irrita, punisce e mette a tacere. <br>C&#8217;\u00e8 stata un po&#8217; di indisciplina al banco ? Si un po&#8217;. Ma l&#8217;osservazione era pertinente.<br>Quando l&#8217;errore alla lavagna \u00e8 palese , l&#8217;intelligente lo riconosce.<br><\/p>\n\n\n\n<div style=\"height:48px\" aria-hidden=\"true\" class=\"wp-block-spacer\"><\/div>\n\n\n\n<p>Sia chiarissimo&#8230;questa <strong>&#8220;disfida&#8221; della linea tesa<\/strong>, non \u00e8 in fondo davvero nulla di che. Ovviamente. Sono vere e leggere cazzate intendiamoci. Che servono a chiacchierare di moto. Sono pensieri a voce alta, come fossimo su una panchina in sosta dopo 4 ore in moto..<\/p>\n\n\n\n<div style=\"height:37px\" aria-hidden=\"true\" class=\"wp-block-spacer\"><\/div>\n\n\n\n<p>Un po&#8217; di <a href=\"https:\/\/youtu.be\/Dclfv63lYTA?t=201\" title=\"\">delusione invece \u00e8 stato (purtroppo) nello stile<\/a> di replica. <br>Non ho pi\u00f9 ne l&#8217;et\u00e0 e ne la voglia di tuffarmi in queste modalit\u00e0 che non mi confanno. <\/p>\n\n\n\n<p>Capisci che magari tu hai detto una freddura e il tuo compagno di gita ha le balle girate di suo e lasci perdere.<\/p>\n\n\n\n<p><\/p>\n\n\n\n<p>A mente fredda  fredda \u00e8 per\u00f2 seguita una  senzazione meno piacevole.<\/p>\n\n\n\n<p>Quella che per anni ci abbiano raccontato diverse grandi puttanate alle quali hanno finito per crederci ciecamente anche loro. Ergendosi a detentori delle verit\u00e0 assolute.<\/p>\n\n\n\n<p><\/p>\n\n\n\n<div style=\"height:30px\" aria-hidden=\"true\" class=\"wp-block-spacer\"><\/div>\n\n\n\n<figure class=\"wp-block-image size-full\"><a href=\"https:\/\/youtu.be\/Dclfv63lYTA?t=201\"><img loading=\"lazy\" decoding=\"async\" width=\"777\" height=\"446\" src=\"https:\/\/aquileingiro.net\/wp-content\/uploads\/2025\/12\/iosoio-1.png\" alt=\"\" class=\"wp-image-3871\" srcset=\"https:\/\/aquileingiro.net\/wp-content\/uploads\/2025\/12\/iosoio-1.png 777w, https:\/\/aquileingiro.net\/wp-content\/uploads\/2025\/12\/iosoio-1-300x172.png 300w, https:\/\/aquileingiro.net\/wp-content\/uploads\/2025\/12\/iosoio-1-768x441.png 768w\" sizes=\"auto, (max-width: 777px) 100vw, 777px\" \/><\/a><\/figure>\n\n\n\n<p><\/p>\n\n\n\n<p class=\"has-small-font-size\"><br>Quando il marchese parla, io sono dall&#8217;altra parte. Ma lo sapevo anche prima.<\/p>\n\n\n\n<p class=\"has-small-font-size\">Buona strada a tutti.<\/p>\n\n\n\n<p class=\"has-small-font-size\"><\/p>\n\n\n\n<p><\/p>\n\n\n\n<p><\/p>\n\n\n\n<p><a href=\"\/\" title=\"\">Torna<\/a><\/p>\n","protected":false},"excerpt":{"rendered":"<p>Il concetto di una comunicazione senza contraddittorio sembra essere il comune denominatore tra il passato e il presente. Da un lato abbiamo un errore del giornalista espresso sulle moderne piattaforme [&hellip;]<\/p>\n","protected":false},"author":1,"featured_media":4926,"comment_status":"closed","ping_status":"closed","sticky":false,"template":"","format":"standard","meta":{"_eb_attr":"","advgb_blocks_editor_width":"","advgb_blocks_columns_visual_guide":"","_monsterinsights_skip_tracking":false,"_monsterinsights_sitenote_active":false,"_monsterinsights_sitenote_note":"","_monsterinsights_sitenote_category":0,"_uf_show_specific_survey":0,"_uf_disable_surveys":false,"_EventAllDay":false,"_EventTimezone":"","_EventStartDate":"","_EventEndDate":"","_EventStartDateUTC":"","_EventEndDateUTC":"","_EventShowMap":false,"_EventShowMapLink":false,"_EventURL":"","_EventCost":"","_EventCostDescription":"","_EventCurrencySymbol":"","_EventCurrencyCode":"","_EventCurrencyPosition":"","_EventDateTimeSeparator":"","_EventTimeRangeSeparator":"","_EventOrganizerID":[],"_EventVenueID":[],"_OrganizerEmail":"","_OrganizerPhone":"","_OrganizerWebsite":"","_VenueAddress":"","_VenueCity":"","_VenueCountry":"","_VenueProvince":"","_VenueState":"","_VenueZip":"","_VenuePhone":"","_VenueURL":"","_VenueStateProvince":"","_VenueLat":"","_VenueLng":"","_VenueShowMap":false,"_VenueShowMapLink":false,"footnotes":""},"categories":[1],"tags":[],"class_list":["post-3862","post","type-post","status-publish","format-standard","has-post-thumbnail","hentry","category-blog"],"aioseo_notices":[],"author_meta":{"display_name":"aquileingiro.net","author_link":"https:\/\/aquileingiro.net\/?author=1"},"featured_img":"https:\/\/aquileingiro.net\/wp-content\/uploads\/2025\/12\/senzacontradditorio-300x300.jpg","coauthors":[],"tax_additional":{"categories":{"linked":["<a href=\"https:\/\/aquileingiro.net\/?cat=1\" class=\"advgb-post-tax-term\">Blog<\/a>"],"unlinked":["<span class=\"advgb-post-tax-term\">Blog<\/span>"]}},"comment_count":"0","relative_dates":{"created":"Pubblicato 4 mesi fa","modified":"Aggiornato 3 mesi fa"},"absolute_dates":{"created":"Pubblicato il 31\/12\/2025","modified":"Aggiornato il 06\/02\/2026"},"absolute_dates_time":{"created":"Pubblicato il 31\/12\/2025 13:56","modified":"Aggiornato il 06\/02\/2026 09:44"},"featured_img_caption":"","series_order":"","_links":{"self":[{"href":"https:\/\/aquileingiro.net\/index.php?rest_route=\/wp\/v2\/posts\/3862","targetHints":{"allow":["GET"]}}],"collection":[{"href":"https:\/\/aquileingiro.net\/index.php?rest_route=\/wp\/v2\/posts"}],"about":[{"href":"https:\/\/aquileingiro.net\/index.php?rest_route=\/wp\/v2\/types\/post"}],"author":[{"embeddable":true,"href":"https:\/\/aquileingiro.net\/index.php?rest_route=\/wp\/v2\/users\/1"}],"replies":[{"embeddable":true,"href":"https:\/\/aquileingiro.net\/index.php?rest_route=%2Fwp%2Fv2%2Fcomments&post=3862"}],"version-history":[{"count":159,"href":"https:\/\/aquileingiro.net\/index.php?rest_route=\/wp\/v2\/posts\/3862\/revisions"}],"predecessor-version":[{"id":4927,"href":"https:\/\/aquileingiro.net\/index.php?rest_route=\/wp\/v2\/posts\/3862\/revisions\/4927"}],"wp:featuredmedia":[{"embeddable":true,"href":"https:\/\/aquileingiro.net\/index.php?rest_route=\/wp\/v2\/media\/4926"}],"wp:attachment":[{"href":"https:\/\/aquileingiro.net\/index.php?rest_route=%2Fwp%2Fv2%2Fmedia&parent=3862"}],"wp:term":[{"taxonomy":"category","embeddable":true,"href":"https:\/\/aquileingiro.net\/index.php?rest_route=%2Fwp%2Fv2%2Fcategories&post=3862"},{"taxonomy":"post_tag","embeddable":true,"href":"https:\/\/aquileingiro.net\/index.php?rest_route=%2Fwp%2Fv2%2Ftags&post=3862"}],"curies":[{"name":"wp","href":"https:\/\/api.w.org\/{rel}","templated":true}]}}