{"id":4123,"date":"2025-05-12T12:00:31","date_gmt":"2025-05-12T11:00:31","guid":{"rendered":"https:\/\/aquileingiro.net\/?p=4123"},"modified":"2026-02-11T09:42:57","modified_gmt":"2026-02-11T08:42:57","slug":"trilogie-der-kaiserfestungen-in-sella-alla-storia-i-iii-il-quadrilateroverona-la-zona-fortificata-piu-formidabile-dellimpero-austriaco","status":"publish","type":"post","link":"https:\/\/aquileingiro.net\/?p=4123","title":{"rendered":"Trilogie der Kaiserfestungen  Verona e il Quadrilatero in moto"},"content":{"rendered":"\n<p class=\"has-vivid-cyan-blue-color has-text-color has-link-color has-x-large-font-size wp-elements-949c204dcc28a8859c90f5f2682a6dc7 advgb-dyn-6c9e7e9b\"><\/p>\n\n\n\n<div class=\"wp-block-group is-content-justification-center is-nowrap is-layout-flex wp-container-core-group-is-layout-23441af8 wp-block-group-is-layout-flex\">\n<add-to-calendar-button startdate=\"2026-05-16\" timezone=\"Europe\/London\" name=\"Trilogie der Kaiserfestungen I\/III Verona e il quadrilatero\" options=\"&#039;apple&#039;,&#039;google&#039;,&#039;ical&#039;,&#039;outlookcom&#039;,&#039;ms365&#039;,&#039;yahoo&#039;\"><\/add-to-calendar-button>\n<\/div>\n\n\n\n<div style=\"height:18px\" aria-hidden=\"true\" class=\"wp-block-spacer\"><\/div>\n\n\n\n<p><\/p>\n\n\n\n<p>Esplorare la<strong> Trilogie der Kaiserfestungen<\/strong> Verona significa immergersi nel cuore difensivo del Quadrilatero, dove le fortezze austriache raccontano ancora oggi storie di imperi e battaglie.<\/p>\n\n\n\n<p><\/p>\n\n\n\n<p><\/p>\n\n\n\n<p> In questa prima tappa del nostro tour in moto, partiremo<strong> alla scoperta dei forti <\/strong>che circondano la citt\u00e0 scaligera, unendo il piacere di guidare tra i vigneti e le colline veronesi al fascino senza tempo dell&#8217;architettura militare asburgica.<\/p>\n\n\n\n<p><\/p>\n\n\n\n<blockquote class=\"wp-block-quote is-layout-flow wp-block-quote-is-layout-flow\">\n<p><\/p>\n<\/blockquote>\n\n\n\n<p><\/p>\n\n\n\n<p>A quel tempo , fino al 1866 ,Verona non era solo una citt\u00e0, ma <\/p>\n\n\n\n<h3 class=\"wp-block-heading\"><strong>la pi\u00f9 grande piazzaforte d&#8217;Europa<\/strong>. <\/h3>\n\n\n\n<p><\/p>\n\n\n\n<p><br>Qui il genio militare di Franz von Scholl ha creato un sistema difensivo quasi inespugnabile.<\/p>\n\n\n\n<p><\/p>\n\n\n\n<p>La citt\u00e0 infatti era la principale base di approviggionamento per viveri ed armi di tutto l&#8217;esercito imperiale e doveva essere difesa e mantenuta a qualsiasi costo.<br>Un formidabile assetto di fortificazioni  in vista una dell&#8217;altra. In questo modo sbarravano nelle varie direttrici tutti gli accessi stretegici di valli e fiumi.<br>Gli approfondimenti per coloro che li vorranno , saranno consegnati ai partecipanti in formato elettronico.<\/p>\n\n\n\n<div style=\"height:54px\" aria-hidden=\"true\" class=\"wp-block-spacer\"><\/div>\n\n\n\n<hr class=\"wp-block-separator has-text-color has-luminous-vivid-orange-color has-alpha-channel-opacity has-luminous-vivid-orange-background-color has-background is-style-wide\"\/>\n\n\n\n<p class=\"has-text-align-center has-manufacturing-consent-font-family has-xx-large-font-size\">Trilogie der Kaiserfestungen <\/p>\n\n\n\n<p class=\"has-text-align-center\">in sella alla storia<\/p>\n\n\n\n<div style=\"height:18px\" aria-hidden=\"true\" class=\"wp-block-spacer\"><\/div>\n\n\n\n<hr class=\"wp-block-separator has-text-color has-luminous-vivid-orange-color has-alpha-channel-opacity has-luminous-vivid-orange-background-color has-background is-style-wide\"\/>\n\n\n\n<div style=\"height:68px\" aria-hidden=\"true\" class=\"wp-block-spacer\"><\/div>\n\n\n\n<div class=\"wp-block-advgb-container advgb-blocks-container\">\n<div class=\"wp-block-media-text is-stacked-on-mobile\" style=\"border-width:1px;border-top-left-radius:10px;border-top-right-radius:10px;border-bottom-left-radius:10px;border-bottom-right-radius:10px\"><figure class=\"wp-block-media-text__media\"><img loading=\"lazy\" decoding=\"async\" width=\"768\" height=\"1024\" src=\"http:\/\/aquileingiro.net\/wp-content\/uploads\/2026\/01\/guzzinatale2023-768x1024.jpg\" alt=\"\" class=\"wp-image-4128 size-full\" srcset=\"https:\/\/aquileingiro.net\/wp-content\/uploads\/2026\/01\/guzzinatale2023-768x1024.jpg 768w, https:\/\/aquileingiro.net\/wp-content\/uploads\/2026\/01\/guzzinatale2023-225x300.jpg 225w, https:\/\/aquileingiro.net\/wp-content\/uploads\/2026\/01\/guzzinatale2023-1152x1536.jpg 1152w, https:\/\/aquileingiro.net\/wp-content\/uploads\/2026\/01\/guzzinatale2023.jpg 1536w\" sizes=\"auto, (max-width: 768px) 100vw, 768px\" \/><\/figure><div class=\"wp-block-media-text__content\">\n<p>Giro ad andatura turistica tra colli, vigneti, <strong>borghi suggestivi <\/strong>e fortificazioni.<br>Esploreremo insieme il &#8220;veronese&#8221; in sella. Sconfinando un po&#8217;.<br>Esperienza che unisce il piacere della guida tecnica tra le curve alla suggestione della storia del risorgimento e del paesaggio rurale.L&#8217;tinerario si snoda tra le colline che circondano <strong>Verona<\/strong>, toccando alcuni dei <strong>&#8220;forti del Quadrilatero&#8221; <\/strong>costruiti durante la dominazione austriaca.<\/p>\n<\/div><\/div>\n\n\n\n<div style=\"height:42px\" aria-hidden=\"true\" class=\"wp-block-spacer\"><\/div>\n\n\n\n<div class=\"wp-block-media-text has-media-on-the-right is-stacked-on-mobile\" style=\"border-width:1px;border-top-left-radius:10px;border-top-right-radius:10px;border-bottom-left-radius:10px;border-bottom-right-radius:10px\"><div class=\"wp-block-media-text__content\">\n<p>Il giro vedr\u00e0 anche una sosta presso una delle cantine vinicole lungo la strada.<br>Perch\u00e8 non approfittarne di un piccolo assaggio ?<\/p>\n<\/div><figure class=\"wp-block-media-text__media\"><img loading=\"lazy\" decoding=\"async\" width=\"160\" height=\"214\" src=\"https:\/\/aquileingiro.net\/wp-content\/uploads\/2026\/01\/traulivi.jpg\" alt=\"\" class=\"wp-image-4129 size-full\"\/><\/figure><\/div>\n<\/div>\n\n\n\n<div style=\"height:68px\" aria-hidden=\"true\" class=\"wp-block-spacer\"><\/div>\n\n\n\n<p class=\"has-text-align-center has-large-font-size green-message\"><strong>Programma<\/strong><\/p>\n\n\n\n<div style=\"height:66px\" aria-hidden=\"true\" class=\"wp-block-spacer\"><\/div>\n\n\n\n<p class=\"has-text-align-center grey-message advgb-dyn-bcb5d98e\" style=\"border-top-left-radius:9px;border-top-right-radius:9px;border-bottom-left-radius:9px;border-bottom-right-radius:9px\"><strong>Primo giorno<\/strong><\/p>\n\n\n\n<div style=\"height:44px\" aria-hidden=\"true\" class=\"wp-block-spacer\"><\/div>\n\n\n\n<h2 class=\"wp-block-heading\">Il Quadrilatero: il cuore della Trilogie der Kaiserfestungen Verona<\/h2>\n\n\n\n<p><\/p>\n\n\n\n<p><\/p>\n\n\n\n<p><strong>Sabato 28 Marzo<\/strong><\/p>\n\n\n\n<div style=\"height:42px\" aria-hidden=\"true\" class=\"wp-block-spacer\"><\/div>\n\n\n\n<p><strong>Descrizione<\/strong><\/p>\n\n\n\n<div style=\"height:22px\" aria-hidden=\"true\" class=\"wp-block-spacer\"><\/div>\n\n\n\n<ul class=\"wp-block-list\">\n<li><strong>Lunghezza:<\/strong> Circa 160  km.<\/li>\n\n\n\n<li><strong>Durata:<\/strong> 5 ore circa (escluse le soste prolungate).<\/li>\n\n\n\n<li><strong>Difficolt\u00e0:<\/strong> Media (strade collinari con alcuni tornanti stretti).<\/li>\n<\/ul>\n\n\n\n<div style=\"height:23px\" aria-hidden=\"true\" class=\"wp-block-spacer\"><\/div>\n\n\n\n<p>Partenza ore 9 con pieno di benzina da :<br>Via Tangenziale, Peschiera del Garda GPS 45.434340,10.709150 (parcheggio centro commerciale).<\/p>\n\n\n\n<div style=\"height:37px\" aria-hidden=\"true\" class=\"wp-block-spacer\"><\/div>\n\n\n\n<p align=\"center\">\n<iframe src=\"https:\/\/www.google.com\/maps\/embed?pb=!4v1768551390758!6m8!1m7!1sc994LqJTZLKZN8VGwabdJg!2m2!1d45.43394599178941!2d10.70977134133185!3f166.0282540832163!4f19.493028513640297!5f0.7820865974627469\" width=\"600\" height=\"450\" style=\"border:0;\" allowfullscreen=\"\" loading=\"lazy\" referrerpolicy=\"no-referrer-when-downgrade\"><\/iframe>\n<\/p>\n\n\n\n<div style=\"height:46px\" aria-hidden=\"true\" class=\"wp-block-spacer\"><\/div>\n\n\n\n<p>Punti di interesse: <a href=\"https:\/\/ossariocustoza.it\/\" title=\"\">Ossario di Custoza<\/a>, Borghetto , Castellaro Lagusello.<br>Il tragitto lungo i colli che collegano i borghi pittoreschi, vedr\u00e0 anche brevi soste presso alcuni luoghi e fortificazioni.<\/p>\n\n\n\n<div style=\"height:100px\" aria-hidden=\"true\" class=\"wp-block-spacer\"><\/div>\n\n\n\n<figure class=\"wp-block-image size-full has-custom-border\"><img loading=\"lazy\" decoding=\"async\" width=\"920\" height=\"609\" src=\"https:\/\/aquileingiro.net\/wp-content\/uploads\/2026\/01\/broghettovino-1.jpg\" alt=\"\" class=\"wp-image-4175\" style=\"border-top-left-radius:9px;border-top-right-radius:9px;border-bottom-left-radius:9px;border-bottom-right-radius:9px\" srcset=\"https:\/\/aquileingiro.net\/wp-content\/uploads\/2026\/01\/broghettovino-1.jpg 920w, https:\/\/aquileingiro.net\/wp-content\/uploads\/2026\/01\/broghettovino-1-300x199.jpg 300w, https:\/\/aquileingiro.net\/wp-content\/uploads\/2026\/01\/broghettovino-1-768x508.jpg 768w\" sizes=\"auto, (max-width: 920px) 100vw, 920px\" \/><\/figure>\n\n\n\n<div style=\"height:29px\" aria-hidden=\"true\" class=\"wp-block-spacer\"><\/div>\n\n\n\n<figure class=\"wp-block-image size-full has-custom-border\"><img loading=\"lazy\" decoding=\"async\" width=\"850\" height=\"472\" src=\"https:\/\/aquileingiro.net\/wp-content\/uploads\/2026\/01\/castellaro.jpg\" alt=\"\" class=\"wp-image-4176\" style=\"border-top-left-radius:9px;border-top-right-radius:9px;border-bottom-left-radius:9px;border-bottom-right-radius:9px\" srcset=\"https:\/\/aquileingiro.net\/wp-content\/uploads\/2026\/01\/castellaro.jpg 850w, https:\/\/aquileingiro.net\/wp-content\/uploads\/2026\/01\/castellaro-300x167.jpg 300w, https:\/\/aquileingiro.net\/wp-content\/uploads\/2026\/01\/castellaro-768x426.jpg 768w\" sizes=\"auto, (max-width: 850px) 100vw, 850px\" \/><\/figure>\n\n\n\n<div style=\"height:29px\" aria-hidden=\"true\" class=\"wp-block-spacer\"><\/div>\n\n\n\n<p>La sosta alla cantina avverr\u00e0 invece nel tardo pomeriggio presso : <a href=\"https:\/\/www.cantinebertoldi.it\/en\/index.html\" title=\"\">Cantine Vinicole Bertoldi<\/a><\/p>\n\n\n\n<div style=\"height:54px\" aria-hidden=\"true\" class=\"wp-block-spacer\"><\/div>\n\n\n\n<p><strong>Arrivo<\/strong> : a Pastrengo verso ora di cena.<\/p>\n\n\n\n<p>Pizza a pochi chilometri presso &#8220;L&#8217;altra idea&#8221; nell&#8217;entroterra di Lazise.<\/p>\n\n\n\n<div style=\"height:62px\" aria-hidden=\"true\" class=\"wp-block-spacer\"><\/div>\n\n\n\n<p>Per il pernottamento ognuno dei partecipanti potr\u00e0 gestire in autonomia secondo possibilit\u00e0 di spesa e preferenza nei paraggi. Dal Garda a Bussolengo innumerevoli le possibilit\u00e0 e tipologie di alloggio , dal campeggio al resort.<\/p>\n\n\n\n<div style=\"height:58px\" aria-hidden=\"true\" class=\"wp-block-spacer\"><\/div>\n\n\n\n<figure class=\"wp-block-gallery has-nested-images columns-default is-cropped wp-block-gallery-1 is-layout-flex wp-block-gallery-is-layout-flex\">\n<figure class=\"wp-block-image size-large\"><img loading=\"lazy\" decoding=\"async\" width=\"1024\" height=\"768\" data-id=\"4201\" src=\"https:\/\/aquileingiro.net\/wp-content\/uploads\/2026\/01\/festung-1-1024x768.jpg\" alt=\"\" class=\"wp-image-4201\" srcset=\"https:\/\/aquileingiro.net\/wp-content\/uploads\/2026\/01\/festung-1-1024x768.jpg 1024w, https:\/\/aquileingiro.net\/wp-content\/uploads\/2026\/01\/festung-1-300x225.jpg 300w, https:\/\/aquileingiro.net\/wp-content\/uploads\/2026\/01\/festung-1-768x576.jpg 768w, https:\/\/aquileingiro.net\/wp-content\/uploads\/2026\/01\/festung-1.jpg 1264w\" sizes=\"auto, (max-width: 1024px) 100vw, 1024px\" \/><\/figure>\n\n\n\n<figure class=\"wp-block-image size-large\"><img loading=\"lazy\" decoding=\"async\" width=\"474\" height=\"272\" data-id=\"4200\" src=\"https:\/\/aquileingiro.net\/wp-content\/uploads\/2026\/01\/forteardietti.webp\" alt=\"\" class=\"wp-image-4200\" srcset=\"https:\/\/aquileingiro.net\/wp-content\/uploads\/2026\/01\/forteardietti.webp 474w, https:\/\/aquileingiro.net\/wp-content\/uploads\/2026\/01\/forteardietti-300x172.webp 300w\" sizes=\"auto, (max-width: 474px) 100vw, 474px\" \/><\/figure>\n\n\n\n<figure class=\"wp-block-image size-large\"><img loading=\"lazy\" decoding=\"async\" width=\"1024\" height=\"768\" data-id=\"4202\" src=\"https:\/\/aquileingiro.net\/wp-content\/uploads\/2026\/01\/montetesoro-1024x768.jpg\" alt=\"\" class=\"wp-image-4202\" srcset=\"https:\/\/aquileingiro.net\/wp-content\/uploads\/2026\/01\/montetesoro-1024x768.jpg 1024w, https:\/\/aquileingiro.net\/wp-content\/uploads\/2026\/01\/montetesoro-300x225.jpg 300w, https:\/\/aquileingiro.net\/wp-content\/uploads\/2026\/01\/montetesoro-768x576.jpg 768w, https:\/\/aquileingiro.net\/wp-content\/uploads\/2026\/01\/montetesoro-1536x1151.jpg 1536w, https:\/\/aquileingiro.net\/wp-content\/uploads\/2026\/01\/montetesoro.jpg 2048w\" sizes=\"auto, (max-width: 1024px) 100vw, 1024px\" \/><\/figure>\n<\/figure>\n\n\n\n<div style=\"height:58px\" aria-hidden=\"true\" class=\"wp-block-spacer\"><\/div>\n\n\n\n<p>Per coloro che volessero una &#8220;total full immersion&#8221; nel contesto e vogliono regalarsi un soggiorno al top  non possiamo che suggerire questa soluzione:<\/p>\n\n\n\n<p><a href=\"https:\/\/fortebenedek.com\/it\/\">Agriturismo Lago di Garda: Relais Forte Benedek sul lago di garda<\/a><\/p>\n\n\n\n<div style=\"height:100px\" aria-hidden=\"true\" class=\"wp-block-spacer\"><\/div>\n\n\n\n<p><\/p>\n\n\n\n<p><\/p>\n\n\n\n<p class=\"has-text-align-center grey-message advgb-dyn-7550b476\" style=\"border-top-left-radius:9px;border-top-right-radius:9px;border-bottom-left-radius:9px;border-bottom-right-radius:9px\"><strong>Secondo giorno<\/strong><\/p>\n\n\n\n<div style=\"height:62px\" aria-hidden=\"true\" class=\"wp-block-spacer\"><\/div>\n\n\n\n<p><strong>Domenica 29 Marzo<\/strong><\/p>\n\n\n\n<div style=\"height:26px\" aria-hidden=\"true\" class=\"wp-block-spacer\"><\/div>\n\n\n\n<p><strong>Descrizione<\/strong><\/p>\n\n\n\n<div style=\"height:22px\" aria-hidden=\"true\" class=\"wp-block-spacer\"><\/div>\n\n\n\n<ul class=\"wp-block-list\">\n<li><strong>Lunghezza:<\/strong> Circa 160  km.<\/li>\n\n\n\n<li><strong>Durata:<\/strong> 5 ore circa (escluse le soste prolungate).<\/li>\n\n\n\n<li><strong>Difficolt\u00e0:<\/strong> Media (strade collinari con alcuni tornanti stretti).<\/li>\n<\/ul>\n\n\n\n<div style=\"height:23px\" aria-hidden=\"true\" class=\"wp-block-spacer\"><\/div>\n\n\n\n<p>Partenza ore 9 con pieno di benzina da <\/p>\n\n\n\n<p align=\"center\">\n<iframe src=\"https:\/\/www.google.com\/maps\/embed?pb=!4v1768549707564!6m8!1m7!1sM2xlzZ6GXY0xCgGBQUu_vg!2m2!1d45.49493681566749!2d10.79928505262403!3f7.080282321444631!4f0.3746840701780627!5f0.7820865974627469\" width=\"600\" height=\"450\" style=\"border:0;\" allowfullscreen=\"\" loading=\"lazy\" referrerpolicy=\"no-referrer-when-downgrade\"><\/iframe>\n<\/p>\n\n\n\n<div style=\"height:45px\" aria-hidden=\"true\" class=\"wp-block-spacer\"><\/div>\n\n\n\n<p>Punti di interesse:<strong> <\/strong>Forte Degenfeld, Forte Tesoro, San Leonardo e altri.<\/p>\n\n\n\n<div style=\"height:42px\" aria-hidden=\"true\" class=\"wp-block-spacer\"><\/div>\n\n\n\n<p>Il secondo giorno in sella alle moto l&#8217;assoluta protagonista \u00e8 la <strong>Valpolicella<\/strong>.<\/p>\n\n\n\n<p>Il percorso si snoda a sud dei rilievi lessinici e giunger\u00e0 attraverso strade prevalentemente secondarie tra vigneti e scorci incantevoli a Verona.<\/p>\n\n\n\n<div style=\"height:42px\" aria-hidden=\"true\" class=\"wp-block-spacer\"><\/div>\n\n\n\n<p><\/p>\n\n\n\n<div class=\"wp-block-media-text is-stacked-on-mobile\" style=\"border-width:1px;border-top-left-radius:10px;border-top-right-radius:10px;border-bottom-left-radius:10px;border-bottom-right-radius:10px;grid-template-columns:52% auto\"><figure class=\"wp-block-media-text__media\"><img loading=\"lazy\" decoding=\"async\" width=\"1024\" height=\"576\" src=\"https:\/\/aquileingiro.net\/wp-content\/uploads\/2026\/01\/rivoli-1024x576.jpg\" alt=\"\" class=\"wp-image-4310 size-full\" srcset=\"https:\/\/aquileingiro.net\/wp-content\/uploads\/2026\/01\/rivoli-1024x576.jpg 1024w, https:\/\/aquileingiro.net\/wp-content\/uploads\/2026\/01\/rivoli-300x169.jpg 300w, https:\/\/aquileingiro.net\/wp-content\/uploads\/2026\/01\/rivoli-768x432.jpg 768w, https:\/\/aquileingiro.net\/wp-content\/uploads\/2026\/01\/rivoli-1536x864.jpg 1536w, https:\/\/aquileingiro.net\/wp-content\/uploads\/2026\/01\/rivoli.jpg 1600w\" sizes=\"auto, (max-width: 1024px) 100vw, 1024px\" \/><\/figure><div class=\"wp-block-media-text__content\">\n<p>tra le fortificazioni in val d&#8217;Adige una breve sosta a Rivoli per poi salire verso nord-est<\/p>\n<\/div><\/div>\n\n\n\n<div style=\"height:42px\" aria-hidden=\"true\" class=\"wp-block-spacer\"><\/div>\n\n\n\n<div class=\"wp-block-media-text is-stacked-on-mobile\" style=\"border-width:1px;border-top-left-radius:10px;border-top-right-radius:10px;border-bottom-left-radius:10px;border-bottom-right-radius:10px;grid-template-columns:52% auto\"><figure class=\"wp-block-media-text__media\"><img loading=\"lazy\" decoding=\"async\" width=\"300\" height=\"168\" src=\"https:\/\/aquileingiro.net\/wp-content\/uploads\/2026\/01\/sanmattia.jpg\" alt=\"\" class=\"wp-image-4316 size-full\"\/><\/figure><div class=\"wp-block-media-text__content\">\n<p>Nella prima cinta di fortificazioni sono tante le costruzioni che nonostante l&#8217;incuria hanno resistito.<\/p>\n<\/div><\/div>\n\n\n\n<div style=\"height:42px\" aria-hidden=\"true\" class=\"wp-block-spacer\"><\/div>\n\n\n\n<p><\/p>\n\n\n\n<p>Verso il termine del tour domenicale lambiremo le <strong>Mura Magistrali<\/strong> e ai bastioni progettati dall&#8217;architetto Franz von Scholl per salita in moto verso fino al <strong>punto panoramico cittadino<\/strong> di Verona <strong>Castel San Pietro<\/strong> per una vista panoramica sulla citt\u00e0 e sul sistema difensivo.<br><\/p>\n\n\n\n<div style=\"height:54px\" aria-hidden=\"true\" class=\"wp-block-spacer\"><\/div>\n\n\n\n<p><strong>Arrivo<\/strong> : a Verona per tardo pomeriggio.<\/p>\n\n\n\n<div style=\"height:28px\" aria-hidden=\"true\" class=\"wp-block-spacer\"><\/div>\n\n\n\n<p>Saluti e liberi tutti.<\/p>\n\n\n\n<p><\/p>\n\n\n\n<p><\/p>\n\n\n\n<figure class=\"wp-block-image aligncenter size-large\"><img loading=\"lazy\" decoding=\"async\" width=\"1024\" height=\"747\" src=\"https:\/\/aquileingiro.net\/wp-content\/uploads\/2025\/05\/forteaustriaco-1024x747.png\" alt=\"Illustrazione comic di un motociclista con Moto Guzzi V85TT davanti al Forte di Rivoli Veronese.\" class=\"wp-image-5108\" srcset=\"https:\/\/aquileingiro.net\/wp-content\/uploads\/2025\/05\/forteaustriaco-1024x747.png 1024w, https:\/\/aquileingiro.net\/wp-content\/uploads\/2025\/05\/forteaustriaco-300x219.png 300w, https:\/\/aquileingiro.net\/wp-content\/uploads\/2025\/05\/forteaustriaco-768x560.png 768w, https:\/\/aquileingiro.net\/wp-content\/uploads\/2025\/05\/forteaustriaco.png 1184w\" sizes=\"auto, (max-width: 1024px) 100vw, 1024px\" \/><\/figure>\n\n\n\n<p><\/p>\n\n\n\n<div style=\"height:90px\" aria-hidden=\"true\" class=\"wp-block-spacer\"><\/div>\n\n\n\n<p><\/p>\n\n\n\n<hr class=\"wp-block-separator has-alpha-channel-opacity is-style-wide\"\/>\n\n\n\n<p class=\"has-text-align-center has-luminous-vivid-orange-color has-text-color has-link-color has-large-font-size wp-elements-1b81f802ae700b96fe27c764c78fb214 advgb-dyn-87796d17\">IMPORTANTE !!! PRIMA DI PARTECIPARE <a href=\"https:\/\/aquileingiro.net\/?p=4189\" title=\"\">leggi questo<\/a><\/p>\n\n\n\n<hr class=\"wp-block-separator has-alpha-channel-opacity is-style-wide\"\/>\n\n\n\n<p><\/p>\n\n\n\n<figure class=\"wp-block-image size-full\"><img loading=\"lazy\" decoding=\"async\" width=\"960\" height=\"720\" src=\"http:\/\/aquileingiro.net\/wp-content\/uploads\/2024\/03\/mood.jpg\" alt=\"\" class=\"wp-image-512\"\/><\/figure>\n","protected":false},"excerpt":{"rendered":"<p>Esplorare la Trilogie der Kaiserfestungen Verona significa immergersi nel cuore difensivo del Quadrilatero, dove le fortezze austriache raccontano ancora oggi storie di imperi e battaglie. In questa prima tappa del [&hellip;]<\/p>\n","protected":false},"author":1,"featured_media":4464,"comment_status":"closed","ping_status":"closed","sticky":false,"template":"","format":"standard","meta":{"_eb_attr":"","advgb_blocks_editor_width":"","advgb_blocks_columns_visual_guide":"","_monsterinsights_skip_tracking":false,"_monsterinsights_sitenote_active":false,"_monsterinsights_sitenote_note":"","_monsterinsights_sitenote_category":0,"_uf_show_specific_survey":0,"_uf_disable_surveys":false,"_EventAllDay":false,"_EventTimezone":"","_EventStartDate":"","_EventEndDate":"","_EventStartDateUTC":"","_EventEndDateUTC":"","_EventShowMap":false,"_EventShowMapLink":false,"_EventURL":"","_EventCost":"","_EventCostDescription":"","_EventCurrencySymbol":"","_EventCurrencyCode":"","_EventCurrencyPosition":"","_EventDateTimeSeparator":"","_EventTimeRangeSeparator":"","_EventOrganizerID":[],"_EventVenueID":[],"_OrganizerEmail":"","_OrganizerPhone":"","_OrganizerWebsite":"","_VenueAddress":"","_VenueCity":"","_VenueCountry":"","_VenueProvince":"","_VenueState":"","_VenueZip":"","_VenuePhone":"","_VenueURL":"","_VenueStateProvince":"","_VenueLat":"","_VenueLng":"","_VenueShowMap":false,"_VenueShowMapLink":false,"footnotes":""},"categories":[14],"tags":[],"class_list":["post-4123","post","type-post","status-publish","format-standard","has-post-thumbnail","hentry","category-eventi"],"aioseo_notices":[],"author_meta":{"display_name":"aquileingiro.net","author_link":"https:\/\/aquileingiro.net\/?author=1"},"featured_img":"https:\/\/aquileingiro.net\/wp-content\/uploads\/2025\/11\/cover1-2-300x169.png","coauthors":[],"tax_additional":{"categories":{"linked":["<a href=\"https:\/\/aquileingiro.net\/?cat=14\" class=\"advgb-post-tax-term\">EVENTI<\/a>"],"unlinked":["<span class=\"advgb-post-tax-term\">EVENTI<\/span>"]}},"comment_count":"0","relative_dates":{"created":"Pubblicato 12 mesi fa","modified":"Aggiornato 3 mesi fa"},"absolute_dates":{"created":"Pubblicato il 12\/05\/2025","modified":"Aggiornato il 11\/02\/2026"},"absolute_dates_time":{"created":"Pubblicato il 12\/05\/2025 12:00","modified":"Aggiornato il 11\/02\/2026 09:42"},"featured_img_caption":"","series_order":"","_links":{"self":[{"href":"https:\/\/aquileingiro.net\/index.php?rest_route=\/wp\/v2\/posts\/4123","targetHints":{"allow":["GET"]}}],"collection":[{"href":"https:\/\/aquileingiro.net\/index.php?rest_route=\/wp\/v2\/posts"}],"about":[{"href":"https:\/\/aquileingiro.net\/index.php?rest_route=\/wp\/v2\/types\/post"}],"author":[{"embeddable":true,"href":"https:\/\/aquileingiro.net\/index.php?rest_route=\/wp\/v2\/users\/1"}],"replies":[{"embeddable":true,"href":"https:\/\/aquileingiro.net\/index.php?rest_route=%2Fwp%2Fv2%2Fcomments&post=4123"}],"version-history":[{"count":115,"href":"https:\/\/aquileingiro.net\/index.php?rest_route=\/wp\/v2\/posts\/4123\/revisions"}],"predecessor-version":[{"id":5110,"href":"https:\/\/aquileingiro.net\/index.php?rest_route=\/wp\/v2\/posts\/4123\/revisions\/5110"}],"wp:featuredmedia":[{"embeddable":true,"href":"https:\/\/aquileingiro.net\/index.php?rest_route=\/wp\/v2\/media\/4464"}],"wp:attachment":[{"href":"https:\/\/aquileingiro.net\/index.php?rest_route=%2Fwp%2Fv2%2Fmedia&parent=4123"}],"wp:term":[{"taxonomy":"category","embeddable":true,"href":"https:\/\/aquileingiro.net\/index.php?rest_route=%2Fwp%2Fv2%2Fcategories&post=4123"},{"taxonomy":"post_tag","embeddable":true,"href":"https:\/\/aquileingiro.net\/index.php?rest_route=%2Fwp%2Fv2%2Ftags&post=4123"}],"curies":[{"name":"wp","href":"https:\/\/api.w.org\/{rel}","templated":true}]}}