{"id":4207,"date":"2025-01-31T12:00:59","date_gmt":"2025-01-31T12:00:59","guid":{"rendered":"https:\/\/aquileingiro.net\/?p=4207"},"modified":"2026-02-11T12:16:56","modified_gmt":"2026-02-11T11:16:56","slug":"trilogie-der-kaiserfestungen-in-sella-alla-storia-12-13-settembre","status":"publish","type":"post","link":"https:\/\/aquileingiro.net\/?p=4207","title":{"rendered":"Trilogie der Kaiserfestungen in moto: tour tra le fortezze austriache"},"content":{"rendered":"\n<p>Esplorare la <strong>Trilogie der Kaiserfestungen<\/strong> in sella alla propria moto \u00e8 molto pi\u00f9 di un semplice viaggio: \u00e8 un&#8217;immersione totale nel passato. Questo itinerario unico ci porta alla scoperta delle imponenti fortezze austriache in Italia, testimoni silenziose di una storia scolpita nella roccia e nel cemento. Tra curve panoramiche e architetture militari, il tour offre un&#8217;esperienza imperdibile per chi vuole unire il piacere della guida alla memoria storica.<\/p>\n\n\n\n<p><\/p>\n\n\n\n<p>Spesso ci piace proporre itinerari da percorrere in moto seguendo un <strong>filo conduttore<\/strong>, un &#8220;tema&#8221;. E in Italia fortunatamente gli spunti sono infiniti.<br>In q<strong>u<\/strong>esto caso lo spunto \u00e8 quello del<strong>le fortificazioni austriache<\/strong> e il periodo risorgimentale principalmente dell&#8217;area veneta. <br>Uno sguardo indietro, ma <strong>senza alcuna retorica nazionalista<\/strong>.<br>Il privilegio di potere osservare &#8220;momenti&#8221; di storia a noi disponibili.<\/p>\n\n\n\n<div style=\"height:47px\" aria-hidden=\"true\" class=\"wp-block-spacer\"><\/div>\n\n\n\n<hr class=\"wp-block-separator has-alpha-channel-opacity is-style-wide orange-message\"\/>\n\n\n\n<p class=\"has-text-align-center has-manufacturing-consent-font-family has-xx-large-font-size advgb-dyn-ba5e4758\">Trilogie der Kaiserfestungen <\/p>\n\n\n\n<p class=\"has-text-align-center\">in sella alla storia<\/p>\n\n\n\n<div style=\"height:11px\" aria-hidden=\"true\" class=\"wp-block-spacer\"><\/div>\n\n\n\n<hr class=\"wp-block-separator has-alpha-channel-opacity is-style-wide orange-message\"\/>\n\n\n\n<div style=\"height:24px\" aria-hidden=\"true\" class=\"wp-block-spacer\"><\/div>\n\n\n\n<p>Esse sono distanziate tra loro nel tempo e divise in tre stagioni: <\/p>\n\n\n\n<p>Primavera &#8211; Estate &#8211; Autunno.<\/p>\n\n\n\n<div style=\"height:38px\" aria-hidden=\"true\" class=\"wp-block-spacer\"><\/div>\n\n\n\n<p><\/p>\n\n\n\n<div class=\"wp-block-essential-blocks-timeline  root-eb-timeline-q92h1 advgb-dyn-13f93840\"><div class=\"eb-parent-wrapper eb-parent-eb-timeline-q92h1 \"><div class=\"eb-timeline-wrapper eb-timeline-q92h1 left-layout layout-preset-1 eb-timeline-line-style-two \" data-id=\"eb-timeline-q92h1\" data-connector-color=\"#E6E6E6\" data-progress-color=\"linear-gradient(180deg, rgba(241, 241, 241, 0.073) 0%, rgb(4, 3, 3) 100%)\" data-connector-width=\"1\"><div class=\"eb-timeline-progress-line\"><div class=\"eb-timeline-progress-fill\"><\/div><\/div><div><\/div><div class=\"eb-timeline-item\" data-index=\"0\"><div class=\"eb-timeline-date-section\"><div class=\"eb-timeline-date\">16-17 Maggio<\/div><div class=\"eb-timeline-subheading\">Primavera<\/div><\/div><div class=\"eb-timeline-dot\"><div class=\"eb-timeline-dot-inner\"><i icon=\"far fa-circle-dot\" class=\"far fa-circle-dot eb-timeline-dot-icon\"><\/i><\/div><\/div><div class=\"eb-timeline-item-content\"><div class=\"eb-timeline-content\"><div class=\"eb-timeline-date-section\"><div class=\"eb-timeline-date\">16-17 Maggio<\/div><div class=\"eb-timeline-subheading\">Primavera<\/div><\/div><h2 class=\"eb-timeline-title\">il Quadrilatero,Verona &#8211; la zona fortificata pi\u00f9 formidabile dell&#8217;Impero Austriaco.<\/h2><div class=\"eb-timeline-excerpt\"><p><a href=\"https:\/\/aquileingiro.net\/?p=4123\">Vai ai dettagli<\/a><\/p>\n<p><a href=\"https:\/\/aquileingiro.net\/?p=4123\"><img loading=\"lazy\" decoding=\"async\" src=\"https:\/\/www.veronareport.it\/old_site\/img\/ob_5b315f_nugent-immagine005-rid.jpg\" alt=\"\" width=\"320\" height=\"183\" \/><\/a><\/p><\/div><\/div><\/div><\/div><div class=\"eb-timeline-item\" data-index=\"1\"><div class=\"eb-timeline-date-section\"><div class=\"eb-timeline-date\">13-14 Giugno<\/div><div class=\"eb-timeline-subheading\">Estate<\/div><\/div><div class=\"eb-timeline-dot\"><div class=\"eb-timeline-dot-inner\"><i icon=\"far fa-circle-dot\" class=\"far fa-circle-dot eb-timeline-dot-icon\"><\/i><\/div><\/div><div class=\"eb-timeline-item-content\"><div class=\"eb-timeline-content\"><div class=\"eb-timeline-date-section\"><div class=\"eb-timeline-date\">13-14 Giugno<\/div><div class=\"eb-timeline-subheading\">Estate<\/div><\/div><h2 class=\"eb-timeline-title\">Vicenza e l&#8217;impeto del Pasubio<\/h2><div class=\"eb-timeline-excerpt\"><p><a href=\"https:\/\/aquileingiro.net\/?p=4224\">Vai ai dettagli<\/a><\/p>\n<p><a href=\"https:\/\/aquileingiro.net\/?p=4224\"><img loading=\"lazy\" decoding=\"async\" src=\"https:\/\/live.staticflickr.com\/5607\/14993023744_65a4be956c.jpg\" alt=\"\" width=\"320\" height=\"240\" \/><\/a><\/p><\/div><\/div><\/div><\/div><div class=\"eb-timeline-item\" data-index=\"2\"><div class=\"eb-timeline-date-section\"><div class=\"eb-timeline-date\">12 Settembre<\/div><div class=\"eb-timeline-subheading\">Autunno<\/div><\/div><div class=\"eb-timeline-dot\"><div class=\"eb-timeline-dot-inner\"><i icon=\"far fa-circle-dot\" class=\"far fa-circle-dot eb-timeline-dot-icon\"><\/i><\/div><\/div><div class=\"eb-timeline-item-content\"><div class=\"eb-timeline-content\"><div class=\"eb-timeline-date-section\"><div class=\"eb-timeline-date\">12 Settembre<\/div><div class=\"eb-timeline-subheading\">Autunno<\/div><\/div><h2 class=\"eb-timeline-title\">Belluno e l&#8217;Ultima Frontiera Alpina<\/h2><div class=\"eb-timeline-excerpt\"><p><a href=\"https:\/\/aquileingiro.net\/?p=4217\">Vai ai dettagli<\/a><\/p>\n<p><a href=\"https:\/\/aquileingiro.net\/?p=4217\"><img loading=\"lazy\" decoding=\"async\" src=\"https:\/\/www.tizianovecellio.it\/wp-content\/uploads\/2017\/04\/1_Facciata-meridionale-del-Forte-di-Monte-Ricco_Foto-Giacomo-De-Don%C3%A0.jpg\" alt=\"\" width=\"320\" height=\"217\" \/><\/a><\/p><\/div><\/div><\/div><\/div><\/div><\/div><\/div>\n\n\n\n<p>Potevamo stupirvi con effetti speciali e colori ultravivaci&#8230;da intelligenza articiale.<br>Ma noi siamo questi qui..semplici. <br>Al piatto gourmet preferiamo pane e salame. O pomodoro se siete vegetariani.<\/p>\n\n\n\n<p>E quindi optiamo per le foto semplici in copertina. Vere. <br>E poi i giri. Con attenzione essi sono alla portata di tutti.<\/p>\n\n\n\n<div style=\"height:28px\" aria-hidden=\"true\" class=\"wp-block-spacer\"><\/div>\n\n\n\n<p>Svelandovi <strong>strade vicine,niente mete altisonanti o di effetto<\/strong>.<\/p>\n\n\n\n<p>Strade che abbiamo gi\u00e0 percorso per scoprire storie che ci legano ai territori e appartengono ai nostri avi nemmeno tanto lontani.<\/p>\n\n\n\n<div style=\"height:25px\" aria-hidden=\"true\" class=\"wp-block-spacer\"><\/div>\n\n\n\n<p><strong>Un viaggio che \u00e8 suddiviso in tre &#8220;capitoli&#8221; tra le provincie di Verona, Vicenza e Belluno, dove il rombo dei motori incontra l&#8217;eco lontano delle baionette.<\/strong><\/p>\n\n\n\n<div style=\"height:34px\" aria-hidden=\"true\" class=\"wp-block-spacer\"><\/div>\n\n\n\n<p>Questo tour <strong>non \u00e8 solo una cavalcata su asfalto<\/strong>, ma <strong>un\u2019immersione nel XIX secolo, esplorando l&#8217;ingegneria militare austriaca <\/strong>(il genio di Radetzky e von Scholl) e i luoghi dove \u00e8 nata l&#8217;Italia.<\/p>\n\n\n\n<div style=\"height:75px\" aria-hidden=\"true\" class=\"wp-block-spacer\"><\/div>\n\n\n\n<p>Ad oggi alcune delle opere difensive sono purtroppo raggiungibili solo a piedi, altre fatiscenti, altre completamente smantellate. Altre recuperate e &#8220;pubbliche&#8221; ed altre ancora private.<br><\/p>\n\n\n\n<h2 class=\"wp-block-heading\">Il fascino della Trilogie der Kaiserfestungen: tra vette e casematte<\/h2>\n\n\n\n<p><\/p>\n\n\n\n<p>Dopo aver scaldato i motori, il cuore dell&#8217;itinerario ci porta ad analizzare da vicino la <strong>Trilogie der Kaiserfestungen<\/strong>. Non si tratta solo di semplici rovine, ma di un sistema difensivo complesso che ancora oggi domina i passi alpini. Percorrere queste strade significa affrontare tornanti che sembrano disegnati apposta per i motociclisti, con l&#8217;obiettivo finale di raggiungere le maestose fortezze austriache che un tempo segnavano il confine.<\/p>\n\n\n\n<p><br>Se avrete voglia e pazienza di seguirci in questo tour suddiviso in 3 uscite potrete fermarvi anche solo pochissimi minuti e <strong>saranno tante quelle potrete osservare<\/strong>.<\/p>\n\n\n\n<div style=\"height:34px\" aria-hidden=\"true\" class=\"wp-block-spacer\"><\/div>\n\n\n\n<p>Delle strutture militari esistenti invero <strong>ne toccheremo<\/strong> solo <strong>pochissime tra le innumerevoli presenti.<\/strong><\/p>\n\n\n\n<p><br>Per questo abbiamo approntato 3 diverse uscite. Perch\u00e8 le zone meritano di essere attraversate e gustate. Con i ritmi giusti e il rispetto che meritano. <br><\/p>\n\n\n\n<div style=\"height:40px\" aria-hidden=\"true\" class=\"wp-block-spacer\"><\/div>\n\n\n\n<p>Siamo certi che <a href=\"https:\/\/www.fondazione-fioroni.it\/wp-content\/uploads\/2013\/02\/Il-territorio-fortificato-veronese-Pannelli-della-mostra.pdf\" title=\"\">alcune di queste strutture <\/a>le abbiate gi\u00e0 viste passando in questi luoghi. Molte altre no.<br>Ma non sar\u00e0 un tour &#8220;storico&#8221; nel senso senso puro del termine. <strong>Saremo quasi sempre in moto..<\/strong>anche se a fine giornata i km non saranno tantissimi.<\/p>\n\n\n\n<p><br>Una visita guidata ad una sola di queste strutture impegnerebbe almeno almeno 1 ora. E vestiti di tutto punto in assetto motociclistico non \u00e8 spesso una opzione comodissima.<\/p>\n\n\n\n<p><\/p>\n\n\n\n<p>Predetela come <strong>uno spunto per un vostro approfondimento<\/strong>. Perch\u00e8 tante sono le <strong>possibilit\u00e0 di raggiungerne altre di queste fortezze<\/strong>, sia tramite percorsi a piedi ad anello, che in MTB, con la E-Bike.<\/p>\n\n\n\n<div style=\"height:48px\" aria-hidden=\"true\" class=\"wp-block-spacer\"><\/div>\n\n\n\n<p>Come sempre l&#8217;iniziativa di carattere mototuristico \u00e8 volta alla conoscenza delle persone e dei luoghi e del piacere di viaggiare su due ruote.<\/p>\n\n\n\n<div class=\"wp-block-advgb-container advgb-blocks-container\"><\/div>\n\n\n\n<div style=\"height:50px\" aria-hidden=\"true\" class=\"wp-block-spacer\"><\/div>\n\n\n\n<hr class=\"wp-block-separator has-alpha-channel-opacity is-style-wide\"\/>\n\n\n\n<figure class=\"wp-block-image size-full\"><img loading=\"lazy\" decoding=\"async\" width=\"1536\" height=\"1024\" src=\"http:\/\/aquileingiro.net\/wp-content\/uploads\/2025\/01\/guzzista-fortezze3.png\" alt=\"\" class=\"wp-image-5179\" srcset=\"https:\/\/aquileingiro.net\/wp-content\/uploads\/2025\/01\/guzzista-fortezze3.png 1536w, https:\/\/aquileingiro.net\/wp-content\/uploads\/2025\/01\/guzzista-fortezze3-300x200.png 300w, https:\/\/aquileingiro.net\/wp-content\/uploads\/2025\/01\/guzzista-fortezze3-1024x683.png 1024w, https:\/\/aquileingiro.net\/wp-content\/uploads\/2025\/01\/guzzista-fortezze3-768x512.png 768w\" sizes=\"auto, (max-width: 1536px) 100vw, 1536px\" \/><\/figure>\n\n\n\n<p class=\"has-text-align-center has-luminous-vivid-orange-color has-text-color has-link-color has-large-font-size wp-elements-1b81f802ae700b96fe27c764c78fb214 advgb-dyn-87796d17\">IMPORTANTE !!! PRIMA DI PARTECIPARE <a href=\"https:\/\/aquileingiro.net\/?p=4189\" title=\"\">leggi questo<\/a><\/p>\n\n\n\n<hr class=\"wp-block-separator has-alpha-channel-opacity is-style-wide\"\/>\n\n\n\n<div style=\"height:32px\" aria-hidden=\"true\" class=\"wp-block-spacer\"><\/div>\n\n\n<div\n    class=\"root-eb-social-share-i313m wp-block-essential-blocks-social-share\">\n    <div class=\"eb-parent-wrapper eb-parent-eb-social-share-i313m\">\n        <div\n            class=\"eb-social-share-i313m eb-social-share-wrapper\">\n            <ul class=\"eb-social-shares\">\n                                    <li>\n                        <a class=\"facebook-f-original \"\n                            href=https:\/\/www.facebook.com\/sharer\/sharer.php?u=https:\/\/aquileingiro.net\/?p=4207                            target=\"_blank\" rel=\"nofollow noopener noreferrer\">\n                            <i class=\"fab fa-facebook-f hvr-icon eb-social-share-icon\"><\/i>                                                            <span class=\"eb-social-share-text\">Facebook<\/span>\n                                                    <\/a>\n                    <\/li>\n                                    <li>\n                        <a class=\"x-twitter-original \"\n                            href=https:\/\/twitter.com\/share?text=Trilogie%20der%20Kaiserfestungen%20in%20moto:%20tour%20tra%20le%20fortezze%20austriache&#038;url=https:\/\/aquileingiro.net\/?p=4207                            target=\"_blank\" rel=\"nofollow noopener noreferrer\">\n                            <i class=\"fab fa-x-twitter hvr-icon eb-social-share-icon\"><\/i>                                                            <span class=\"eb-social-share-text\">Twitter<\/span>\n                                                    <\/a>\n                    <\/li>\n                                    <li>\n                        <a class=\"linkedin-in-original \"\n                            href=https:\/\/www.linkedin.com\/shareArticle?title=Trilogie%20der%20Kaiserfestungen%20in%20moto:%20tour%20tra%20le%20fortezze%20austriache&#038;url=https:\/\/aquileingiro.net\/?p=4207&#038;mini=true                            target=\"_blank\" rel=\"nofollow noopener noreferrer\">\n                            <i class=\"fab fa-linkedin-in hvr-icon eb-social-share-icon\"><\/i>                                                            <span class=\"eb-social-share-text\">Linkedin<\/span>\n                                                    <\/a>\n                    <\/li>\n                                    <li>\n                        <a class=\"whatsapp-original \"\n                            href=https:\/\/api.whatsapp.com\/send?text=Trilogie%20der%20Kaiserfestungen%20in%20moto:%20tour%20tra%20le%20fortezze%20austriache%20https:\/\/aquileingiro.net\/?p=4207                            target=\"_blank\" rel=\"nofollow noopener noreferrer\">\n                            <i class=\"fab fa-whatsapp hvr-icon eb-social-share-icon\"><\/i>                                                            <span class=\"eb-social-share-text\">WhatsApp<\/span>\n                                                    <\/a>\n                    <\/li>\n                            <\/ul>\n        <\/div>\n    <\/div>\n<\/div>\n\n\n<p class=\"has-text-align-right has-tiny-font-size\">info e contatti:<br>info@aquileingiro-net<br><\/p>\n","protected":false},"excerpt":{"rendered":"<p>Esplorare la Trilogie der Kaiserfestungen in sella alla propria moto \u00e8 molto pi\u00f9 di un semplice viaggio: \u00e8 un&#8217;immersione totale nel passato. Questo itinerario unico ci porta alla scoperta delle [&hellip;]<\/p>\n","protected":false},"author":1,"featured_media":4210,"comment_status":"closed","ping_status":"closed","sticky":false,"template":"","format":"standard","meta":{"_eb_attr":"","advgb_blocks_editor_width":"","advgb_blocks_columns_visual_guide":"","_monsterinsights_skip_tracking":false,"_monsterinsights_sitenote_active":false,"_monsterinsights_sitenote_note":"","_monsterinsights_sitenote_category":0,"_uf_show_specific_survey":0,"_uf_disable_surveys":false,"_EventAllDay":false,"_EventTimezone":"","_EventStartDate":"","_EventEndDate":"","_EventStartDateUTC":"","_EventEndDateUTC":"","_EventShowMap":false,"_EventShowMapLink":false,"_EventURL":"","_EventCost":"","_EventCostDescription":"","_EventCurrencySymbol":"","_EventCurrencyCode":"","_EventCurrencyPosition":"","_EventDateTimeSeparator":"","_EventTimeRangeSeparator":"","_EventOrganizerID":[],"_EventVenueID":[],"_OrganizerEmail":"","_OrganizerPhone":"","_OrganizerWebsite":"","_VenueAddress":"","_VenueCity":"","_VenueCountry":"","_VenueProvince":"","_VenueState":"","_VenueZip":"","_VenuePhone":"","_VenueURL":"","_VenueStateProvince":"","_VenueLat":"","_VenueLng":"","_VenueShowMap":false,"_VenueShowMapLink":false,"footnotes":""},"categories":[14],"tags":[],"class_list":["post-4207","post","type-post","status-publish","format-standard","has-post-thumbnail","hentry","category-eventi"],"aioseo_notices":[],"author_meta":{"display_name":"aquileingiro.net","author_link":"https:\/\/aquileingiro.net\/?author=1"},"featured_img":"https:\/\/aquileingiro.net\/wp-content\/uploads\/2026\/01\/festung-2-300x225.jpg","coauthors":[],"tax_additional":{"categories":{"linked":["<a href=\"https:\/\/aquileingiro.net\/?cat=14\" class=\"advgb-post-tax-term\">EVENTI<\/a>"],"unlinked":["<span class=\"advgb-post-tax-term\">EVENTI<\/span>"]}},"comment_count":"0","relative_dates":{"created":"Pubblicato 1 anno fa","modified":"Aggiornato 3 mesi fa"},"absolute_dates":{"created":"Pubblicato il 31\/01\/2025","modified":"Aggiornato il 11\/02\/2026"},"absolute_dates_time":{"created":"Pubblicato il 31\/01\/2025 12:00","modified":"Aggiornato il 11\/02\/2026 12:16"},"featured_img_caption":"","series_order":"","_links":{"self":[{"href":"https:\/\/aquileingiro.net\/index.php?rest_route=\/wp\/v2\/posts\/4207","targetHints":{"allow":["GET"]}}],"collection":[{"href":"https:\/\/aquileingiro.net\/index.php?rest_route=\/wp\/v2\/posts"}],"about":[{"href":"https:\/\/aquileingiro.net\/index.php?rest_route=\/wp\/v2\/types\/post"}],"author":[{"embeddable":true,"href":"https:\/\/aquileingiro.net\/index.php?rest_route=\/wp\/v2\/users\/1"}],"replies":[{"embeddable":true,"href":"https:\/\/aquileingiro.net\/index.php?rest_route=%2Fwp%2Fv2%2Fcomments&post=4207"}],"version-history":[{"count":81,"href":"https:\/\/aquileingiro.net\/index.php?rest_route=\/wp\/v2\/posts\/4207\/revisions"}],"predecessor-version":[{"id":5183,"href":"https:\/\/aquileingiro.net\/index.php?rest_route=\/wp\/v2\/posts\/4207\/revisions\/5183"}],"wp:featuredmedia":[{"embeddable":true,"href":"https:\/\/aquileingiro.net\/index.php?rest_route=\/wp\/v2\/media\/4210"}],"wp:attachment":[{"href":"https:\/\/aquileingiro.net\/index.php?rest_route=%2Fwp%2Fv2%2Fmedia&parent=4207"}],"wp:term":[{"taxonomy":"category","embeddable":true,"href":"https:\/\/aquileingiro.net\/index.php?rest_route=%2Fwp%2Fv2%2Fcategories&post=4207"},{"taxonomy":"post_tag","embeddable":true,"href":"https:\/\/aquileingiro.net\/index.php?rest_route=%2Fwp%2Fv2%2Ftags&post=4207"}],"curies":[{"name":"wp","href":"https:\/\/api.w.org\/{rel}","templated":true}]}}