{"id":4224,"date":"2025-06-13T12:00:13","date_gmt":"2025-06-13T11:00:13","guid":{"rendered":"https:\/\/aquileingiro.net\/?p=4224"},"modified":"2026-01-28T14:44:19","modified_gmt":"2026-01-28T14:44:19","slug":"trilogie-der-kaiserfestungen-in-sella-alla-storiaii-iii-vicenza-e-limpeto-del-pasubio","status":"publish","type":"post","link":"https:\/\/aquileingiro.net\/?p=4224","title":{"rendered":"&#8220;Trilogie der Kaiserfestungen&#8221; &#8211; In Sella alla Storia<br>II\/III Vicenza e l&#8217;impeto del Pasubio &#8211; 13-14 Giugno"},"content":{"rendered":"\n<p class=\"has-vivid-cyan-blue-color has-text-color has-link-color has-x-large-font-size wp-elements-03ff57ea68d5d5fce50a95b152708dd2 advgb-dyn-d186486e\">Introduzione<\/p>\n\n\n\n<div style=\"height:53px\" aria-hidden=\"true\" class=\"wp-block-spacer\"><\/div>\n\n\n\n<p>La seconda uscita sposta le nostre moto <strong>verso le Prealpi e piccole dolomiti<\/strong>. Sebbene il Pasubio sia celebre per la Grande Guerra, le sue strade e i suoi avamposti furono concepiti per sorvegliare il vecchio confine tra l&#8217;Impero e il Regno d&#8217;Italia dopo il 1866.<\/p>\n\n\n\n<p>Il panorama delle fortezze montane nel vicentino \u00e8 un&#8217;esperienza che unisce la maestosit\u00e0 della natura prealpina alla cruda testimonianza della Grande Guerra. Queste &#8220;sentinelle di pietra&#8221;, sebbene oggi siano in gran parte ruderi, <strong>dominano ancora le vette pi\u00f9 strategiche, offrendo viste a 360\u00b0 <\/strong>che spaziano dalle Dolomiti fino alla Laguna di Venezia.<br><\/p>\n\n\n\n<div style=\"height:60px\" aria-hidden=\"true\" class=\"wp-block-spacer\"><\/div>\n\n\n\n<hr class=\"wp-block-separator has-text-color has-luminous-vivid-orange-color has-alpha-channel-opacity has-luminous-vivid-orange-background-color has-background is-style-wide\"\/>\n\n\n\n<p class=\"has-text-align-center has-manufacturing-consent-font-family has-xx-large-font-size\">Trilogie der Kaiserfestungen <\/p>\n\n\n\n<p class=\"has-text-align-center\">in sella alla storia<\/p>\n\n\n\n<div style=\"height:18px\" aria-hidden=\"true\" class=\"wp-block-spacer\"><\/div>\n\n\n\n<hr class=\"wp-block-separator has-text-color has-luminous-vivid-orange-color has-alpha-channel-opacity has-luminous-vivid-orange-background-color has-background is-style-wide\"\/>\n\n\n\n<div style=\"height:29px\" aria-hidden=\"true\" class=\"wp-block-spacer\"><\/div>\n\n\n\n<div class=\"wp-block-media-text is-stacked-on-mobile\" style=\"border-width:1px;border-top-left-radius:10px;border-top-right-radius:10px;border-bottom-left-radius:10px;border-bottom-right-radius:10px\"><figure class=\"wp-block-media-text__media\"><img loading=\"lazy\" decoding=\"async\" width=\"400\" height=\"262\" src=\"https:\/\/aquileingiro.net\/wp-content\/uploads\/2026\/01\/LisserSedePonteScorrevoleFossato.jpg\" alt=\"\" class=\"wp-image-4334 size-full\" srcset=\"https:\/\/aquileingiro.net\/wp-content\/uploads\/2026\/01\/LisserSedePonteScorrevoleFossato.jpg 400w, https:\/\/aquileingiro.net\/wp-content\/uploads\/2026\/01\/LisserSedePonteScorrevoleFossato-300x197.jpg 300w\" sizes=\"auto, (max-width: 400px) 100vw, 400px\" \/><\/figure><div class=\"wp-block-media-text__content\">\n<p><strong>Il Silenzio:<\/strong> Interrotto solo dal vento che fischia tra le feritoie e i resti delle cupole corazzate.<\/p>\n\n\n\n<p><strong>Il Contrasto:<\/strong> Il grigio del cemento armato e della pietra locale si staglia contro il verde scuro delle abetaie e il blu intenso del cielo d&#8217;alta quota.<\/p>\n\n\n\n<p><strong>Le Cicatrici:<\/strong> Oltre alle strutture, il panorama include le <strong>trincee<\/strong> e le <strong>strade militari<\/strong> (come la Strada delle 52 Gallerie) che disegnano linee geometriche innaturali sui fianchi delle montagne.<\/p>\n<\/div><\/div>\n\n\n\n<div style=\"height:38px\" aria-hidden=\"true\" class=\"wp-block-spacer\"><\/div>\n\n\n\n<div class=\"wp-block-media-text is-stacked-on-mobile\" style=\"border-width:1px;border-top-left-radius:10px;border-top-right-radius:10px;border-bottom-left-radius:10px;border-bottom-right-radius:10px\"><figure class=\"wp-block-media-text__media\"><img loading=\"lazy\" decoding=\"async\" width=\"1024\" height=\"576\" src=\"https:\/\/aquileingiro.net\/wp-content\/uploads\/2026\/01\/santaviola-1024x576.jpg\" alt=\"\" class=\"wp-image-4253 size-full\" srcset=\"https:\/\/aquileingiro.net\/wp-content\/uploads\/2026\/01\/santaviola-1024x576.jpg 1024w, https:\/\/aquileingiro.net\/wp-content\/uploads\/2026\/01\/santaviola-300x169.jpg 300w, https:\/\/aquileingiro.net\/wp-content\/uploads\/2026\/01\/santaviola-768x432.jpg 768w, https:\/\/aquileingiro.net\/wp-content\/uploads\/2026\/01\/santaviola-1536x864.jpg 1536w, https:\/\/aquileingiro.net\/wp-content\/uploads\/2026\/01\/santaviola.jpg 1920w\" sizes=\"auto, (max-width: 1024px) 100vw, 1024px\" \/><\/figure><div class=\"wp-block-media-text__content\">\n<p>Dalla zona sud direzione Nord e breve sosta. Una delle opere recuperate e ritornate ad essere aperta per eventi.<\/p>\n<\/div><\/div>\n\n\n\n<div style=\"height:26px\" aria-hidden=\"true\" class=\"wp-block-spacer\"><\/div>\n\n\n\n<p class=\"has-text-align-center has-large-font-size green-message\"><strong>Programma<\/strong><\/p>\n\n\n\n<div style=\"height:21px\" aria-hidden=\"true\" class=\"wp-block-spacer\"><\/div>\n\n\n\n<p class=\"has-text-align-center grey-message advgb-dyn-bcb5d98e\" style=\"border-top-left-radius:9px;border-top-right-radius:9px;border-bottom-left-radius:9px;border-bottom-right-radius:9px\"><strong>Primo giorno<\/strong><\/p>\n\n\n\n<div style=\"height:5px\" aria-hidden=\"true\" class=\"wp-block-spacer\"><\/div>\n\n\n\n<p><strong>Sabato 13 Giugno<\/strong><\/p>\n\n\n\n<div style=\"height:16px\" aria-hidden=\"true\" class=\"wp-block-spacer\"><\/div>\n\n\n\n<p><strong>Descrizione<\/strong><\/p>\n\n\n\n<div style=\"height:22px\" aria-hidden=\"true\" class=\"wp-block-spacer\"><\/div>\n\n\n\n<ul class=\"wp-block-list\">\n<li><strong>Lunghezza:<\/strong> Circa 220 km.<\/li>\n\n\n\n<li><strong>Durata:<\/strong> 5,30 ore circa (escluse le soste prolungate).<\/li>\n\n\n\n<li><strong>Difficolt\u00e0:<\/strong> Media (strade montane con alcuni tornanti stretti)  percorso solo asfalto.<\/li>\n\n\n\n<li><strong>Difficolt\u00e0:<\/strong> Alta (strade montane con alcuni tratti fuoristrada &#8211; NO GOMME STRADALI e NO PASSEGGERO).<\/li>\n<\/ul>\n\n\n\n<div style=\"height:23px\" aria-hidden=\"true\" class=\"wp-block-spacer\"><\/div>\n\n\n\n<p>Partenza ore 9 con pieno di benzina da :<br>Piazzale birreria Pedavena &#8211; Pedavena , Feltre.<\/p>\n\n\n\n<div style=\"height:19px\" aria-hidden=\"true\" class=\"wp-block-spacer\"><\/div>\n\n\n\n<ul class=\"wp-block-list\">\n<li><strong>Mattina:<\/strong> Partenza ore 9:00 da Pedavena , saliremo a Pantena e i colli dei vini Soave per giungere alle fortificazioni del vicentino<\/li>\n\n\n\n<li><strong>Pomeriggio:<\/strong> Arrivo a <strong>Forte Maso<\/strong> . Da qui si controllava il transito verso il Trentino (allora austriaco). La vista sul massiccio del Pasubio \u00e8 imponente.<\/li>\n<\/ul>\n\n\n\n<div style=\"height:19px\" aria-hidden=\"true\" class=\"wp-block-spacer\"><\/div>\n\n\n\n<p>Punti di interesse: <a href=\"https:\/\/ossariocustoza.it\/\" title=\"\">Forte di San Briccio<\/a>, Forte di San Viola ,Forte Enna, Forte Interrotto<br>Il tragitto lungo i colli che collegano i borghi pittoreschi, vedr\u00e0 anche brevi soste presso alcuni luoghi e fortificazioni.<\/p>\n\n\n\n<div style=\"height:29px\" aria-hidden=\"true\" class=\"wp-block-spacer\"><\/div>\n\n\n\n<p><\/p>\n\n\n\n<div class=\"wp-block-advgb-images-slider advgb-images-slider-block advg-images-slider-206e6273-1e16-4d33-9c24-3c5c5837ef20 advgb-dyn-1b811c62\"><div class=\"advgb-images-slider\" dir=\"ltr\"><div class=\"advgb-image-slider-item\"><img decoding=\"async\" src=\"http:\/\/aquileingiro.net\/wp-content\/uploads\/2025\/11\/IMG_20240713_061832_MP-scaled.jpg\" class=\"advgb-image-slider-img\" alt=\"\" style=\"width:340px;height:auto\"\/><div class=\"advgb-image-slider-item-info\" style=\"justify-content:center;align-items:center\"><\/div><\/div><div class=\"advgb-image-slider-item\"><img decoding=\"async\" src=\"http:\/\/aquileingiro.net\/wp-content\/uploads\/2025\/11\/IMG_20240713_065601-scaled.jpg\" class=\"advgb-image-slider-img\" alt=\"\" style=\"width:340px;height:auto\"\/><div class=\"advgb-image-slider-item-info\" style=\"justify-content:center;align-items:center\"><\/div><\/div><div class=\"advgb-image-slider-item\"><img decoding=\"async\" src=\"http:\/\/aquileingiro.net\/wp-content\/uploads\/2025\/11\/IMG_20240713_070101_MP-scaled.jpg\" class=\"advgb-image-slider-img\" alt=\"\" style=\"width:340px;height:auto\"\/><div class=\"advgb-image-slider-item-info\" style=\"justify-content:center;align-items:center\"><\/div><\/div><\/div><\/div>\n\n\n\n<div style=\"height:100px\" aria-hidden=\"true\" class=\"wp-block-spacer\"><\/div>\n\n\n\n<p class=\"has-text-align-center grey-message advgb-dyn-7550b476\" style=\"border-top-left-radius:9px;border-top-right-radius:9px;border-bottom-left-radius:9px;border-bottom-right-radius:9px\"><strong>Secondo giorno<\/strong><\/p>\n\n\n\n<div style=\"height:78px\" aria-hidden=\"true\" class=\"wp-block-spacer\"><\/div>\n\n\n\n<div class=\"wp-block-media-text is-stacked-on-mobile\" style=\"border-width:1px;border-top-left-radius:10px;border-top-right-radius:10px;border-bottom-left-radius:10px;border-bottom-right-radius:10px\"><figure class=\"wp-block-media-text__media\"><img loading=\"lazy\" decoding=\"async\" width=\"474\" height=\"284\" src=\"https:\/\/aquileingiro.net\/wp-content\/uploads\/2026\/01\/corbin.webp\" alt=\"\" class=\"wp-image-4339 size-full\" srcset=\"https:\/\/aquileingiro.net\/wp-content\/uploads\/2026\/01\/corbin.webp 474w, https:\/\/aquileingiro.net\/wp-content\/uploads\/2026\/01\/corbin-300x180.webp 300w\" sizes=\"auto, (max-width: 474px) 100vw, 474px\" \/><\/figure><div class=\"wp-block-media-text__content\">\n<p>Da questo punto il fondo valle appare minuscolo, con il fiume che scorre come un nastro d&#8217;argento e i piccoli paesi che sembrano modellini in miniatura.<\/p>\n\n\n\n<p>Un luogo dove la storia monumentale si fonde con una natura selvaggia e vertiginosa. Situato a 1.077 metri di quota, nel comune di Roana (Altopiano di Asiago), \u00e8 considerato una delle fortezze meglio conservate della zona.<\/p>\n<\/div><\/div>\n\n\n\n<p><\/p>\n\n\n\n<div style=\"height:51px\" aria-hidden=\"true\" class=\"wp-block-spacer\"><\/div>\n\n\n\n<p><strong>Domenica 14 Giugno<\/strong><\/p>\n\n\n\n<p><\/p>\n\n\n\n<p><\/p>\n\n\n\n<p><strong>Descrizione<\/strong><\/p>\n\n\n\n<div style=\"height:22px\" aria-hidden=\"true\" class=\"wp-block-spacer\"><\/div>\n\n\n\n<ul class=\"wp-block-list\">\n<li><strong>Lunghezza:<\/strong> Circa 130 km.<\/li>\n\n\n\n<li><strong>Durata:<\/strong> 4,00 ore circa (escluse le soste prolungate).<\/li>\n\n\n\n<li><strong>Difficolt\u00e0:<\/strong> Media (strade collinari con alcuni tornanti stretti).<\/li>\n<\/ul>\n\n\n\n<div style=\"height:27px\" aria-hidden=\"true\" class=\"wp-block-spacer\"><\/div>\n\n\n\n<p>Tornando verso Roana, si seguono le indicazioni per il <strong>Forte Corbin<\/strong>. La strada per raggiungerlo \u00e8 stretta e suggestiva, immersa nei boschi.<\/p>\n\n\n\n<div style=\"height:36px\" aria-hidden=\"true\" class=\"wp-block-spacer\"><\/div>\n\n\n\n<ul class=\"wp-block-list\">\n<li><strong>Il Forte:<\/strong> \u00c8 uno dei pi\u00f9 grandi e meglio conservati. Oggi \u00e8 un museo privato (gestito con passione dalla famiglia che lo possiede) e offre un punto di ristoro eccellente per i motociclisti. La vista a strapiombo sulla Val d&#8217;Astico \u00e8 da togliere il fiato.<\/li>\n<\/ul>\n\n\n\n<p><\/p>\n\n\n\n<div style=\"height:36px\" aria-hidden=\"true\" class=\"wp-block-spacer\"><\/div>\n\n\n\n<details class=\"wp-block-details is-layout-flow wp-block-details-is-layout-flow\"><summary>Il forte<\/summary>\n<p>La Struttura: Una Nave di Pietra<\/p>\n\n\n\n<p>Il forte appare come un\u2019imponente massa di pietra grigia e cemento, incastonata sulla punta di uno sperone roccioso.<\/p>\n\n\n\n<ul class=\"wp-block-list\">\n<li><strong>L&#8217;Architettura:<\/strong> Costruito tra il 1906 e il 1911, colpisce per la sua estensione. Si cammina tra fossati, polveriere e lunghi corridoi sotterranei che conservano ancora quell&#8217;umidit\u00e0 fredda che riporta ai tempi della Grande Guerra.<\/li>\n\n\n\n<li><strong>Il Museo:<\/strong> Oggi \u00e8 un museo privato curato con passione, dove potrai vedere reperti bellici, fotografie d&#8217;epoca e documenti che raccontano la vita quotidiana dei soldati tra queste mura.<\/li>\n<\/ul>\n\n\n\n<h3 class=\"wp-block-heading\">La Veduta: Un Salto nel Vuoto<\/h3>\n\n\n\n<p>Il vero &#8220;capolavoro&#8221; del Forte Corbin \u00e8 la sua posizione geografica. Essendo costruito su un <strong>balcone naturale<\/strong> che sporge direttamente sulla <strong>Val d&#8217;Astico<\/strong>, offre un panorama che toglie il fiato:<\/p>\n\n\n\n<ol start=\"1\" class=\"wp-block-list\">\n<li><strong>L&#8217;Orlo del Precipizio:<\/strong> Camminando verso la parte pi\u00f9 avanzata del forte (la zona delle cupole), ci si ritrova sopra una parete verticale di centinaia di metri. La sensazione di &#8220;vuoto&#8221; \u00e8 potente e bellissima.<\/li>\n\n\n\n<li><strong>La Val d&#8217;Astico:<\/strong> Sotto di te, il fondo valle appare minuscolo, con il fiume che scorre come un nastro d&#8217;argento e i piccoli paesi che sembrano modellini in miniatura.<\/li>\n\n\n\n<li><strong>L&#8217;Orizzonte Alpino:<\/strong> Nelle giornate limpide, lo sguardo spazia dalle cime circostanti dell&#8217;Altopiano fino alle Prealpi Venete e al massiccio del Pasubio. Il contrasto tra il grigio rigido della fortezza e il verde intenso dei boschi sottostanti \u00e8 straordinario.<\/li>\n<\/ol>\n\n\n\n<h3 class=\"wp-block-heading\">L&#8217;Atmosfera<\/h3>\n\n\n\n<p>A differenza di altri forti pi\u00f9 &#8220;turistici&#8221;, il Corbin mantiene un&#8217;aura di <strong>silenzio e solennit\u00e0<\/strong>. Il sentiero per raggiungerlo \u00e8 una piacevole passeggiata tra i boschi, che prepara lo spirito alla grandezza del panorama finale. \u00c8 un luogo che invita alla riflessione, sospesi tra la durezza della guerra e la pace infinita della montagna.<\/p>\n\n\n\n<hr class=\"wp-block-separator has-alpha-channel-opacity\"\/>\n\n\n\n<p><strong>Una piccola curiosit\u00e0:<\/strong> Il Forte fu occupato dagli austro-ungarici durante la &#8220;Strafexpedition&#8221; del 1916, diventando un punto di osservazione strategico proprio grazie alla sua vista dominante sulla valle.<\/p>\n<\/details>\n\n\n\n<p><\/p>\n\n\n\n<div style=\"height:45px\" aria-hidden=\"true\" class=\"wp-block-spacer\"><\/div>\n\n\n\n<p>Giunti ad Asiago ,sosta e saluti per le varie direzioni di rientro.<\/p>\n\n\n\n<p><\/p>\n\n\n\n<p><\/p>\n\n\n\n<div style=\"height:60px\" aria-hidden=\"true\" class=\"wp-block-spacer\"><\/div>\n\n\n\n<hr class=\"wp-block-separator has-alpha-channel-opacity is-style-wide\"\/>\n\n\n\n<p class=\"has-text-align-center has-luminous-vivid-orange-color has-text-color has-link-color has-large-font-size wp-elements-1b81f802ae700b96fe27c764c78fb214 advgb-dyn-87796d17\">IMPORTANTE !!! PRIMA DI PARTECIPARE <a href=\"https:\/\/aquileingiro.net\/?p=4189\" title=\"\">leggi questo<\/a><\/p>\n\n\n\n<hr class=\"wp-block-separator has-alpha-channel-opacity is-style-wide\"\/>\n\n\n\n<p><\/p>\n\n\n\n<figure class=\"wp-block-image size-full\"><img loading=\"lazy\" decoding=\"async\" width=\"960\" height=\"720\" src=\"http:\/\/aquileingiro.net\/wp-content\/uploads\/2024\/03\/mood.jpg\" alt=\"\" class=\"wp-image-512\"\/><\/figure>\n","protected":false},"excerpt":{"rendered":"<p>Introduzione La seconda uscita sposta le nostre moto verso le Prealpi e piccole dolomiti. Sebbene il Pasubio sia celebre per la Grande Guerra, le sue strade e i suoi avamposti [&hellip;]<\/p>\n","protected":false},"author":1,"featured_media":4466,"comment_status":"closed","ping_status":"closed","sticky":false,"template":"","format":"standard","meta":{"_eb_attr":"","advgb_blocks_editor_width":"","advgb_blocks_columns_visual_guide":"","_monsterinsights_skip_tracking":false,"_monsterinsights_sitenote_active":false,"_monsterinsights_sitenote_note":"","_monsterinsights_sitenote_category":0,"_uf_show_specific_survey":0,"_uf_disable_surveys":false,"_EventAllDay":false,"_EventTimezone":"","_EventStartDate":"","_EventEndDate":"","_EventStartDateUTC":"","_EventEndDateUTC":"","_EventShowMap":false,"_EventShowMapLink":false,"_EventURL":"","_EventCost":"","_EventCostDescription":"","_EventCurrencySymbol":"","_EventCurrencyCode":"","_EventCurrencyPosition":"","_EventDateTimeSeparator":"","_EventTimeRangeSeparator":"","_EventOrganizerID":[],"_EventVenueID":[],"_OrganizerEmail":"","_OrganizerPhone":"","_OrganizerWebsite":"","_VenueAddress":"","_VenueCity":"","_VenueCountry":"","_VenueProvince":"","_VenueState":"","_VenueZip":"","_VenuePhone":"","_VenueURL":"","_VenueStateProvince":"","_VenueLat":"","_VenueLng":"","_VenueShowMap":false,"_VenueShowMapLink":false,"footnotes":""},"categories":[14],"tags":[],"class_list":["post-4224","post","type-post","status-publish","format-standard","has-post-thumbnail","hentry","category-eventi"],"aioseo_notices":[],"author_meta":{"display_name":"aquileingiro.net","author_link":"https:\/\/aquileingiro.net\/?author=1"},"featured_img":"https:\/\/aquileingiro.net\/wp-content\/uploads\/2025\/11\/cover1-4-300x169.png","coauthors":[],"tax_additional":{"categories":{"linked":["<a href=\"https:\/\/aquileingiro.net\/?cat=14\" class=\"advgb-post-tax-term\">EVENTI<\/a>"],"unlinked":["<span class=\"advgb-post-tax-term\">EVENTI<\/span>"]}},"comment_count":"0","relative_dates":{"created":"Pubblicato 11 mesi fa","modified":"Aggiornato 3 mesi fa"},"absolute_dates":{"created":"Pubblicato il 13\/06\/2025","modified":"Aggiornato il 28\/01\/2026"},"absolute_dates_time":{"created":"Pubblicato il 13\/06\/2025 12:00","modified":"Aggiornato il 28\/01\/2026 14:44"},"featured_img_caption":"","series_order":"","_links":{"self":[{"href":"https:\/\/aquileingiro.net\/index.php?rest_route=\/wp\/v2\/posts\/4224","targetHints":{"allow":["GET"]}}],"collection":[{"href":"https:\/\/aquileingiro.net\/index.php?rest_route=\/wp\/v2\/posts"}],"about":[{"href":"https:\/\/aquileingiro.net\/index.php?rest_route=\/wp\/v2\/types\/post"}],"author":[{"embeddable":true,"href":"https:\/\/aquileingiro.net\/index.php?rest_route=\/wp\/v2\/users\/1"}],"replies":[{"embeddable":true,"href":"https:\/\/aquileingiro.net\/index.php?rest_route=%2Fwp%2Fv2%2Fcomments&post=4224"}],"version-history":[{"count":61,"href":"https:\/\/aquileingiro.net\/index.php?rest_route=\/wp\/v2\/posts\/4224\/revisions"}],"predecessor-version":[{"id":5133,"href":"https:\/\/aquileingiro.net\/index.php?rest_route=\/wp\/v2\/posts\/4224\/revisions\/5133"}],"wp:featuredmedia":[{"embeddable":true,"href":"https:\/\/aquileingiro.net\/index.php?rest_route=\/wp\/v2\/media\/4466"}],"wp:attachment":[{"href":"https:\/\/aquileingiro.net\/index.php?rest_route=%2Fwp%2Fv2%2Fmedia&parent=4224"}],"wp:term":[{"taxonomy":"category","embeddable":true,"href":"https:\/\/aquileingiro.net\/index.php?rest_route=%2Fwp%2Fv2%2Fcategories&post=4224"},{"taxonomy":"post_tag","embeddable":true,"href":"https:\/\/aquileingiro.net\/index.php?rest_route=%2Fwp%2Fv2%2Ftags&post=4224"}],"curies":[{"name":"wp","href":"https:\/\/api.w.org\/{rel}","templated":true}]}}