{"id":4630,"date":"2025-05-29T12:00:32","date_gmt":"2025-05-29T11:00:32","guid":{"rendered":"https:\/\/aquileingiro.net\/?p=4630"},"modified":"2026-02-11T11:05:58","modified_gmt":"2026-02-11T10:05:58","slug":"moto-guzzi-weekend-hungaryzugloi-gyermektabor-soltvadkert29-30-31-maggio","status":"publish","type":"post","link":"https:\/\/aquileingiro.net\/?p=4630","title":{"rendered":"Moto Guzzi Weekend Hungary<br>Zugl\u00f3i Gyermekt\u00e1bor &#8211; Soltvadkert 29-30-31 Maggio"},"content":{"rendered":"\n<p>Moto Guzzi Weekend Hungary<br>Zugl\u00f3i Gyermekt\u00e1bor &#8211; Soltvadkert<\/p>\n\n\n\n<p><\/p>\n\n\n\n<p><\/p>\n\n\n\n<p><a href=\"https:\/\/www.facebook.com\/sotyatabor?__tn__=%2Cd\"><\/a><\/p>\n\n\n\n<h2 class=\"wp-block-heading\"><a href=\"https:\/\/www.facebook.com\/sotyatabor?__tn__=%2Cd\"><strong>Zugl\u00f3i Gyermekt\u00e1bor &#8211; Soltvadkert<\/strong><\/a><\/h2>\n\n\n\n<figure class=\"wp-block-image\"><img decoding=\"async\" src=\"https:\/\/static.xx.fbcdn.net\/rsrc.php\/v4\/yk\/r\/Ye5fc_1SEQK.png\" alt=\"\"\/><\/figure>\n\n\n\n<p><strong>Pagina<\/strong>&nbsp;\u00b7 Stabilimento sportivo e per il tempo libero<\/p>\n\n\n\n<figure class=\"wp-block-image\"><img decoding=\"async\" src=\"https:\/\/static.xx.fbcdn.net\/rsrc.php\/v4\/yy\/r\/F8tqcUCyyK0.png\" alt=\"\"\/><\/figure>\n\n\n\n<p>A Zugl\u00f3i Gyermekt\u00e1bor hivatalos facebook oldala &#8211; Soltvadkert, Tavir\u00f3zsa utca 2.<\/p>\n\n\n\n<figure class=\"wp-block-image\"><img decoding=\"async\" src=\"https:\/\/static.xx.fbcdn.net\/rsrc.php\/v4\/y3\/r\/BQdeC67wT9z.png\" alt=\"\"\/><\/figure>\n\n\n\n<p><strong><a href=\"http:\/\/www.zugsport.hu\/?fbclid=IwZXh0bgNhZW0CMTAAYnJpZBEwVktmdm11WDdMTTdIVTU3ZHNydGMGYXBwX2lkEDIyMjAzOTE3ODgyMDA4OTIAAR4-ntBNi7tmmuTT9RdeWUW8RMo3wVYuGD9ft8ixQeQJL4UdF35eSwXoCu-Tkg_aem_u0On-tzNUL4E8JnBP35v3g\" rel=\"noreferrer noopener\" target=\"_blank\">zugsport.hu<\/a><\/strong><\/p>\n\n\n\n<p><\/p>\n\n\n\n<p><\/p>\n\n\n\n<figure class=\"wp-block-image size-large\"><img loading=\"lazy\" decoding=\"async\" width=\"1024\" height=\"747\" src=\"https:\/\/aquileingiro.net\/wp-content\/uploads\/2025\/05\/io-ungheria-1024x747.png\" alt=\"Illustrazione in stile cartoon di un motociclista con barba brizzolata e una leggera pancia, che guida una Moto Guzzi V85 TT nei colori grigio e verde. Il pilota indossa una giacca di pelle marrone e un casco nero con strisce giallo fluo. La moto \u00e8 equipaggiata con valigie laterali nere e grigie e un bauletto. Il motociclista sta percorrendo una strada asfaltata in un paesaggio rurale. Sopra la strada \u00e8 appeso un grande striscione bianco con la scritta 'MOTO GUZZI WEEKEND HUNGARY - SOLTVADKERT', decorato con piccoli disegni di peperoncini rossi. Sulla sinistra, a bordo strada, si trova un banchetto tipico ungherese che espone filari di peperoncini rossi, pagnotte di pane e una bandiera dell'Ungheria. Sullo sfondo si vedono altri motociclisti che seguono sulla stessa corsia sotto un cielo azzurro con nuvole leggere.\" class=\"wp-image-5148\" srcset=\"https:\/\/aquileingiro.net\/wp-content\/uploads\/2025\/05\/io-ungheria-1024x747.png 1024w, https:\/\/aquileingiro.net\/wp-content\/uploads\/2025\/05\/io-ungheria-300x219.png 300w, https:\/\/aquileingiro.net\/wp-content\/uploads\/2025\/05\/io-ungheria-768x560.png 768w, https:\/\/aquileingiro.net\/wp-content\/uploads\/2025\/05\/io-ungheria.png 1184w\" sizes=\"auto, (max-width: 1024px) 100vw, 1024px\" \/><\/figure>\n","protected":false},"excerpt":{"rendered":"<p>Moto Guzzi Weekend HungaryZugl\u00f3i Gyermekt\u00e1bor &#8211; Soltvadkert Zugl\u00f3i Gyermekt\u00e1bor &#8211; Soltvadkert Pagina&nbsp;\u00b7 Stabilimento sportivo e per il tempo libero A Zugl\u00f3i Gyermekt\u00e1bor hivatalos facebook oldala &#8211; Soltvadkert, Tavir\u00f3zsa utca 2. [&hellip;]<\/p>\n","protected":false},"author":1,"featured_media":4631,"comment_status":"closed","ping_status":"closed","sticky":false,"template":"","format":"standard","meta":{"_eb_attr":"","advgb_blocks_editor_width":"","advgb_blocks_columns_visual_guide":"","_monsterinsights_skip_tracking":false,"_monsterinsights_sitenote_active":false,"_monsterinsights_sitenote_note":"","_monsterinsights_sitenote_category":0,"_uf_show_specific_survey":0,"_uf_disable_surveys":false,"_EventAllDay":false,"_EventTimezone":"","_EventStartDate":"","_EventEndDate":"","_EventStartDateUTC":"","_EventEndDateUTC":"","_EventShowMap":false,"_EventShowMapLink":false,"_EventURL":"","_EventCost":"","_EventCostDescription":"","_EventCurrencySymbol":"","_EventCurrencyCode":"","_EventCurrencyPosition":"","_EventDateTimeSeparator":"","_EventTimeRangeSeparator":"","_EventOrganizerID":[],"_EventVenueID":[],"_OrganizerEmail":"","_OrganizerPhone":"","_OrganizerWebsite":"","_VenueAddress":"","_VenueCity":"","_VenueCountry":"","_VenueProvince":"","_VenueState":"","_VenueZip":"","_VenuePhone":"","_VenueURL":"","_VenueStateProvince":"","_VenueLat":"","_VenueLng":"","_VenueShowMap":false,"_VenueShowMapLink":false,"footnotes":""},"categories":[14],"tags":[],"class_list":["post-4630","post","type-post","status-publish","format-standard","has-post-thumbnail","hentry","category-eventi"],"aioseo_notices":[],"author_meta":{"display_name":"aquileingiro.net","author_link":"https:\/\/aquileingiro.net\/?author=1"},"featured_img":"https:\/\/aquileingiro.net\/wp-content\/uploads\/2026\/01\/ungheria-300x200.jpg","coauthors":[],"tax_additional":{"categories":{"linked":["<a href=\"https:\/\/aquileingiro.net\/?cat=14\" class=\"advgb-post-tax-term\">EVENTI<\/a>"],"unlinked":["<span class=\"advgb-post-tax-term\">EVENTI<\/span>"]}},"comment_count":"0","relative_dates":{"created":"Pubblicato 11 mesi fa","modified":"Aggiornato 3 mesi fa"},"absolute_dates":{"created":"Pubblicato il 29\/05\/2025","modified":"Aggiornato il 11\/02\/2026"},"absolute_dates_time":{"created":"Pubblicato il 29\/05\/2025 12:00","modified":"Aggiornato il 11\/02\/2026 11:05"},"featured_img_caption":"","series_order":"","_links":{"self":[{"href":"https:\/\/aquileingiro.net\/index.php?rest_route=\/wp\/v2\/posts\/4630","targetHints":{"allow":["GET"]}}],"collection":[{"href":"https:\/\/aquileingiro.net\/index.php?rest_route=\/wp\/v2\/posts"}],"about":[{"href":"https:\/\/aquileingiro.net\/index.php?rest_route=\/wp\/v2\/types\/post"}],"author":[{"embeddable":true,"href":"https:\/\/aquileingiro.net\/index.php?rest_route=\/wp\/v2\/users\/1"}],"replies":[{"embeddable":true,"href":"https:\/\/aquileingiro.net\/index.php?rest_route=%2Fwp%2Fv2%2Fcomments&post=4630"}],"version-history":[{"count":5,"href":"https:\/\/aquileingiro.net\/index.php?rest_route=\/wp\/v2\/posts\/4630\/revisions"}],"predecessor-version":[{"id":5149,"href":"https:\/\/aquileingiro.net\/index.php?rest_route=\/wp\/v2\/posts\/4630\/revisions\/5149"}],"wp:featuredmedia":[{"embeddable":true,"href":"https:\/\/aquileingiro.net\/index.php?rest_route=\/wp\/v2\/media\/4631"}],"wp:attachment":[{"href":"https:\/\/aquileingiro.net\/index.php?rest_route=%2Fwp%2Fv2%2Fmedia&parent=4630"}],"wp:term":[{"taxonomy":"category","embeddable":true,"href":"https:\/\/aquileingiro.net\/index.php?rest_route=%2Fwp%2Fv2%2Fcategories&post=4630"},{"taxonomy":"post_tag","embeddable":true,"href":"https:\/\/aquileingiro.net\/index.php?rest_route=%2Fwp%2Fv2%2Ftags&post=4630"}],"curies":[{"name":"wp","href":"https:\/\/api.w.org\/{rel}","templated":true}]}}