{"id":5099,"date":"2026-02-11T08:17:54","date_gmt":"2026-02-11T07:17:54","guid":{"rendered":"https:\/\/aquileingiro.net\/?p=5099"},"modified":"2026-02-11T08:21:54","modified_gmt":"2026-02-11T07:21:54","slug":"crisi-del-settore-moto-in-europa-la-vignetta-che-racconta-prezzi-bassi-e-futuro-incerto","status":"publish","type":"post","link":"https:\/\/aquileingiro.net\/?p=5099","title":{"rendered":"Crisi del settore moto in Europa: la vignetta che racconta prezzi bassi e futuro incerto"},"content":{"rendered":"\n<hr class=\"wp-block-separator has-alpha-channel-opacity\"\/>\n\n\n\n<p>Negli ultimi anni si parla sempre pi\u00f9 spesso di una possibile crisi del settore moto in Europa: prezzi in aumento, normative ambientali pi\u00f9 stringenti, concorrenza globale aggressiva e giovani sempre meno attratti dal possesso di una moto. Ma dietro i numeri e le analisi economiche c\u2019\u00e8 anche una dimensione culturale e sociale, fatta di lavoro che si sposta altrove, prodotti che costano meno e futuro che diventa pi\u00f9 incerto. La vignetta che accompagna questo articolo racconta tutto questo con leggerezza e ironia, mettendo a confronto l\u2019esperienza di un vecchio mototurista e lo sguardo disincantato di una nuova generazione connessa ma fragile.<\/p>\n\n\n\n<div style=\"height:44px\" aria-hidden=\"true\" class=\"wp-block-spacer\"><\/div>\n\n\n\n<p>In economia, <strong>dumping<\/strong> significa vendere un prodotto su un mercato estero a un prezzo inferiore rispetto al prezzo nel paese di origine \u2014<strong> spesso perch\u00e9 sostenuto da sussidi statali, economie di scala enormi o condizioni fiscali favorevoli, e non da costi reali di produzione<\/strong>. Questo pu\u00f2 distorcere la concorrenza e mettere sotto pressione industrie locali se non esistono misure di difesa commerciale efficaci<\/p>\n\n\n\n<div style=\"height:42px\" aria-hidden=\"true\" class=\"wp-block-spacer\"><\/div>\n\n\n\n<h2 class=\"wp-block-heading\">Lavatrice o moto ?<\/h2>\n\n\n\n<div style=\"height:55px\" aria-hidden=\"true\" class=\"wp-block-spacer\"><\/div>\n\n\n\n<p>Una parte dei nuovi utenti, infatti secondo me la vive cosi: &#8220;una moto vale l\u2019altra purch\u00e9 costi poco, si sostituisca facilmente e richieda il minimo coinvolgimento emotivo&#8221;. <\/p>\n\n\n\n<p>\u00c8 la stessa logica che ha trasformato molti prodotti tecnologici in beni temporanei, destinati a essere cambiati appena compare un modello pi\u00f9 economico o pi\u00f9 aggiornato. Ma<strong> la moto, storicamente, non \u00e8 mai stata solo un mezzo<\/strong>: era manutenzione, durata, memoria, chilometri condivisi. Quando questo legame si spezza, non cambia soltanto il mercato; cambia il significato stesso del viaggiare su due ruote, che da esperienza diventa semplice consumo.<\/p>\n\n\n\n<p><\/p>\n\n\n\n<p><\/p>\n\n\n\n<p>Forse, allora, la vera crisi non riguarda soltanto il numero di moto vendute in Europa, ma <strong>il modo in cui scegliamo di guardarle<\/strong>. Se diventano oggetti intercambiabili, destinati a durare poco e a significare ancora meno,<strong> perdiamo qualcosa che non compare in nessuna statistica<\/strong>: l\u2019idea che un viaggio possa cambiarci, che una strada possa restare nella memoria, che un mezzo meccanico possa raccontare una storia. Nella vignetta il mototurista lo sa gi\u00e0, mentre il ragazzo lo scoprir\u00e0 forse pi\u00f9 avanti, quando capir\u00e0 che risparmiare su tutto non rende automaticamente pi\u00f9 ricco il futuro. Perch\u00e9 una moto, in fondo, non \u00e8 mai solo una moto: \u00e8 il tempo che decidiamo di dedicarle \u2014 e quello che lei, silenziosamente, restituisce a noi.<\/p>\n\n\n\n<p><\/p>\n\n\n\n<div style=\"height:57px\" aria-hidden=\"true\" class=\"wp-block-spacer\"><\/div>\n\n\n\n<p>C\u2019\u00e8 una forma di ignoranza che non fa rumore: quella di chi guarda solo il risparmio immediato e non il mondo che lentamente si svuota attorno. Quando tutto viene valutato soltanto in base al prezzo, il lavoro diventa un costo da tagliare, la qualit\u00e0 un lusso inutile e il futuro un dettaglio trascurabile. \u00c8 cos\u00ec che si festeggia l\u2019affare di oggi senza accorgersi di aver gi\u00e0 pagato, in anticipo, il conto di domani. <\/p>\n\n\n\n<div style=\"height:52px\" aria-hidden=\"true\" class=\"wp-block-spacer\"><\/div>\n\n\n\n<p>Quando il prezzo diventa l\u2019unica misura, anche il lavoro si assottiglia, si disperde, fino a diventare <strong>meno per tutti e ovunque<\/strong>. La differenza non sta in ci\u00f2 che si compra, ma in ci\u00f2 che si sceglie di vedere<\/p>\n\n\n\n<p><\/p>\n\n\n\n<div style=\"height:49px\" aria-hidden=\"true\" class=\"wp-block-spacer\"><\/div>\n\n\n\n<p>il conto arriver\u00e0 comunque: meno produzione qui significa meno stipendi, meno competenze, meno opportunit\u00e0 \u2014 e alla fine <strong>meno lavoro per tutti, in ogni contesto<\/strong>.<\/p>\n\n\n\n<div style=\"height:49px\" aria-hidden=\"true\" class=\"wp-block-spacer\"><\/div>\n\n\n\n<p>E forse la crisi non nasce nei mercati, ma proprio in questo sguardo corto che confonde il prezzo pi\u00f9 basso con il valore pi\u00f9 alto.<\/p>\n\n\n\n<p><\/p>\n\n\n\n<p><\/p>\n\n\n\n<figure class=\"wp-block-image aligncenter size-large\"><img loading=\"lazy\" decoding=\"async\" width=\"1024\" height=\"683\" src=\"https:\/\/aquileingiro.net\/wp-content\/uploads\/2026\/02\/villa-1024x683.png\" alt=\"\" class=\"wp-image-5102\" srcset=\"https:\/\/aquileingiro.net\/wp-content\/uploads\/2026\/02\/villa-1024x683.png 1024w, https:\/\/aquileingiro.net\/wp-content\/uploads\/2026\/02\/villa-300x200.png 300w, https:\/\/aquileingiro.net\/wp-content\/uploads\/2026\/02\/villa-768x512.png 768w, https:\/\/aquileingiro.net\/wp-content\/uploads\/2026\/02\/villa.png 1536w\" sizes=\"auto, (max-width: 1024px) 100vw, 1024px\" \/><\/figure>\n\n\n\n<p><\/p>\n\n\n\n\n\n<p><\/p>\n\n\n\n<p><a href=\"http:\/\/\\\" title=\"\">Torna<\/a><\/p>\n\n\n\n<p><\/p>\n","protected":false},"excerpt":{"rendered":"<p>Negli ultimi anni si parla sempre pi\u00f9 spesso di una possibile crisi del settore moto in Europa: prezzi in aumento, normative ambientali pi\u00f9 stringenti, concorrenza globale aggressiva e giovani sempre [&hellip;]<\/p>\n","protected":false},"author":1,"featured_media":5100,"comment_status":"closed","ping_status":"closed","sticky":false,"template":"","format":"standard","meta":{"_eb_attr":"","advgb_blocks_editor_width":"","advgb_blocks_columns_visual_guide":"","_monsterinsights_skip_tracking":false,"_monsterinsights_sitenote_active":false,"_monsterinsights_sitenote_note":"","_monsterinsights_sitenote_category":0,"_uf_show_specific_survey":0,"_uf_disable_surveys":false,"_EventAllDay":false,"_EventTimezone":"","_EventStartDate":"","_EventEndDate":"","_EventStartDateUTC":"","_EventEndDateUTC":"","_EventShowMap":false,"_EventShowMapLink":false,"_EventURL":"","_EventCost":"","_EventCostDescription":"","_EventCurrencySymbol":"","_EventCurrencyCode":"","_EventCurrencyPosition":"","_EventDateTimeSeparator":"","_EventTimeRangeSeparator":"","_EventOrganizerID":[],"_EventVenueID":[],"_OrganizerEmail":"","_OrganizerPhone":"","_OrganizerWebsite":"","_VenueAddress":"","_VenueCity":"","_VenueCountry":"","_VenueProvince":"","_VenueState":"","_VenueZip":"","_VenuePhone":"","_VenueURL":"","_VenueStateProvince":"","_VenueLat":"","_VenueLng":"","_VenueShowMap":false,"_VenueShowMapLink":false,"footnotes":""},"categories":[1],"tags":[58,54,53,61,55,59,57,60],"class_list":["post-5099","post","type-post","status-publish","format-standard","has-post-thumbnail","hentry","category-blog","tag-cambio-generazionale","tag-concorrenza-sleale","tag-crisi-della-moto-in-europa","tag-da-moto-a-consumo","tag-dumping","tag-lavatrice-o-moto","tag-lavoro-incerto","tag-oggi-risparmio-ma-domani"],"aioseo_notices":[],"author_meta":{"display_name":"aquileingiro.net","author_link":"https:\/\/aquileingiro.net\/?author=1"},"featured_img":"https:\/\/aquileingiro.net\/wp-content\/uploads\/2026\/02\/risparmio-200x300.png","coauthors":[],"tax_additional":{"categories":{"linked":["<a href=\"https:\/\/aquileingiro.net\/?cat=1\" class=\"advgb-post-tax-term\">Blog<\/a>"],"unlinked":["<span class=\"advgb-post-tax-term\">Blog<\/span>"]},"tags":{"linked":["<a href=\"https:\/\/aquileingiro.net\/?cat=1\" class=\"advgb-post-tax-term\">cambio generazionale<\/a>","<a href=\"https:\/\/aquileingiro.net\/?cat=1\" class=\"advgb-post-tax-term\">concorrenza sleale<\/a>","<a href=\"https:\/\/aquileingiro.net\/?cat=1\" class=\"advgb-post-tax-term\">crisi della moto in europa<\/a>","<a href=\"https:\/\/aquileingiro.net\/?cat=1\" class=\"advgb-post-tax-term\">da moto a consumo<\/a>","<a href=\"https:\/\/aquileingiro.net\/?cat=1\" class=\"advgb-post-tax-term\">dumping<\/a>","<a href=\"https:\/\/aquileingiro.net\/?cat=1\" class=\"advgb-post-tax-term\">lavatrice o moto?<\/a>","<a href=\"https:\/\/aquileingiro.net\/?cat=1\" class=\"advgb-post-tax-term\">lavoro incerto<\/a>","<a href=\"https:\/\/aquileingiro.net\/?cat=1\" class=\"advgb-post-tax-term\">oggi risparmio ma domani<\/a>"],"unlinked":["<span class=\"advgb-post-tax-term\">cambio generazionale<\/span>","<span class=\"advgb-post-tax-term\">concorrenza sleale<\/span>","<span class=\"advgb-post-tax-term\">crisi della moto in europa<\/span>","<span class=\"advgb-post-tax-term\">da moto a consumo<\/span>","<span class=\"advgb-post-tax-term\">dumping<\/span>","<span class=\"advgb-post-tax-term\">lavatrice o moto?<\/span>","<span class=\"advgb-post-tax-term\">lavoro incerto<\/span>","<span class=\"advgb-post-tax-term\">oggi risparmio ma domani<\/span>"]}},"comment_count":"0","relative_dates":{"created":"Pubblicato 3 mesi fa","modified":"Aggiornato 3 mesi fa"},"absolute_dates":{"created":"Pubblicato il 11\/02\/2026","modified":"Aggiornato il 11\/02\/2026"},"absolute_dates_time":{"created":"Pubblicato il 11\/02\/2026 08:17","modified":"Aggiornato il 11\/02\/2026 08:21"},"featured_img_caption":"","series_order":"","_links":{"self":[{"href":"https:\/\/aquileingiro.net\/index.php?rest_route=\/wp\/v2\/posts\/5099","targetHints":{"allow":["GET"]}}],"collection":[{"href":"https:\/\/aquileingiro.net\/index.php?rest_route=\/wp\/v2\/posts"}],"about":[{"href":"https:\/\/aquileingiro.net\/index.php?rest_route=\/wp\/v2\/types\/post"}],"author":[{"embeddable":true,"href":"https:\/\/aquileingiro.net\/index.php?rest_route=\/wp\/v2\/users\/1"}],"replies":[{"embeddable":true,"href":"https:\/\/aquileingiro.net\/index.php?rest_route=%2Fwp%2Fv2%2Fcomments&post=5099"}],"version-history":[{"count":3,"href":"https:\/\/aquileingiro.net\/index.php?rest_route=\/wp\/v2\/posts\/5099\/revisions"}],"predecessor-version":[{"id":5105,"href":"https:\/\/aquileingiro.net\/index.php?rest_route=\/wp\/v2\/posts\/5099\/revisions\/5105"}],"wp:featuredmedia":[{"embeddable":true,"href":"https:\/\/aquileingiro.net\/index.php?rest_route=\/wp\/v2\/media\/5100"}],"wp:attachment":[{"href":"https:\/\/aquileingiro.net\/index.php?rest_route=%2Fwp%2Fv2%2Fmedia&parent=5099"}],"wp:term":[{"taxonomy":"category","embeddable":true,"href":"https:\/\/aquileingiro.net\/index.php?rest_route=%2Fwp%2Fv2%2Fcategories&post=5099"},{"taxonomy":"post_tag","embeddable":true,"href":"https:\/\/aquileingiro.net\/index.php?rest_route=%2Fwp%2Fv2%2Ftags&post=5099"}],"curies":[{"name":"wp","href":"https:\/\/api.w.org\/{rel}","templated":true}]}}