{"id":5254,"date":"2026-02-13T11:23:33","date_gmt":"2026-02-13T10:23:33","guid":{"rendered":"https:\/\/aquileingiro.net\/?p=5254"},"modified":"2026-02-13T11:38:00","modified_gmt":"2026-02-13T10:38:00","slug":"motociclismo-autentico-vs-tecnologia-satira","status":"publish","type":"post","link":"https:\/\/aquileingiro.net\/?p=5254","title":{"rendered":"Motociclismo autentico vs tecnologia estrema"},"content":{"rendered":"\n<p>Ora il titoletto Motociclismo autentico vs tecnologia estrema \u00e8 un po&#8217; forte. Forse.<br>Con questo &#8220;pensierone&#8221; voglio toccare due temi che mi stanno solleticando non poco negli ultimi tempi.<\/p>\n\n\n\n<p>Siamo sicuri che tutta questa overdose di elettronica e dispositivi sia davvero confacente allo spirito motociclistico ? <\/p>\n\n\n\n<p>\u00c8 <strong>pur vero che non esiste un modo unico e assoluto di intendere la moto<\/strong>, ma oggi vedo <strong>veicoli che assomigliano pi\u00f9 a raccoglitori di dati e sistemi audiovisivi in movimento che a mezzi meccanici<\/strong>.<\/p>\n\n\n\n<p><\/p>\n\n\n\n<div style=\"height:48px\" aria-hidden=\"true\" class=\"wp-block-spacer\"><\/div>\n\n\n\n<div style=\"height:48px\" aria-hidden=\"true\" class=\"wp-block-spacer\"><\/div>\n\n\n\n<h2 class=\"wp-block-heading\">Tecnologia estrema<\/h2>\n\n\n\n<div style=\"height:48px\" aria-hidden=\"true\" class=\"wp-block-spacer\"><\/div>\n\n\n\n<p><\/p>\n\n\n\n<p>Capisco che qualcuno possa avere la passione per la fotografia o per i video, ma oggi sembra che &#8216;apparire&#8217; sia diventato pi\u00f9 importante di &#8216;viaggiare&#8217;. Pare quasi che, senza documentare o strabiliare il prossimo, non si riesca a guadagnare<strong> lo status di motociclista o di grande viaggiatore<\/strong>. Ed ecco allora droni da migliaia di euro per realizzare dieci secondi di clip decenti dopo riprese di decine di minuti, o bastoni da un metro e mezzo che spuntano dalle moto per riprendersi costantemente alla guida. <br>&#8220;Ecco vedete&#8230;adesso faccio la curva&#8230;ecco vedete che spettacolo..ecco sentite ho fatto una puzzetta&#8230;&#8221;<\/p>\n\n\n\n<p><\/p>\n\n\n\n<p>Che bella l&#8217;epoca che quando vedevi spuntare qualcosa di lungo dalla moto in nord europa era una canna da pesca.<\/p>\n\n\n\n<p>L&#8217;asticella si sposta pi\u00f9 in l\u00e0. Ammenicoli di ripresa davanti dietro, sopra, sotto. <\/p>\n\n\n\n<p><\/p>\n\n\n\n<div style=\"height:68px\" aria-hidden=\"true\" class=\"wp-block-spacer\"><\/div>\n\n\n\n<h2 class=\"wp-block-heading\">tecnologia per se e sugli altri <\/h2>\n\n\n\n<div style=\"height:100px\" aria-hidden=\"true\" class=\"wp-block-spacer\"><\/div>\n\n\n\n<p>Tutta questa ossessione per la ripresa perfetta mi fa pensare che siamo finiti dritti dentro un nuovo <strong>The Truman Show<\/strong>. Con una <strong>differenza fondamentale<\/strong>: nel film, Jim Carrey cercava disperatamente di fuggire da un mondo dove ogni suo respiro era filmato a sua insaputa; il motociclista moderno, invece, le telecamere se le monta addosso da solo, ne compra a decine e le punta pure sugli altri. <\/p>\n\n\n\n<p><\/p>\n\n\n\n<div style=\"height:68px\" aria-hidden=\"true\" class=\"wp-block-spacer\"><\/div>\n\n\n\n<p>Quindi <strong>la soglia del personale \u00e8 stata superata<\/strong>: siamo arrivati alle riprese altrui. Tralasciando l&#8217;aspetto legale della privacy \u2014 se non posso riprendere la strada pubblica da casa mia, a maggior ragione non posso pubblicare filmati che coinvolgono altri motociclisti senza consenso \u2014 il problema \u00e8 etico. <\/p>\n\n\n\n<div style=\"height:44px\" aria-hidden=\"true\" class=\"wp-block-spacer\"><\/div>\n\n\n\n<p>Ci sono persone che si arrogano il diritto di giudicare lo stile e la modalit\u00e0 di guida degli altri, mettendo in rete video e commenti su posizione, velocit\u00e0, angolo di piega e assetto.<\/p>\n\n\n\n<p>MI chiedo a quando giudizi sull&#8217;aspetto fisico, la scelta del colore della moto o di dove si pernotta.<\/p>\n\n\n\n<p><\/p>\n\n\n\n<div style=\"height:72px\" aria-hidden=\"true\" class=\"wp-block-spacer\"><\/div>\n\n\n\n<p>Sia chiaro:<strong> se esci in moto per guardare (e criticare) gli altri, significa che hai un serio problema di ego<\/strong>. Di norma, chi sente il bisogno di sminuire il prossimo \u00e8 solo perch\u00e9 ha una disperata necessit\u00e0 di autoaffermazione.<\/p>\n\n\n\n<div style=\"height:34px\" aria-hidden=\"true\" class=\"wp-block-spacer\"><\/div>\n\n\n\n<p>Ma viene da chiedersi: da dove nasce questo livore? Forse <strong>non hai ricevuto i riconoscimenti che ti aspettavi <\/strong>nel settore? Vorresti che gli altri ti riconoscessero come un &#8220;maestro&#8221;, come il nuovo &#8220;guru&#8221; della guida? <\/p>\n\n\n\n<div style=\"height:57px\" aria-hidden=\"true\" class=\"wp-block-spacer\"><\/div>\n\n\n\n<h2 class=\"wp-block-heading\">Ma guru di cosa, esattamente?<\/h2>\n\n\n\n<div style=\"height:43px\" aria-hidden=\"true\" class=\"wp-block-spacer\"><\/div>\n\n\n\n<p>Se parliamo di rispetto delle regole e sicurezza, cerchiamo di essere onesti: se rispetti i limiti di velocit\u00e0 e il codice della strada, anche la nonna di 85 anni gira correttamente e con dignit\u00e0. Non serve una telecamera o un sensore d&#8217;assetto per dimostrare che sai stare al mondo.<\/p>\n\n\n\n<p><\/p>\n\n\n\n<div style=\"height:52px\" aria-hidden=\"true\" class=\"wp-block-spacer\"><\/div>\n\n\n\n<p>Se invece il tuo obiettivo \u00e8 fare le pulci agli altri \u2014 criticando l&#8217;angolo di piega o la posizione del gomito di un perfetto sconosciuto incontrato per strada \u2014 non stai facendo informazione, stai solo cercando di nutrire un ego che, evidentemente, non trova pace. Un vero motociclista non ha bisogno di ergersi a giudice per godersi il viaggio; <strong>chi ha bisogno di sminuire il &#8220;collega&#8221; di strada solitamente sta solo cercando di colmare un vuoto di riconoscimento che la moto, da sola, non riesce pi\u00f9 a dargli<\/strong>.<\/p>\n\n\n\n<p>Una volta usciti dal set, la moto resta &#8220;un pezzo di ferro&#8221; e noi restiamo soli con la nostra capacit\u00e0 (o incapacit\u00e0) di guidare. E l\u00ec, a telecamere spente, non c&#8217;\u00e8 regista che possa salvarti l&#8217;ego e non hai nessuno da giudicare se non te stesso.<\/p>\n\n\n\n<div style=\"height:45px\" aria-hidden=\"true\" class=\"wp-block-spacer\"><\/div>\n\n\n\n<p>Siamo passati dal piacere di guidare, fermarsi , respirare fare un pic nic<\/p>\n\n\n\n<p> al dovere di documentare come se tutto fosse una impresa epica. E i riferimenti chi sarebbero ? I piloti della pista ?<\/p>\n\n\n\n<div style=\"height:32px\" aria-hidden=\"true\" class=\"wp-block-spacer\"><\/div>\n\n\n\n<p><\/p>\n\n\n\n<figure class=\"wp-block-image size-large\"><img loading=\"lazy\" decoding=\"async\" width=\"1024\" height=\"683\" src=\"https:\/\/aquileingiro.net\/wp-content\/uploads\/2026\/02\/coppiaincampagnasumotoguzzi-1024x683.png\" alt=\"Vignetta in stile fumetto: una coppia sorride mentre percorre la campagna su una Moto Guzzi rossa. L\u2019uomo guida con casco nero e giacca di pelle marrone, la donna dietro con casco rosso e giacca beige lo abbraccia. La moto \u00e8 carica di bagagli da campeggio, con panini che spuntano dalle borse. Sullo sfondo colline verdi, fiori selvatici e montagne innevate sotto un cielo azzurro\" class=\"wp-image-5265\" srcset=\"https:\/\/aquileingiro.net\/wp-content\/uploads\/2026\/02\/coppiaincampagnasumotoguzzi-1024x683.png 1024w, https:\/\/aquileingiro.net\/wp-content\/uploads\/2026\/02\/coppiaincampagnasumotoguzzi-300x200.png 300w, https:\/\/aquileingiro.net\/wp-content\/uploads\/2026\/02\/coppiaincampagnasumotoguzzi-768x512.png 768w, https:\/\/aquileingiro.net\/wp-content\/uploads\/2026\/02\/coppiaincampagnasumotoguzzi.png 1536w\" sizes=\"auto, (max-width: 1024px) 100vw, 1024px\" \/><\/figure>\n\n\n\n<div style=\"height:54px\" aria-hidden=\"true\" class=\"wp-block-spacer\"><\/div>\n\n\n\n<p><br>Se non hai il drone che ti segue, la 360 sul manubrio e il microfono nel casco per commentare ogni curva, sembra che il tuo viaggio non abbia valore. <strong>Abbiamo trasformato la strada in un reality show<\/strong> dove non si cerca pi\u00f9 l&#8217;emozione, ma l&#8217;inquadratura che possa &#8216;strabiliare&#8217; il pubblico da casa.<\/p>\n\n\n\n<div style=\"height:51px\" aria-hidden=\"true\" class=\"wp-block-spacer\"><\/div>\n\n\n\n<h2 class=\"wp-block-heading\">TENDENZA FOLLE ANCHE SUI MEZZI<\/h2>\n\n\n\n<div style=\"height:82px\" aria-hidden=\"true\" class=\"wp-block-spacer\"><\/div>\n\n\n\n<p>Non bastavano i droni e le action-cam: ora anche le case costruttrici sembrano fare a gara a<strong> chi monta il &#8220;televisore&#8221; pi\u00f9 grande<\/strong>. Siamo arrivati a <strong>strumentazioni digitali enormi<\/strong>, display TFT sovradimensionati e talmente densi di informazioni da far invidia a un <strong>desktop professionale<\/strong>.<\/p>\n\n\n\n<p>Navigatore, pressione gomme, temperature di ogni tipo, notifiche dello smartphone, angoli di piega in tempo reale, mappe motore, livelli di intervento elettronico&#8230; sembra di stare davanti a un grafico della borsa di Milano in movimento invece che dietro a un manubrio. Ma siamo sicuri che tutta questa sovrabbondanza di dati sia utile mentre cerchi di goderti un passo appenninico?<\/p>\n\n\n\n<div style=\"height:26px\" aria-hidden=\"true\" class=\"wp-block-spacer\"><\/div>\n\n\n\n<p>Abbiamo trasformato la moto in un ufficio itinerante: un&#8217;overdose di dati che<strong> ci scollega dalla realt\u00e0 fisica del viaggio<\/strong>. Invece di &#8220;sentire&#8221; la moto attraverso le mani e il sedere, pretendiamo di &#8220;leggerla&#8221; su uno schermo. Ma la strada non \u00e8 un monitor, e la libert\u00e0 non dovrebbe avere  bisogno di un tasto &#8220;invio&#8221; o di convalide a bit. Non per noi perlomeno. <\/p>\n\n\n\n<p><\/p>\n\n\n\n<p><\/p>\n\n\n\n<figure class=\"wp-block-image aligncenter size-large\"><img loading=\"lazy\" decoding=\"async\" width=\"1024\" height=\"683\" src=\"https:\/\/aquileingiro.net\/wp-content\/uploads\/2026\/02\/ipertecnologia2-1024x683.png\" alt=\"\" class=\"wp-image-5264\" srcset=\"https:\/\/aquileingiro.net\/wp-content\/uploads\/2026\/02\/ipertecnologia2-1024x683.png 1024w, https:\/\/aquileingiro.net\/wp-content\/uploads\/2026\/02\/ipertecnologia2-300x200.png 300w, https:\/\/aquileingiro.net\/wp-content\/uploads\/2026\/02\/ipertecnologia2-768x512.png 768w, https:\/\/aquileingiro.net\/wp-content\/uploads\/2026\/02\/ipertecnologia2.png 1536w\" sizes=\"auto, (max-width: 1024px) 100vw, 1024px\" \/><\/figure>\n\n\n\n<p><\/p>\n\n\n\n<div style=\"height:65px\" aria-hidden=\"true\" class=\"wp-block-spacer\"><\/div>\n\n\n\n<h2 class=\"wp-block-heading\">Il giusto equilibrio: Quando la tecnologia \u00e8 al servizio del viaggio<\/h2>\n\n\n\n<div style=\"height:58px\" aria-hidden=\"true\" class=\"wp-block-spacer\"><\/div>\n\n\n\n<p>Non fraintendiamoci: non siamo luddisti che vogliono tornare alle mappe di carta che si strappano al primo soffio di vento. Anche se una non guasta mai..<\/p>\n\n\n\n<p>La tecnologia, se usata con equilibrio, \u00e8 una compagna di viaggio straordinaria.<\/p>\n\n\n\n<p>Prendete <strong><a href=\"https:\/\/motospia.it\/\" title=\"\">Massimo Ferrara<\/a><\/strong> (GuzzienduroMassimo) o <strong><a href=\"https:\/\/www.facebook.com\/adamo.valloni\" title=\"\">Adamo Valloni<\/a><\/strong>. Loro i chilometri li macinano sul serio. Che si tratti di un test da 12.000 km con una Moto Guzzi Stelvio, di attraversare l&#8217;Europa o di puntare la bussola verso la Patagonia, il loro approccio \u00e8 la prova che l&#8217;equilibrio \u00e8 possibile.<\/p>\n\n\n\n<p>In questi grandi viaggi, il GPS o la telemetria non sono &#8220;giocattoli&#8221; per vantarsi al bar o per analizzare il battito cardiaco mentre si guarda un tramonto. Sono strumenti:<\/p>\n\n\n\n<ul class=\"wp-block-list\">\n<li><strong>Massimo<\/strong> mette alla prova l&#8217;affidabilit\u00e0 meccanica e l&#8217;efficacia reale degli accessori nelle condizioni pi\u00f9 dure.Gli piace cambiare moto. E per forza&#8230;ci sono moto che in una vita non vedranno MAI la percorrenza sua in un anno.<\/li>\n\n\n\n<li><strong>Adamo<\/strong> ci ricorda che il viaggio \u00e8 scoperta di paesaggi e persone, non una collezione di schermate digitali.  Colleziona invece contatti e amicizie nel mondo.<\/li>\n<\/ul>\n\n\n\n<div style=\"height:38px\" aria-hidden=\"true\" class=\"wp-block-spacer\"><\/div>\n\n\n\n<p>Per loro, la tecnologia \u00e8 il &#8220;mezzo&#8221; per arrivare alla fine del mondo, non il &#8220;fine&#8221; del viaggio stesso. Non li vedrete mai con un radar sul casco mentre intorno la gente si tuffa in un lago: loro, nel lago, probabilmente ci si sono gi\u00e0 tuffati dopo aver guidato per dieci ore sotto il sole.<\/p>\n\n\n\n<div style=\"height:61px\" aria-hidden=\"true\" class=\"wp-block-spacer\"><\/div>\n\n\n\n<p>Se Massimo Ferrara e Adamo Valloni ci insegnano l&#8217;equilibrio della sostanza anche silenziosa , senza fronzoli, <strong>Francesco Cuccioletta e sua moglie<\/strong> ci ricordano che viaggiare in moto pu\u00f2  anche essere un atto intellettuale e di vero interesse prima ancora che meccanico.<\/p>\n\n\n\n<p>In tutti loro ,nelle loro avventure, la moto non \u00e8 un piedistallo per stupire con numeri da circo o grafici di telemetria, ma una porta girevole sul mondo. Sara, con la sua grande capacit\u00e0 di osservazione e la sua cultura, trasforma ogni tappa in un\u2019immersione profonda nella storia e nelle tradizioni locali. <\/p>\n\n\n\n<div style=\"height:85px\" aria-hidden=\"true\" class=\"wp-block-spacer\"><\/div>\n\n\n\n<p>Mentre il &#8220;motociclista iper-tecnologico&#8221; \u00e8 troppo impegnato a calibrare il drone, loro sono gi\u00e0 entrati nel cuore di un villaggio, pronti a spiegarci:<\/p>\n\n\n\n<ul class=\"wp-block-list\">\n<li><strong>La storia<\/strong> che si nasconde dietro un vecchio muro di pietra.<\/li>\n\n\n\n<li><strong>La cultura<\/strong> di un popolo incontrato lungo la strada.<\/li>\n\n\n\n<li><strong>Il senso del luogo<\/strong>, che nessun radar potr\u00e0 mai rilevare.<\/li>\n<\/ul>\n\n\n\n<p>Il loro esempio \u00e8 prezioso perch\u00e9 ci insegna che il &#8220;<strong>giusto equilibrio&#8221; significa anche saper spegnere il Bluetooth e accendere la curiosit\u00e0<\/strong>. Il viaggio di Fracesco e Sara non serve a raccogliere <em>like<\/em> per la velocit\u00e0 o l&#8217;angolo di piega, ma a collezionare conoscenze. Ci dimostrano che si pu\u00f2 viaggiare per migliaia di chilometri <strong>senza mai perdere di vista l&#8217;umanit\u00e0 e le caratterisctiche del territorio che stiamo attraversando<\/strong>.<\/p>\n\n\n\n<p><\/p>\n\n\n\n<div style=\"height:65px\" aria-hidden=\"true\" class=\"wp-block-spacer\"><\/div>\n\n\n\n<p>\u00c8 questa la differenza tra chi <strong>usa<\/strong> la moto e chi <strong>subisce<\/strong> la propria dotazione elettronica.<\/p>\n\n\n\n<div style=\"height:100px\" aria-hidden=\"true\" class=\"wp-block-spacer\"><\/div>\n\n\n\n<p>Possiamo essere il centauro-ufficio, prigioniero di un casco-centrale elettrica che ci isola dal mondo, che cerca di stupire con effetti speciali e colori ultravivaci..oppure possiamo guardare a questi esempi.<\/p>\n\n\n\n<p>Scegliere la concretezza di Ferrara e compagna, la passione solitaria di Valloni e la profondit\u00e0 culturale dei Cuccioletta significa tornare a fare l&#8217;unica cosa che conta davvero: <strong>vivere la strada, non analizzarla.<\/strong><\/p>\n\n\n\n<div style=\"height:45px\" aria-hidden=\"true\" class=\"wp-block-spacer\"><\/div>\n\n\n\n<p><\/p>\n\n\n\n<p><\/p>\n\n\n\n<p><a href=\"http:\/\/\\\" title=\"\">Torna<\/a><\/p>\n\n\n\n<p><\/p>\n","protected":false},"excerpt":{"rendered":"<p>Ora il titoletto Motociclismo autentico vs tecnologia estrema \u00e8 un po&#8217; forte. Forse.Con questo &#8220;pensierone&#8221; voglio toccare due temi che mi stanno solleticando non poco negli ultimi tempi. Siamo sicuri [&hellip;]<\/p>\n","protected":false},"author":1,"featured_media":5273,"comment_status":"closed","ping_status":"open","sticky":false,"template":"","format":"standard","meta":{"_eb_attr":"","advgb_blocks_editor_width":"","advgb_blocks_columns_visual_guide":"","_monsterinsights_skip_tracking":false,"_monsterinsights_sitenote_active":false,"_monsterinsights_sitenote_note":"","_monsterinsights_sitenote_category":0,"_uf_show_specific_survey":0,"_uf_disable_surveys":false,"_EventAllDay":false,"_EventTimezone":"","_EventStartDate":"","_EventEndDate":"","_EventStartDateUTC":"","_EventEndDateUTC":"","_EventShowMap":false,"_EventShowMapLink":false,"_EventURL":"","_EventCost":"","_EventCostDescription":"","_EventCurrencySymbol":"","_EventCurrencyCode":"","_EventCurrencyPosition":"","_EventDateTimeSeparator":"","_EventTimeRangeSeparator":"","_EventOrganizerID":[],"_EventVenueID":[],"_OrganizerEmail":"","_OrganizerPhone":"","_OrganizerWebsite":"","_VenueAddress":"","_VenueCity":"","_VenueCountry":"","_VenueProvince":"","_VenueState":"","_VenueZip":"","_VenuePhone":"","_VenueURL":"","_VenueStateProvince":"","_VenueLat":"","_VenueLng":"","_VenueShowMap":false,"_VenueShowMapLink":false,"footnotes":""},"categories":[1],"tags":[92,87,89,94,84,91,90,85,86,93,95],"class_list":["post-5254","post","type-post","status-publish","format-standard","has-post-thumbnail","hentry","category-blog","tag-apparire-e-non-viaggiare","tag-bastoncino-sulla-moto","tag-drone-per-la-moto","tag-esporre-un-viaggio","tag-iperconnessi","tag-mancanza-di-ego","tag-riprese-di-altri-motociclisti","tag-schermo-tft","tag-telecamera","tag-viaggiare-senza-fronzoli","tag-viaggiatori-di-sostanza"],"aioseo_notices":[],"author_meta":{"display_name":"aquileingiro.net","author_link":"https:\/\/aquileingiro.net\/?author=1"},"featured_img":"https:\/\/aquileingiro.net\/wp-content\/uploads\/2026\/02\/Motociclismo-autentico-vs-tecnologia-estrema-300x158.png","coauthors":[],"tax_additional":{"categories":{"linked":["<a href=\"https:\/\/aquileingiro.net\/?cat=1\" class=\"advgb-post-tax-term\">Blog<\/a>"],"unlinked":["<span class=\"advgb-post-tax-term\">Blog<\/span>"]},"tags":{"linked":["<a href=\"https:\/\/aquileingiro.net\/?cat=1\" class=\"advgb-post-tax-term\">apparire e non viaggiare<\/a>","<a href=\"https:\/\/aquileingiro.net\/?cat=1\" class=\"advgb-post-tax-term\">bastoncino sulla moto<\/a>","<a href=\"https:\/\/aquileingiro.net\/?cat=1\" class=\"advgb-post-tax-term\">drone per la moto<\/a>","<a href=\"https:\/\/aquileingiro.net\/?cat=1\" class=\"advgb-post-tax-term\">esporre un viaggio<\/a>","<a href=\"https:\/\/aquileingiro.net\/?cat=1\" class=\"advgb-post-tax-term\">iperconnessi<\/a>","<a href=\"https:\/\/aquileingiro.net\/?cat=1\" class=\"advgb-post-tax-term\">mancanza di ego<\/a>","<a href=\"https:\/\/aquileingiro.net\/?cat=1\" class=\"advgb-post-tax-term\">riprese di altri motociclisti<\/a>","<a href=\"https:\/\/aquileingiro.net\/?cat=1\" class=\"advgb-post-tax-term\">schermo tft<\/a>","<a href=\"https:\/\/aquileingiro.net\/?cat=1\" class=\"advgb-post-tax-term\">telecamera<\/a>","<a href=\"https:\/\/aquileingiro.net\/?cat=1\" class=\"advgb-post-tax-term\">viaggiare senza fronzoli<\/a>","<a href=\"https:\/\/aquileingiro.net\/?cat=1\" class=\"advgb-post-tax-term\">viaggiatori di sostanza<\/a>"],"unlinked":["<span class=\"advgb-post-tax-term\">apparire e non viaggiare<\/span>","<span class=\"advgb-post-tax-term\">bastoncino sulla moto<\/span>","<span class=\"advgb-post-tax-term\">drone per la moto<\/span>","<span class=\"advgb-post-tax-term\">esporre un viaggio<\/span>","<span class=\"advgb-post-tax-term\">iperconnessi<\/span>","<span class=\"advgb-post-tax-term\">mancanza di ego<\/span>","<span class=\"advgb-post-tax-term\">riprese di altri motociclisti<\/span>","<span class=\"advgb-post-tax-term\">schermo tft<\/span>","<span class=\"advgb-post-tax-term\">telecamera<\/span>","<span class=\"advgb-post-tax-term\">viaggiare senza fronzoli<\/span>","<span class=\"advgb-post-tax-term\">viaggiatori di sostanza<\/span>"]}},"comment_count":"0","relative_dates":{"created":"Pubblicato 2 mesi fa","modified":"Aggiornato 2 mesi fa"},"absolute_dates":{"created":"Pubblicato il 13\/02\/2026","modified":"Aggiornato il 13\/02\/2026"},"absolute_dates_time":{"created":"Pubblicato il 13\/02\/2026 11:23","modified":"Aggiornato il 13\/02\/2026 11:38"},"featured_img_caption":"","series_order":"","_links":{"self":[{"href":"https:\/\/aquileingiro.net\/index.php?rest_route=\/wp\/v2\/posts\/5254","targetHints":{"allow":["GET"]}}],"collection":[{"href":"https:\/\/aquileingiro.net\/index.php?rest_route=\/wp\/v2\/posts"}],"about":[{"href":"https:\/\/aquileingiro.net\/index.php?rest_route=\/wp\/v2\/types\/post"}],"author":[{"embeddable":true,"href":"https:\/\/aquileingiro.net\/index.php?rest_route=\/wp\/v2\/users\/1"}],"replies":[{"embeddable":true,"href":"https:\/\/aquileingiro.net\/index.php?rest_route=%2Fwp%2Fv2%2Fcomments&post=5254"}],"version-history":[{"count":14,"href":"https:\/\/aquileingiro.net\/index.php?rest_route=\/wp\/v2\/posts\/5254\/revisions"}],"predecessor-version":[{"id":5272,"href":"https:\/\/aquileingiro.net\/index.php?rest_route=\/wp\/v2\/posts\/5254\/revisions\/5272"}],"wp:featuredmedia":[{"embeddable":true,"href":"https:\/\/aquileingiro.net\/index.php?rest_route=\/wp\/v2\/media\/5273"}],"wp:attachment":[{"href":"https:\/\/aquileingiro.net\/index.php?rest_route=%2Fwp%2Fv2%2Fmedia&parent=5254"}],"wp:term":[{"taxonomy":"category","embeddable":true,"href":"https:\/\/aquileingiro.net\/index.php?rest_route=%2Fwp%2Fv2%2Fcategories&post=5254"},{"taxonomy":"post_tag","embeddable":true,"href":"https:\/\/aquileingiro.net\/index.php?rest_route=%2Fwp%2Fv2%2Ftags&post=5254"}],"curies":[{"name":"wp","href":"https:\/\/api.w.org\/{rel}","templated":true}]}}