{"id":5278,"date":"2026-02-23T19:20:14","date_gmt":"2026-02-23T18:20:14","guid":{"rendered":"https:\/\/aquileingiro.net\/?p=5278"},"modified":"2026-02-23T19:20:51","modified_gmt":"2026-02-23T18:20:51","slug":"donne-in-moto-e-social-il-paradosso-dei-like-tra-emancipazione-e-autoghettizzazione","status":"publish","type":"post","link":"https:\/\/aquileingiro.net\/?p=5278","title":{"rendered":"Donne in Moto e Social: Il Paradosso dei Like tra Emancipazione e Autoghettizzazione"},"content":{"rendered":"\n<p><\/p>\n\n\n\n<p><\/p>\n\n\n\n<p>Donne in Moto e Social: Basta una foto in moto. Accompagnata da una frase qualsiasi. Anche la pi\u00f9 innocua, la pi\u00f9 vuota, la pi\u00f9 intercambiabile:<\/p>\n\n\n\n<div style=\"height:63px\" aria-hidden=\"true\" class=\"wp-block-spacer\"><\/div>\n\n\n\n<p>\u201cVivi ogni giorno al massimo.\u201d<br>\u201cSegui i tuoi sogni.\u201d<br>\u201cOggi si gira.\u201d<\/p>\n\n\n\n<p>&#8220;Nata per guidare e piegare..&#8221;<\/p>\n\n\n\n<div style=\"height:63px\" aria-hidden=\"true\" class=\"wp-block-spacer\"><\/div>\n\n\n\n<p>Eppure, poi sotto a quel post, si accede ad una galassia. Anzi due. Diverse.<\/p>\n\n\n\n<p><strong>Abbiamo fatto la prova:<\/strong> stessa moto, stesso identico luogo, stessa frase didascalica. Ma con due persone diverse. Di sesso.<\/p>\n\n\n\n<p><strong><mark style=\"background-color:#f78da7\" class=\"has-inline-color\">Quando a pubblicare \u00e8 Lei<\/mark><\/strong>, arrivano in massa.<br>Non c&#8217;\u00e8 nulla da fare , \u00e8 pi\u00f9 forte di loro: uomini di ogni et\u00e0, cilindrata e chilometraggio, forma dimensione e latitudine ,stato civile, pronti a pendere da ogni singola parola, a vivisezionare ogni pixel della foto. Consigli a profusione non richiesti. Non attinenti.<\/p>\n\n\n\n<p>Non \u00e8 ammirazione per il pensiero espresso, ma una schiera di sguardi digitali tesi all&#8217;approccio, dove la moto diventa solo uno sfondo e la frase un gancio per tentare la sorte nel feed.<\/p>\n\n\n\n<p>Commenti entusiasti, complimenti sproporzionati, frasi motivazionali di ritorno, cuoricini, fuochi, applausi virtuali , di dove sei, quanti anni hai , ah che bello il tuo segno zodiacale..il tuo casco, etc&#8230; Oppure gli haters. A prescindere. Quelli che si sentono minacciati nella loro virilit\u00e0 e devono sminuire. Ne parliamo dopo&#8230;<\/p>\n\n\n\n<div style=\"height:41px\" aria-hidden=\"true\" class=\"wp-block-spacer\"><\/div>\n\n\n\n<p>E a parit\u00e0 di contenuto ( zero) , riflessioni (nessuna) , originalit\u00e0 (non pervenuta) sotto quel post, la differenza c&#8217;\u00e8 e si misura. E si monetizza pure.<br><\/p>\n\n\n\n<div style=\"height:41px\" aria-hidden=\"true\" class=\"wp-block-spacer\"><\/div>\n\n\n\n<p><mark style=\"background-color:#8ed1fc\" class=\"has-inline-color\">Pubblica Lui nello <strong>stesso identico contesto:<\/strong><\/mark> Nessun commento entusiasta, nessun complimento sproporzionato, nessun cuoricino o fiamma virtuale.<\/p>\n\n\n\n<p>Se proprio proprio, riconoscendo il luogo spunta qualcuno che inevitabilmente scrive: &#8220;IO L&#8217;ho fatto 7000 volte 50 anni fa nudo , con le gomme sgonfie e senza benzina! Dovresti vedere questo o quello mica quella roba li..&#8221;<\/p>\n\n\n\n<p>La moto resta un mezzo, la frase un insieme di parole, e il feed un luogo indifferente.<br><\/p>\n\n\n\n<p><br>Perch\u00e8 \u00e8 cos\u00ec. Perch\u00e8 la prova \u00e8 stata fatta con una mia amica. <\/p>\n\n\n\n<p>Un riflesso antropologico ma traslato nel mondo digitale ?<\/p>\n\n\n\n<p>Deserti virtuali di disagi reali ?<\/p>\n\n\n\n<div style=\"height:39px\" aria-hidden=\"true\" class=\"wp-block-spacer\"><\/div>\n\n\n\n<p>La moto diventa dettaglio.<br>La frase diventa pretesto.<br>Il feed diventa esistenza.<\/p>\n\n\n\n<p><\/p>\n\n\n\n<div style=\"height:39px\" aria-hidden=\"true\" class=\"wp-block-spacer\"><\/div>\n\n\n\n<p><\/p>\n\n\n\n<p>In questo meccanismo, per\u00f2, si annida a mio modo di vedere un\u2019insidia sottile: l\u2019<strong>autoghettizzazione<\/strong>. Nel tentativo di distinguersi, si finisce per rinchiudersi volontariamente in recinti dorati. <\/p>\n\n\n\n<div style=\"height:55px\" aria-hidden=\"true\" class=\"wp-block-spacer\"><\/div>\n\n\n\n<h2 class=\"wp-block-heading\">Differenza. Perch\u00e8 ?<\/h2>\n\n\n\n<div style=\"height:26px\" aria-hidden=\"true\" class=\"wp-block-spacer\"><\/div>\n\n\n\n<p>Si creano etichette, categorie e sotto-categorie: \u201cdonne biker\u201d, \u201ccommunity al femminile\u201d, \u201craduni rosa\u201d. Come se l\u2019uguaglianza avesse bisogno di un recinto protetto o di una vetrina separata per esistere. \u00c8 il paradosso della segregazione scelta: celebrando la propria &#8220;diversit\u00e0&#8221; come un club esclusivo, si finisce per confermare l&#8217;idea che una donna su due ruote sia ancora un&#8217;eccezione da guardare sotto una lente speciale, anzich\u00e9 una normalit\u00e0 da vivere. <br>Come a sottointendere che il modo di vivere la moto sia diverso in base al sesso. <br>Oh intendiamoci&#8230; i gruppi ci sono eccome. Quelli che non accettano queste moto e quelli che escono solo con quei tipi di moto. Ma qui stiamo &#8220;parlando&#8221; di basi sociali trasversali..e non di club dedicati ad un mezzo. Perch\u00e8 appunto la differenza \u00e8 o dovrebbe al limite essere l&#8217;oggetto meccanico e la destinazione d&#8217;uso..<br><mark style=\"background-color:#FCC263\" class=\"has-inline-color\">Ma se si avverte questa necessit\u00e0 di diffenza di genere, la domanda \u00e8 :chi la st\u00e0 creando realmente ?<\/mark><\/p>\n\n\n\n<p><\/p>\n\n\n\n<div style=\"height:49px\" aria-hidden=\"true\" class=\"wp-block-spacer\"><\/div>\n\n\n\n<p>Viviamo un un sistema che alimenta la cultura dei <strong>falsi traguardi<\/strong>. Ci si convince che il numero di followers, l\u2019approvazione della massa o il posizionamento come &#8220;influencer di settore&#8221; siano sinonimi di emancipazione o di competenza motociclistica. <\/p>\n\n\n\n<div style=\"height:48px\" aria-hidden=\"true\" class=\"wp-block-spacer\"><\/div>\n\n\n\n<p>Ma sono traguardi di carta, che non si misurano in chilometri percorsi o consapevolezza tecnica, bens\u00ec in engagement.E peraltro ne i km ne la competenza ne l&#8217;abilit\u00e0 alla guida in realt\u00e0 sanciscono la profondit\u00e0 di una passione semplice ed autentica.<br>C&#8217;\u00e8 chi della propria abilit\u00e0 ne ha fatto un professione e chi invece dei km una vetrina pubblica con riflettori e inquadrature sempre accesi su s\u00e8 stessi, dalla colazione al momento in cui si corica. Ma questo trascende l&#8217;aspetto motociclistico.<br>Ok. \u00e8 normale&#8230;.in Internet \u00e8 la vittoria dell&#8217;apparire sull&#8217;essere: il successo social diventa un surrogato del valore reale, un obiettivo che appaga l&#8217;ego ma non arricchisce l&#8217;esperienza della strada e della vita. E le relazioni reali.<\/p>\n\n\n\n<div style=\"height:38px\" aria-hidden=\"true\" class=\"wp-block-spacer\"><\/div>\n\n\n\n<figure class=\"wp-block-image aligncenter size-full\"><img loading=\"lazy\" decoding=\"async\" width=\"1024\" height=\"1024\" src=\"https:\/\/aquileingiro.net\/wp-content\/uploads\/2026\/02\/remoteguzzi.png\" alt=\"\" class=\"wp-image-5341\" srcset=\"https:\/\/aquileingiro.net\/wp-content\/uploads\/2026\/02\/remoteguzzi.png 1024w, https:\/\/aquileingiro.net\/wp-content\/uploads\/2026\/02\/remoteguzzi-300x300.png 300w, https:\/\/aquileingiro.net\/wp-content\/uploads\/2026\/02\/remoteguzzi-150x150.png 150w, https:\/\/aquileingiro.net\/wp-content\/uploads\/2026\/02\/remoteguzzi-768x768.png 768w\" sizes=\"auto, (max-width: 1024px) 100vw, 1024px\" \/><\/figure>\n\n\n\n<div style=\"height:38px\" aria-hidden=\"true\" class=\"wp-block-spacer\"><\/div>\n\n\n\n<p>Ebbene si. <strong>Le viaggiatrici in moto e le motocicliste ci sono sempre state. <\/strong>Meno nei numeri ma il pionerismo \u00e8 finito da tantissimo tempo.<br>Lara nel 1986 , in sella ad una Gilera Fast Bike bianca andando a scuola mi seminava e poi mi aspettava.Se ne aveva voglia.<\/p>\n\n\n\n<p><br>Cinzia nel 1980 girava l&#8217;italia in sella al suo gilera TG1. <br>Paola negli stessi anni usava la honda cb125. Nera. Con una riga rossa sul serbatoio.<\/p>\n\n\n\n<p>La parcheggiava sempre vicino ai contatori della corrente del grande palazzo popolare. La usava quotidianamente quando gli inverni erano quelli di -10 sottozero.<br>Li,  accanto a te reali e vicine. Avevano la moto e la usavano. Non esistevano nemmeno le giacche sfiancate&#8230;<\/p>\n\n\n\n<div style=\"height:37px\" aria-hidden=\"true\" class=\"wp-block-spacer\"><\/div>\n\n\n\n<p>C&#8217;erano ragazze che montavano polini, pulegge e armeggiavano con marmitte proma e getti di carburatori. Ovviamente prima di loro tante , tante altre per fortuna.<\/p>\n\n\n\n<div style=\"height:51px\" aria-hidden=\"true\" class=\"wp-block-spacer\"><\/div>\n\n\n\n<figure class=\"wp-block-image aligncenter size-full is-resized\"><img loading=\"lazy\" decoding=\"async\" width=\"304\" height=\"270\" src=\"https:\/\/aquileingiro.net\/wp-content\/uploads\/2026\/02\/acrobate1.webp\" alt=\"foro d'epcoca in bianco e enero con ragazze acrobate sulla moto\" class=\"wp-image-5319\" style=\"width:546px;height:auto\" srcset=\"https:\/\/aquileingiro.net\/wp-content\/uploads\/2026\/02\/acrobate1.webp 304w, https:\/\/aquileingiro.net\/wp-content\/uploads\/2026\/02\/acrobate1-300x266.webp 300w\" sizes=\"auto, (max-width: 304px) 100vw, 304px\" \/><\/figure>\n\n\n\n<div style=\"height:63px\" aria-hidden=\"true\" class=\"wp-block-spacer\"><\/div>\n\n\n\n<p><\/p>\n\n\n\n<p>Qui arriviamo ad un nodo della questione: <strong>o il sesso \u00e8 un fattore differenziale importante <mark style=\"background-color:#FCC263;color:#000000\" class=\"has-inline-color\">per alcune<\/mark> o non lo \u00e8.<\/strong> <br><br><br>Sembra nei social venga attenzionato quando fa comodo \u2014 per gonfiare l&#8217;ego \u2014 e ignorato (o usato come accusa di sessismo) quando fa altrettanto comodo. Volere i numeri della &#8216;divinit\u00e0&#8217; senza accettare il rumore dei &#8216;fedeli&#8217; \u00e8 un&#8217;illusione puerile o, peggio, una strategia di vittimismo calcolato.<br><br><\/p>\n\n\n\n<p>Il motivo \u00e8 semplice: <strong>la centralit\u00e0 per alcune non \u00e8 pi\u00f9 la moto, non \u00e8 il viaggio, non \u00e8 il paesaggio e non \u00e8 la storia. La centralit\u00e0 \u00e8 Lei.<\/strong> La strada diventa un set, il panorama un filtro sfuocato e la motocicletta un semplice accessorio di scena, utile solo a giustificare la propria presenza online. <strong><mark style=\"background-color:#FCC263\" class=\"has-inline-color\">Quando<\/mark> <\/strong>l\u2019obiettivo non inquadra pi\u00f9 la libert\u00e0 del movimento ma <strong><mark style=\"background-color:#FCC263\" class=\"has-inline-color\">si sposta ossessivamente sul soggetto<\/mark><\/strong>, la passione diventa un pretesto.<\/p>\n\n\n\n<div style=\"height:40px\" aria-hidden=\"true\" class=\"wp-block-spacer\"><\/div>\n\n\n\n<figure class=\"wp-block-image aligncenter size-full\"><img loading=\"lazy\" decoding=\"async\" width=\"1024\" height=\"1024\" src=\"https:\/\/aquileingiro.net\/wp-content\/uploads\/2026\/02\/hw3.png\" alt=\"\" class=\"wp-image-5342\" srcset=\"https:\/\/aquileingiro.net\/wp-content\/uploads\/2026\/02\/hw3.png 1024w, https:\/\/aquileingiro.net\/wp-content\/uploads\/2026\/02\/hw3-300x300.png 300w, https:\/\/aquileingiro.net\/wp-content\/uploads\/2026\/02\/hw3-150x150.png 150w, https:\/\/aquileingiro.net\/wp-content\/uploads\/2026\/02\/hw3-768x768.png 768w\" sizes=\"auto, (max-width: 1024px) 100vw, 1024px\" \/><\/figure>\n\n\n\n<div style=\"height:40px\" aria-hidden=\"true\" class=\"wp-block-spacer\"><\/div>\n\n\n\n<p><br>Per coloro che hanno scambiato la strada per un set e la passione per un carosello di like, recitando la parte di chi cerca il consenso ma poi si scandalizza per averlo ottenuto non coerenti con le aspettative nelle sfumature.<\/p>\n\n\n\n<div style=\"height:44px\" aria-hidden=\"true\" class=\"wp-block-spacer\"><\/div>\n\n\n\n<p><\/p>\n\n\n\n<p><strong>Se decidi di mettere te stessa al centro del mirino, usando il tuo genere come leva primaria di visibilit\u00e0, \u00e8 inevitabile che tu riceva anche attenzioni che con la meccanica non hanno nulla a che fare.<\/strong> Non puoi pretendere di vendere un\u2019immagine basata sulla tua figura e poi gridare al \u2018maschilismo\u2019 se il pubblico risponde a quell&#8217;esca invece che discutere della pressione delle gomme, del problema delle valvole piuttosto che del tracciato GPS si concentra su te.<\/p>\n\n\n\n<div style=\"height:44px\" aria-hidden=\"true\" class=\"wp-block-spacer\"><\/div>\n\n\n\n<p><\/p>\n\n\n\n<p><strong>Di che parliamo, quindi, nel 2026? Quando alcune donne stesse, consapevoli di questo meccanismo, cercano e si compiacciono attivamente di queste attenzioni differenziate ?<\/strong> Quando il like diventa moneta, il complimento un rinforzo all&#8217;evanescenza e l&#8217;approccio online una conferma di visibilit\u00e0 e un desiderio di esibizione ? <strong>Forse la vera parit\u00e0 sarebbe smettere di dividere. Smettere di sorprendersi. Smettere di fare eccezioni. <br>Una persona in moto \u00e8 una persona in moto<\/strong>.<\/p>\n\n\n\n<div style=\"height:49px\" aria-hidden=\"true\" class=\"wp-block-spacer\"><\/div>\n\n\n\n<figure class=\"wp-block-image size-full\"><img loading=\"lazy\" decoding=\"async\" width=\"1024\" height=\"1024\" src=\"https:\/\/aquileingiro.net\/wp-content\/uploads\/2026\/02\/gruppo.png\" alt=\"\" class=\"wp-image-5345\" srcset=\"https:\/\/aquileingiro.net\/wp-content\/uploads\/2026\/02\/gruppo.png 1024w, https:\/\/aquileingiro.net\/wp-content\/uploads\/2026\/02\/gruppo-300x300.png 300w, https:\/\/aquileingiro.net\/wp-content\/uploads\/2026\/02\/gruppo-150x150.png 150w, https:\/\/aquileingiro.net\/wp-content\/uploads\/2026\/02\/gruppo-768x768.png 768w\" sizes=\"auto, (max-width: 1024px) 100vw, 1024px\" \/><\/figure>\n\n\n\n<div style=\"height:49px\" aria-hidden=\"true\" class=\"wp-block-spacer\"><\/div>\n\n\n\n<p>E poi c&#8217;\u00e8 l&#8217;altro lato della medaglia: <strong>la schiera dei frustrati.<\/strong> Insieme all&#8217;adulazione, il post attira inevitabilmente i <strong>veri haters<\/strong>. Uomini che, dietro lo schermo di un PC, sfogano la propria insoddisfazione personale attraverso il livore. Sono quelli che non perdonano la visibilit\u00e0 altrui, che <strong>si sentono minacciati da una donna che cavalca una moto <\/strong> meglio di loro e che <strong>vomitano sentenze cariche di acredine<\/strong>. \u00c8 la rabbia di chi ha scambiato la passione per una guerra di posizione, trasformando il feed in uno sfogatoio per le proprie mancanze o inadeguatezze.<\/p>\n\n\n\n<p>Si attirano anche quelli. E&#8217; la legge dei numeri. <br><\/p>\n\n\n\n<p><\/p>\n\n\n\n<p>Sui social lo sappiamo non sempre vince la sostanza, e troppo spesso si dimentica che le donne in moto ci vanno da quasi un secolo, per passione, per libert\u00e0, per scelta, per muoversi e muovere il mondo , per trasportare persone, idee \u2014 non per chiudersi in un ghetto digitale o rincorrere like che, alla fine del viaggio e soprattuto quando si spegne il telefono non portano nessuno a destinazione.<\/p>\n\n\n\n<div style=\"height:50px\" aria-hidden=\"true\" class=\"wp-block-spacer\"><\/div>\n\n\n\n<figure class=\"wp-block-image size-full\"><img loading=\"lazy\" decoding=\"async\" width=\"1024\" height=\"1024\" src=\"https:\/\/aquileingiro.net\/wp-content\/uploads\/2026\/02\/donnamoto.png\" alt=\"\" class=\"wp-image-5334\" srcset=\"https:\/\/aquileingiro.net\/wp-content\/uploads\/2026\/02\/donnamoto.png 1024w, https:\/\/aquileingiro.net\/wp-content\/uploads\/2026\/02\/donnamoto-300x300.png 300w, https:\/\/aquileingiro.net\/wp-content\/uploads\/2026\/02\/donnamoto-150x150.png 150w, https:\/\/aquileingiro.net\/wp-content\/uploads\/2026\/02\/donnamoto-768x768.png 768w\" sizes=\"auto, (max-width: 1024px) 100vw, 1024px\" \/><\/figure>\n\n\n\n<p><\/p>\n\n\n\n<p><a href=\"\/\" title=\"\">Torna<\/a><\/p>\n\n\n\n<p><\/p>\n","protected":false},"excerpt":{"rendered":"<p>Donne in Moto e Social: Basta una foto in moto. Accompagnata da una frase qualsiasi. Anche la pi\u00f9 innocua, la pi\u00f9 vuota, la pi\u00f9 intercambiabile: \u201cVivi ogni giorno al massimo.\u201d\u201cSegui [&hellip;]<\/p>\n","protected":false},"author":1,"featured_media":5332,"comment_status":"closed","ping_status":"open","sticky":false,"template":"","format":"standard","meta":{"_eb_attr":"","advgb_blocks_editor_width":"","advgb_blocks_columns_visual_guide":"","_monsterinsights_skip_tracking":false,"_monsterinsights_sitenote_active":false,"_monsterinsights_sitenote_note":"","_monsterinsights_sitenote_category":0,"_uf_show_specific_survey":0,"_uf_disable_surveys":false,"_EventAllDay":false,"_EventTimezone":"","_EventStartDate":"","_EventEndDate":"","_EventStartDateUTC":"","_EventEndDateUTC":"","_EventShowMap":false,"_EventShowMapLink":false,"_EventURL":"","_EventCost":"","_EventCostDescription":"","_EventCurrencySymbol":"","_EventCurrencyCode":"","_EventCurrencyPosition":"","_EventDateTimeSeparator":"","_EventTimeRangeSeparator":"","_EventOrganizerID":[],"_EventVenueID":[],"_OrganizerEmail":"","_OrganizerPhone":"","_OrganizerWebsite":"","_VenueAddress":"","_VenueCity":"","_VenueCountry":"","_VenueProvince":"","_VenueState":"","_VenueZip":"","_VenuePhone":"","_VenueURL":"","_VenueStateProvince":"","_VenueLat":"","_VenueLng":"","_VenueShowMap":false,"_VenueShowMapLink":false,"footnotes":""},"categories":[1],"tags":[96,98,99],"class_list":["post-5278","post","type-post","status-publish","format-standard","has-post-thumbnail","hentry","category-blog","tag-donne-in-moto","tag-emancipazione-e-moto","tag-moto-da-donne"],"aioseo_notices":[],"author_meta":{"display_name":"aquileingiro.net","author_link":"https:\/\/aquileingiro.net\/?author=1"},"featured_img":"https:\/\/aquileingiro.net\/wp-content\/uploads\/2026\/02\/girlpower-1-300x158.png","coauthors":[],"tax_additional":{"categories":{"linked":["<a href=\"https:\/\/aquileingiro.net\/?cat=1\" class=\"advgb-post-tax-term\">Blog<\/a>"],"unlinked":["<span class=\"advgb-post-tax-term\">Blog<\/span>"]},"tags":{"linked":["<a href=\"https:\/\/aquileingiro.net\/?cat=1\" class=\"advgb-post-tax-term\">donne in moto<\/a>","<a href=\"https:\/\/aquileingiro.net\/?cat=1\" class=\"advgb-post-tax-term\">emancipazione e moto<\/a>","<a href=\"https:\/\/aquileingiro.net\/?cat=1\" class=\"advgb-post-tax-term\">moto da donne<\/a>"],"unlinked":["<span class=\"advgb-post-tax-term\">donne in moto<\/span>","<span class=\"advgb-post-tax-term\">emancipazione e moto<\/span>","<span class=\"advgb-post-tax-term\">moto da donne<\/span>"]}},"comment_count":"0","relative_dates":{"created":"Pubblicato 2 mesi fa","modified":"Aggiornato 2 mesi fa"},"absolute_dates":{"created":"Pubblicato il 23\/02\/2026","modified":"Aggiornato il 23\/02\/2026"},"absolute_dates_time":{"created":"Pubblicato il 23\/02\/2026 19:20","modified":"Aggiornato il 23\/02\/2026 19:20"},"featured_img_caption":"","series_order":"","_links":{"self":[{"href":"https:\/\/aquileingiro.net\/index.php?rest_route=\/wp\/v2\/posts\/5278","targetHints":{"allow":["GET"]}}],"collection":[{"href":"https:\/\/aquileingiro.net\/index.php?rest_route=\/wp\/v2\/posts"}],"about":[{"href":"https:\/\/aquileingiro.net\/index.php?rest_route=\/wp\/v2\/types\/post"}],"author":[{"embeddable":true,"href":"https:\/\/aquileingiro.net\/index.php?rest_route=\/wp\/v2\/users\/1"}],"replies":[{"embeddable":true,"href":"https:\/\/aquileingiro.net\/index.php?rest_route=%2Fwp%2Fv2%2Fcomments&post=5278"}],"version-history":[{"count":67,"href":"https:\/\/aquileingiro.net\/index.php?rest_route=\/wp\/v2\/posts\/5278\/revisions"}],"predecessor-version":[{"id":5538,"href":"https:\/\/aquileingiro.net\/index.php?rest_route=\/wp\/v2\/posts\/5278\/revisions\/5538"}],"wp:featuredmedia":[{"embeddable":true,"href":"https:\/\/aquileingiro.net\/index.php?rest_route=\/wp\/v2\/media\/5332"}],"wp:attachment":[{"href":"https:\/\/aquileingiro.net\/index.php?rest_route=%2Fwp%2Fv2%2Fmedia&parent=5278"}],"wp:term":[{"taxonomy":"category","embeddable":true,"href":"https:\/\/aquileingiro.net\/index.php?rest_route=%2Fwp%2Fv2%2Fcategories&post=5278"},{"taxonomy":"post_tag","embeddable":true,"href":"https:\/\/aquileingiro.net\/index.php?rest_route=%2Fwp%2Fv2%2Ftags&post=5278"}],"curies":[{"name":"wp","href":"https:\/\/api.w.org\/{rel}","templated":true}]}}