{"id":5588,"date":"2026-04-14T19:03:55","date_gmt":"2026-04-14T17:03:55","guid":{"rendered":"https:\/\/aquileingiro.net\/?p=5588"},"modified":"2026-04-15T09:41:46","modified_gmt":"2026-04-15T07:41:46","slug":"il-saluto-motociclistico-chi-e-davvero-un-vero-motociclista","status":"publish","type":"post","link":"https:\/\/aquileingiro.net\/?p=5588","title":{"rendered":"Il saluto motociclistico: chi \u00e8 davvero un \u201cvero\u201d motociclista?"},"content":{"rendered":"\n<h2 class=\"wp-block-heading\">Il saluto motociclistico: rito, leggenda e l&#8217;identit\u00e0 del &#8220;vero&#8221; centauro<\/h2>\n\n\n\n<div style=\"height:61px\" aria-hidden=\"true\" class=\"wp-block-spacer\"><\/div>\n\n\n\n<p>Il saluto motociclistico \u00e8 uno dei gesti pi\u00f9 semplici e, allo stesso tempo, pi\u00f9 carichi di significato che esistano nel mondo delle due ruote. Due dita abbassate, un cenno del casco, a volte appena percettibile: un codice non scritto che attraversa generazioni, cilindrate, marchi e stili di guida. Eppure, proprio attorno a questo gesto universale, nasce spesso una domanda meno semplice: chi \u00e8 davvero un \u201cvero\u201d motociclista?<br>Mi saluti ? Ti saluto ? Se si , perch\u00e8? No ? Per come ?<br><\/p>\n\n\n\n<div style=\"height:33px\" aria-hidden=\"true\" class=\"wp-block-spacer\"><\/div>\n\n\n\n<h6 class=\"wp-block-heading\">Un gesto semplice, un significato profondo<br>Il saluto motociclistico \u00e8 uno dei simboli pi\u00f9 riconoscibili di chi vive le due ruote. Due dita abbassate, un cenno del casco: un linguaggio silenzioso che unisce perfetti sconosciuti.<\/h6>\n\n\n\n<div style=\"height:54px\" aria-hidden=\"true\" class=\"wp-block-spacer\"><\/div>\n\n\n\n<p>C\u2019\u00e8 chi misura l\u2019autenticit\u00e0 in chilometri macinati, come se la passione fosse un contachilometri da esibire. Chi la lega alla velocit\u00e0, all\u2019adrenalina della piega perfetta o al cronometro in pista. Altri ancora la trovano nella distanza, nei viaggi lunghi, magari in solitaria, o nella capacit\u00e0 di affrontare sterrati e fango lontano dall\u2019asfalto. Chi alla &#8220;presunta&#8221; filosofia di un marchio. Ad una appartenenza spesso.<br>In queste visioni c\u2019\u00e8 sempre un tentativo \u2014 pi\u00f9 o meno consapevole \u2014 di tracciare un confine, di distinguere un \u201cdentro\u201d da un \u201cfuori\u201d. Un si e un no.<br><br><\/p>\n\n\n\n<div style=\"height:27px\" aria-hidden=\"true\" class=\"wp-block-spacer\"><\/div>\n\n\n\n<h6 class=\"wp-block-heading\">Chi \u00e8 davvero un motociclista?<br>C\u2019\u00e8 chi pensa che lo sia chi fa pi\u00f9 chilometri.<br>Chi va pi\u00f9 veloce.<br>Chi affronta viaggi lunghi o piste impegnative.<br>Chi pratica offroad.<br>Chi PARTECIPA AI RADUNI.<br>Chi VIAGGIA DA SOLO <br>CHI HA LA MOTO ULTIMA MODA <br>CHI HA LA MOTO DEMODE&#8217;<\/h6>\n\n\n\n<p><br><br><br><\/p>\n\n\n\n<p>Mi viene in mente quella famosa ma lontana canzone di Rino Gaetano &#8220;Ma il cielo \u00e8 sempre pi\u00f9 blu&#8230;&#8230;&#8230;&#8230;&#8230;&#8230;.&#8221; Perch\u00e8 la Vita di queste divisioni se ne sbatte.<br><\/p>\n\n\n\n<p>Ognuna di queste visioni prova a definire un\u2019identit\u00e0, ma finisce poi per escludere qualcun altro. Se la prendi come verit\u00e0 &#8220;assoluta&#8221;.<\/p>\n\n\n\n<div style=\"height:52px\" aria-hidden=\"true\" class=\"wp-block-spacer\"><\/div>\n\n\n\n<p>Ma la verit\u00e0 \u00e8 che quel confine \u00e8 estremamente fragile, se non del tutto illusorio.<\/p>\n\n\n\n<p>La passione motociclistica non \u00e8 un parametro oggettivo: non si misura in chilometri, n\u00e9 in velocit\u00e0, n\u00e9 in difficolt\u00e0 del terreno. Non conta il marchio, la cilindrata, il modello , le prestazioni , gli anni. <br>Se non per te stesso e per quanto ti piaccia si intende. <br>\u00c8 qualcosa di profondamente personale, legato alle circostanze della vita, al tempo che si ha, alle possibilit\u00e0 economiche, persino al carattere. Alla scelta di apparire o non farlo.<br><br>C\u2019\u00e8 chi usa la moto ogni giorno per andare al lavoro e trova in quei pochi chilometri quotidiani un momento di libert\u00e0 autentica. C\u2019\u00e8 chi esce solo la domenica, ma vive quell\u2019uscita con un\u2019intensit\u00e0 totale. C\u2019\u00e8 chi sogna viaggi epici e li realizza e chi invece trova gioia nel giro dietro casa. <br><br><br>La mia anziana e saggia vicina di casa, montanara austriaca un giorno mi disse<br>&#8220;Non siamo nati tutti scalatori&#8221;&#8230; eppure ognuno vive la montagna.<br>Quanta saggezza. <br><br><br>Ci sono stati giorni in cui sono rimasto in sella per ore senza particolari sussulti e altri in cui poche ore sono bastati a colmare di emozioni lo spirito. E Viceversa. <br><br>Una passione personale, non \u00e8 una gara.<br>La realt\u00e0 secondo me \u00e8 molto pi\u00f9 semplice: <strong>la passione per la moto non \u00e8 misurabile<\/strong>.<br>Non penso sia vero che chi usa la moto 12 mesi all&#8217;anno sia <br>Non \u00e8 nei numeri, ma nelle sensazioni.<\/p>\n\n\n\n<p>C\u2019\u00e8 chi usa la moto ogni giorno e chi solo la domenica.<br>Chi cerca l\u2019adrenalina e chi la tranquillit\u00e0.<br>Chi viaggia lontano e chi resta vicino casa.<\/p>\n\n\n\n<p>Tutte queste esperienze sono autentiche.<br><\/p>\n\n\n\n<p>Tutte queste esperienze sono vere. E allo stesso tempo, nessuna pu\u00f2 arrogarsi il diritto di esserlo pi\u00f9 delle altre.<\/p>\n\n\n\n<p>Il rischio nasce quando si cerca di trasformare una passione in una gerarchia: quando il piacere personale diventa confronto, e il confronto diventa giudizio. In quel momento si perde qualcosa di essenziale. Perch\u00e9 la moto, prima di essere prestazione, \u00e8 emozione. Prima di essere tecnica, \u00e8 sensazione. \u00c8 vento, rumore, concentrazione, fuga, presenza. \u00c8 una relazione intima tra persona e mezzo, difficile da spiegare a chi non la vive.<\/p>\n\n\n\n<div style=\"height:26px\" aria-hidden=\"true\" class=\"wp-block-spacer\"><\/div>\n\n\n\n<p>Il vero significato del saluto motociclistico<br>Quel gesto non serve a stabilire chi \u00e8 \u201cpi\u00f9 motociclista\u201d.<br>\u00c8 un riconoscimento reciproco.<\/p>\n\n\n\n<p>Un semplice:<br>\u201cso cosa stai provando.\u201d (Credo..)<\/p>\n\n\n\n<div style=\"height:33px\" aria-hidden=\"true\" class=\"wp-block-spacer\"><\/div>\n\n\n\n<p>E forse \u00e8 proprio questo il senso pi\u00f9 autentico del saluto motociclistico: non un riconoscimento di \u201cmerito\u201d, ma un riconoscimento di appartenenza. Non importa quanto vai veloce, quanto lontano, o dove. In quel gesto c\u2019\u00e8 un \u201cso cosa stai provando\u201d, anche se le strade che percorriamo sono completamente diverse.<\/p>\n\n\n\n<p>In fondo, essere motociclista non \u00e8 qualcosa che si dimostra agli altri. \u00c8 qualcosa che senti. E proprio per questo, tutte le definizioni sono vere \u2014 e nessuna lo \u00e8 davvero.<\/p>\n\n\n\n<div style=\"height:54px\" aria-hidden=\"true\" class=\"wp-block-spacer\"><\/div>\n\n\n\n<figure class=\"wp-block-image size-large\"><img loading=\"lazy\" decoding=\"async\" width=\"1024\" height=\"572\" src=\"https:\/\/aquileingiro.net\/wp-content\/uploads\/2026\/04\/saluti-1024x572.png\" alt=\"Vignetta umoristica in stile Jacovitti intitolata &quot;Il Super-Saluto del Motociclista Universale!&quot;. Un motociclista barbuto con dieci braccia (simile a una divinit\u00e0 Khali) guida una custom e saluta contemporaneamente, con varie gesta e strumenti, una folla di altri motociclisti che arrivano nel senso opposto. Il paesaggio rurale \u00e8 ricco di dettagli assurdi come salami volanti, pesci, piccioni parlanti e funghi con la faccia, con fumetti in italiano.\" class=\"wp-image-5592\" srcset=\"https:\/\/aquileingiro.net\/wp-content\/uploads\/2026\/04\/saluti-1024x572.png 1024w, https:\/\/aquileingiro.net\/wp-content\/uploads\/2026\/04\/saluti-300x167.png 300w, https:\/\/aquileingiro.net\/wp-content\/uploads\/2026\/04\/saluti-768x429.png 768w, https:\/\/aquileingiro.net\/wp-content\/uploads\/2026\/04\/saluti.png 1376w\" sizes=\"auto, (max-width: 1024px) 100vw, 1024px\" \/><\/figure>\n","protected":false},"excerpt":{"rendered":"<p>Il saluto motociclistico: rito, leggenda e l&#8217;identit\u00e0 del &#8220;vero&#8221; centauro Il saluto motociclistico \u00e8 uno dei gesti pi\u00f9 semplici e, allo stesso tempo, pi\u00f9 carichi di significato che esistano nel [&hellip;]<\/p>\n","protected":false},"author":1,"featured_media":5589,"comment_status":"closed","ping_status":"open","sticky":false,"template":"","format":"standard","meta":{"_eb_attr":"","advgb_blocks_editor_width":"","advgb_blocks_columns_visual_guide":"","_monsterinsights_skip_tracking":false,"_monsterinsights_sitenote_active":false,"_monsterinsights_sitenote_note":"","_monsterinsights_sitenote_category":0,"_uf_show_specific_survey":0,"_uf_disable_surveys":false,"_EventAllDay":false,"_EventTimezone":"","_EventStartDate":"","_EventEndDate":"","_EventStartDateUTC":"","_EventEndDateUTC":"","_EventShowMap":false,"_EventShowMapLink":false,"_EventURL":"","_EventCost":"","_EventCostDescription":"","_EventCurrencySymbol":"","_EventCurrencyCode":"","_EventCurrencyPosition":"","_EventDateTimeSeparator":"","_EventTimeRangeSeparator":"","_EventOrganizerID":[],"_EventVenueID":[],"_OrganizerEmail":"","_OrganizerPhone":"","_OrganizerWebsite":"","_VenueAddress":"","_VenueCity":"","_VenueCountry":"","_VenueProvince":"","_VenueState":"","_VenueZip":"","_VenuePhone":"","_VenueURL":"","_VenueStateProvince":"","_VenueLat":"","_VenueLng":"","_VenueShowMap":false,"_VenueShowMapLink":false,"footnotes":""},"categories":[1],"tags":[127,126,128,125,123,124],"class_list":["post-5588","post","type-post","status-publish","format-standard","has-post-thumbnail","hentry","category-blog","tag-comunita-motociclisti","tag-cultura-motociclistica","tag-filosofia-moto","tag-passione-moto","tag-saluto-motociclistico","tag-vero-motociclista"],"aioseo_notices":[],"author_meta":{"display_name":"aquileingiro.net","author_link":"https:\/\/aquileingiro.net\/?author=1"},"featured_img":"https:\/\/aquileingiro.net\/wp-content\/uploads\/2026\/04\/multimoto-300x167.png","coauthors":[],"tax_additional":{"categories":{"linked":["<a href=\"https:\/\/aquileingiro.net\/?cat=1\" class=\"advgb-post-tax-term\">Blog<\/a>"],"unlinked":["<span class=\"advgb-post-tax-term\">Blog<\/span>"]},"tags":{"linked":["<a href=\"https:\/\/aquileingiro.net\/?cat=1\" class=\"advgb-post-tax-term\">comunit\u00e0 motociclisti<\/a>","<a href=\"https:\/\/aquileingiro.net\/?cat=1\" class=\"advgb-post-tax-term\">cultura motociclistica<\/a>","<a href=\"https:\/\/aquileingiro.net\/?cat=1\" class=\"advgb-post-tax-term\">filosofia moto<\/a>","<a href=\"https:\/\/aquileingiro.net\/?cat=1\" class=\"advgb-post-tax-term\">passione moto<\/a>","<a href=\"https:\/\/aquileingiro.net\/?cat=1\" class=\"advgb-post-tax-term\">saluto motociclistico<\/a>","<a href=\"https:\/\/aquileingiro.net\/?cat=1\" class=\"advgb-post-tax-term\">vero motociclista<\/a>"],"unlinked":["<span class=\"advgb-post-tax-term\">comunit\u00e0 motociclisti<\/span>","<span class=\"advgb-post-tax-term\">cultura motociclistica<\/span>","<span class=\"advgb-post-tax-term\">filosofia moto<\/span>","<span class=\"advgb-post-tax-term\">passione moto<\/span>","<span class=\"advgb-post-tax-term\">saluto motociclistico<\/span>","<span class=\"advgb-post-tax-term\">vero motociclista<\/span>"]}},"comment_count":"0","relative_dates":{"created":"Pubblicato 2 settimane fa","modified":"Aggiornato 2 settimane fa"},"absolute_dates":{"created":"Pubblicato il 14\/04\/2026","modified":"Aggiornato il 15\/04\/2026"},"absolute_dates_time":{"created":"Pubblicato il 14\/04\/2026 19:03","modified":"Aggiornato il 15\/04\/2026 09:41"},"featured_img_caption":"","series_order":"","_links":{"self":[{"href":"https:\/\/aquileingiro.net\/index.php?rest_route=\/wp\/v2\/posts\/5588","targetHints":{"allow":["GET"]}}],"collection":[{"href":"https:\/\/aquileingiro.net\/index.php?rest_route=\/wp\/v2\/posts"}],"about":[{"href":"https:\/\/aquileingiro.net\/index.php?rest_route=\/wp\/v2\/types\/post"}],"author":[{"embeddable":true,"href":"https:\/\/aquileingiro.net\/index.php?rest_route=\/wp\/v2\/users\/1"}],"replies":[{"embeddable":true,"href":"https:\/\/aquileingiro.net\/index.php?rest_route=%2Fwp%2Fv2%2Fcomments&post=5588"}],"version-history":[{"count":5,"href":"https:\/\/aquileingiro.net\/index.php?rest_route=\/wp\/v2\/posts\/5588\/revisions"}],"predecessor-version":[{"id":5597,"href":"https:\/\/aquileingiro.net\/index.php?rest_route=\/wp\/v2\/posts\/5588\/revisions\/5597"}],"wp:featuredmedia":[{"embeddable":true,"href":"https:\/\/aquileingiro.net\/index.php?rest_route=\/wp\/v2\/media\/5589"}],"wp:attachment":[{"href":"https:\/\/aquileingiro.net\/index.php?rest_route=%2Fwp%2Fv2%2Fmedia&parent=5588"}],"wp:term":[{"taxonomy":"category","embeddable":true,"href":"https:\/\/aquileingiro.net\/index.php?rest_route=%2Fwp%2Fv2%2Fcategories&post=5588"},{"taxonomy":"post_tag","embeddable":true,"href":"https:\/\/aquileingiro.net\/index.php?rest_route=%2Fwp%2Fv2%2Ftags&post=5588"}],"curies":[{"name":"wp","href":"https:\/\/api.w.org\/{rel}","templated":true}]}}